

 
{"id":3428,"date":"2015-10-24T11:57:14","date_gmt":"2015-10-24T09:57:14","guid":{"rendered":"https:\/\/cuscub.wordpress.com\/?p=3428"},"modified":"2015-10-24T11:57:14","modified_gmt":"2015-10-24T09:57:14","slug":"nou-apunt-al-blog-la-bbc-de-carles-de-rossello","status":"publish","type":"post","link":"https:\/\/www.ub.edu\/cusc\/nou-apunt-al-blog-la-bbc-de-carles-de-rossello\/","title":{"rendered":"Nou apunt al blog La BBC de Carles de Rossell\u00f3"},"content":{"rendered":"<p style=\"text-align:justify;\"><a href=\"http:\/\/www.ub.edu\/cusc\/web\/wp-content\/uploads\/2014\/01\/la-bbc.jpg\"><img loading=\"lazy\" decoding=\"async\" class=\"alignright size-large wp-image-1892\" src=\"http:\/\/www.ub.edu\/cusc\/web\/wp-content\/uploads\/2014\/01\/la-bbc.jpg?w=625\" alt=\"la BBC\" width=\"625\" height=\"69\" srcset=\"https:\/\/www.ub.edu\/cusc\/wp-content\/uploads\/2014\/01\/la-bbc.jpg 732w, https:\/\/www.ub.edu\/cusc\/wp-content\/uploads\/2014\/01\/la-bbc-300x33.jpg 300w, https:\/\/www.ub.edu\/cusc\/wp-content\/uploads\/2014\/01\/la-bbc-285x32.jpg 285w\" sizes=\"auto, (max-width: 625px) 100vw, 625px\" \/><\/a><\/p>\n<p style=\"text-align:justify;\">Abans de les passades eleccions del 27 de setembre de 2015 al Parlament de Catalunya, Carles de Rossell\u00f3 va publicar al seu blog, <a href=\"http:\/\/www.labbc.cat\/\" target=\"_blank\" rel=\"noopener noreferrer\">La BBC: blog de socioling\u00fc\u00edstica<\/a>, un apunt sobre les noves persepctives per al catal\u00e0 a partir d&#8217;aquestes eleccions. En aquest apunt l&#8217;autor tamb\u00e9 parla sobre la situaci\u00f3 en la qual quedarien el castell\u00e0, l&#8217;aran\u00e8s i les altres lleng\u00fces que es parlen a Catalunya.<\/p>\n<blockquote>\n<p style=\"text-align:justify;\">La independ\u00e8ncia permetria crear un nou marc jur\u00eddic, socioling\u00fc\u00edstic i mental en qu\u00e8 el catal\u00e0 podria accedir a \u00e0mbits reservats fins ara, de manera exclusiva, al castell\u00e0. De poc serviria constituir-nos com un estat i que el catal\u00e0 no esdevingu\u00e9s la llengua de treba\u00f1\u00f1 normal dels jutjats, dels hospitals, de les escoles i les universitats, de les empreses, dels mitjans de comunicaci\u00f3, etc. Tot aix\u00f2 segurament no passaria en un breu termini de temps, per\u00f2 clarament ha de ser un escenari al qual cal aspirar en un estat que, ara s\u00ed, seria propici per al catal\u00e0.<br \/>\nFont: \u00ab27S: una oportunitat per al catal\u00e0, de Carles de Rossell\u00f2\u00bb &#8211; La BBC<\/p>\n<\/blockquote>\n<div><\/div>\n<p>Podeu llegir el text complet a trav\u00e9s del seg\u00fcent enlla\u00e7: <a href=\"http:\/\/www.labbc.cat\/27s-una-oportunitat-per-al-catala\/\" target=\"_blank\" rel=\"noopener noreferrer\">27S: una oportunitat per al catal\u00e0<\/a><\/p>\n<p>&nbsp;<\/p>\n","protected":false},"excerpt":{"rendered":"<p>Abans de les passades eleccions del 27 de setembre de 2015 al Parlament de Catalunya, Carles de Rossell\u00f3 va publicar al seu blog, La BBC: blog de socioling\u00fc\u00edstica, un apunt [&hellip;]<\/p>\n","protected":false},"author":2,"featured_media":0,"comment_status":"closed","ping_status":"closed","sticky":false,"template":"","format":"standard","meta":{"_acf_changed":false,"footnotes":""},"categories":[25],"tags":[],"class_list":["post-3428","post","type-post","status-publish","format-standard","hentry","category-recursos"],"acf":[],"_links":{"self":[{"href":"https:\/\/www.ub.edu\/cusc\/wp-json\/wp\/v2\/posts\/3428","targetHints":{"allow":["GET"]}}],"collection":[{"href":"https:\/\/www.ub.edu\/cusc\/wp-json\/wp\/v2\/posts"}],"about":[{"href":"https:\/\/www.ub.edu\/cusc\/wp-json\/wp\/v2\/types\/post"}],"author":[{"embeddable":true,"href":"https:\/\/www.ub.edu\/cusc\/wp-json\/wp\/v2\/users\/2"}],"replies":[{"embeddable":true,"href":"https:\/\/www.ub.edu\/cusc\/wp-json\/wp\/v2\/comments?post=3428"}],"version-history":[{"count":0,"href":"https:\/\/www.ub.edu\/cusc\/wp-json\/wp\/v2\/posts\/3428\/revisions"}],"wp:attachment":[{"href":"https:\/\/www.ub.edu\/cusc\/wp-json\/wp\/v2\/media?parent=3428"}],"wp:term":[{"taxonomy":"category","embeddable":true,"href":"https:\/\/www.ub.edu\/cusc\/wp-json\/wp\/v2\/categories?post=3428"},{"taxonomy":"post_tag","embeddable":true,"href":"https:\/\/www.ub.edu\/cusc\/wp-json\/wp\/v2\/tags?post=3428"}],"curies":[{"name":"wp","href":"https:\/\/api.w.org\/{rel}","templated":true}]}}