

 
{"id":3432,"date":"2015-10-14T12:10:12","date_gmt":"2015-10-14T10:10:12","guid":{"rendered":"https:\/\/cuscub.wordpress.com\/?p=3432"},"modified":"2015-10-14T12:10:12","modified_gmt":"2015-10-14T10:10:12","slug":"3a-edicio-del-premi-filcat-ub-2016","status":"publish","type":"post","link":"https:\/\/www.ub.edu\/cusc\/3a-edicio-del-premi-filcat-ub-2016\/","title":{"rendered":"3a edici\u00f3 del Premi FilCat.UB (2016)"},"content":{"rendered":"<p style=\"text-align:justify;\"><a href=\"http:\/\/www.ub.edu\/cusc\/web\/wp-content\/uploads\/2014\/11\/filcat.png\"><img loading=\"lazy\" decoding=\"async\" class=\"alignright size-large wp-image-2996\" src=\"http:\/\/www.ub.edu\/cusc\/web\/wp-content\/uploads\/2014\/11\/filcat.png?w=625\" alt=\"Filcat\" width=\"625\" height=\"105\" srcset=\"https:\/\/www.ub.edu\/cusc\/wp-content\/uploads\/2014\/11\/filcat.png 1032w, https:\/\/www.ub.edu\/cusc\/wp-content\/uploads\/2014\/11\/filcat-300x51.png 300w, https:\/\/www.ub.edu\/cusc\/wp-content\/uploads\/2014\/11\/filcat-1024x173.png 1024w, https:\/\/www.ub.edu\/cusc\/wp-content\/uploads\/2014\/11\/filcat-768x129.png 768w, https:\/\/www.ub.edu\/cusc\/wp-content\/uploads\/2014\/11\/filcat-800x135.png 800w, https:\/\/www.ub.edu\/cusc\/wp-content\/uploads\/2014\/11\/filcat-285x48.png 285w\" sizes=\"auto, (max-width: 625px) 100vw, 625px\" \/><\/a><\/p>\n<p style=\"text-align:justify;\">Enguany se celebra la <a href=\"http:\/\/stel.ub.edu\/filologiacatalana\/noticies\/premi-filcatub-2016\" target=\"_blank\" rel=\"noopener noreferrer\">3a edici\u00f3 del Premi FilCat-UB (2016)<\/a> organitzat pel <a href=\"http:\/\/stel.ub.edu\/filologiacatalana\/\" target=\"_blank\" rel=\"noopener noreferrer\">Departament de Filologia Catalana <\/a>de la Universitat de Barcelona. El Premi FilCat.UB, adre\u00e7at a alumnes de segon de batxillerat, atorga,\u00a0amb el suport de l&#8217;Editorial Cru\u00eflla, tres premis per a cada modalitat, llengua i literatura, a treballs de recerca defensats dins del curs 2015-2016.<\/p>\n<p style=\"text-align:justify;\">Podeu consultar les bases de la convocat\u00f2ria a trav\u00e9s del seg\u00fcent enlla\u00e7: <a href=\"http:\/\/stel.ub.edu\/filologiacatalana\/sites\/default\/files\/webfm\/br_diptic_filcat.pdf\" target=\"_blank\" rel=\"noopener noreferrer\">Bases<\/a><\/p>\n<p><a href=\"http:\/\/www.ub.edu\/cusc\/web\/wp-content\/uploads\/2015\/10\/filcat-ub.png\"><img loading=\"lazy\" decoding=\"async\" class=\"wp-image-3433 aligncenter\" src=\"http:\/\/www.ub.edu\/cusc\/web\/wp-content\/uploads\/2015\/10\/filcat-ub.png\" alt=\"FIlcat UB\" width=\"434\" height=\"613\" srcset=\"https:\/\/www.ub.edu\/cusc\/wp-content\/uploads\/2015\/10\/filcat-ub.png 492w, https:\/\/www.ub.edu\/cusc\/wp-content\/uploads\/2015\/10\/filcat-ub-213x300.png 213w, https:\/\/www.ub.edu\/cusc\/wp-content\/uploads\/2015\/10\/filcat-ub-273x385.png 273w, https:\/\/www.ub.edu\/cusc\/wp-content\/uploads\/2015\/10\/filcat-ub-145x204.png 145w\" sizes=\"auto, (max-width: 434px) 100vw, 434px\" \/><\/a><\/p>\n<p>&nbsp;<\/p>\n","protected":false},"excerpt":{"rendered":"<p>Enguany se celebra la 3a edici\u00f3 del Premi FilCat-UB (2016) organitzat pel Departament de Filologia Catalana de la Universitat de Barcelona. El Premi FilCat.UB, adre\u00e7at a alumnes de segon de [&hellip;]<\/p>\n","protected":false},"author":2,"featured_media":0,"comment_status":"closed","ping_status":"closed","sticky":false,"template":"","format":"standard","meta":{"_acf_changed":false,"footnotes":""},"categories":[25],"tags":[30],"class_list":["post-3432","post","type-post","status-publish","format-standard","hentry","category-recursos","tag-sociolinguistica-educativa"],"acf":[],"_links":{"self":[{"href":"https:\/\/www.ub.edu\/cusc\/wp-json\/wp\/v2\/posts\/3432","targetHints":{"allow":["GET"]}}],"collection":[{"href":"https:\/\/www.ub.edu\/cusc\/wp-json\/wp\/v2\/posts"}],"about":[{"href":"https:\/\/www.ub.edu\/cusc\/wp-json\/wp\/v2\/types\/post"}],"author":[{"embeddable":true,"href":"https:\/\/www.ub.edu\/cusc\/wp-json\/wp\/v2\/users\/2"}],"replies":[{"embeddable":true,"href":"https:\/\/www.ub.edu\/cusc\/wp-json\/wp\/v2\/comments?post=3432"}],"version-history":[{"count":0,"href":"https:\/\/www.ub.edu\/cusc\/wp-json\/wp\/v2\/posts\/3432\/revisions"}],"wp:attachment":[{"href":"https:\/\/www.ub.edu\/cusc\/wp-json\/wp\/v2\/media?parent=3432"}],"wp:term":[{"taxonomy":"category","embeddable":true,"href":"https:\/\/www.ub.edu\/cusc\/wp-json\/wp\/v2\/categories?post=3432"},{"taxonomy":"post_tag","embeddable":true,"href":"https:\/\/www.ub.edu\/cusc\/wp-json\/wp\/v2\/tags?post=3432"}],"curies":[{"name":"wp","href":"https:\/\/api.w.org\/{rel}","templated":true}]}}