

 
{"id":3435,"date":"2015-10-19T12:34:59","date_gmt":"2015-10-19T10:34:59","guid":{"rendered":"https:\/\/cuscub.wordpress.com\/?p=3435"},"modified":"2021-07-22T09:50:45","modified_gmt":"2021-07-22T07:50:45","slug":"seminari-de-sociolinguistica-i-politica-linguistica-del-cusc","status":"publish","type":"post","link":"https:\/\/www.ub.edu\/cusc\/seminari-de-sociolinguistica-i-politica-linguistica-del-cusc\/","title":{"rendered":"Seminari de socioling\u00fc\u00edstica i pol\u00edtica ling\u00fc\u00edstica del CUSC"},"content":{"rendered":"<p style=\"text-align:justify;\"><a href=\"http:\/\/www.ub.edu\/cusc\/web\/wp-content\/uploads\/2015\/02\/blog-del-seminari.png\"><img loading=\"lazy\" decoding=\"async\" class=\"alignright size-large wp-image-3094\" src=\"http:\/\/www.ub.edu\/cusc\/web\/wp-content\/uploads\/2015\/02\/blog-del-seminari.png?w=625\" alt=\"Blog del seminari\" width=\"625\" height=\"101\" srcset=\"https:\/\/www.ub.edu\/cusc\/wp-content\/uploads\/2015\/02\/blog-del-seminari.png 653w, https:\/\/www.ub.edu\/cusc\/wp-content\/uploads\/2015\/02\/blog-del-seminari-300x49.png 300w, https:\/\/www.ub.edu\/cusc\/wp-content\/uploads\/2015\/02\/blog-del-seminari-285x46.png 285w\" sizes=\"auto, (max-width: 625px) 100vw, 625px\" \/><\/a><\/p>\n<p style=\"text-align:justify;\">El proper 30 d&#8217;octubre de 2015 tindr\u00e0 lloc la segona sessi\u00f3 del Seminari de socioling\u00fc\u00edstica i pol\u00edtica ling\u00fc\u00edstica del CUSC. En aquesta ocasi\u00f3 la sessi\u00f3, titulada\u00a0\u00abAlgunes observacions sobre la immersi\u00f3 a Montreal (Quebec)\u00bb, anir\u00e0 a c\u00e0rrec del Dr. Lloren\u00e7 Comajoan (UVic).\u00a0<span dir=\"ltr\"><br \/>\n<\/span><\/p>\n<p>L&#8217;acte tindr\u00e0 lloc a les 12h, a l&#8217;aula 0.2 de l&#8217;edifici Josep Carner de la UB.<\/p>\n<p><span dir=\"ltr\">\u00a0<\/span><\/p>\n","protected":false},"excerpt":{"rendered":"<p>El proper 30 d&#8217;octubre de 2015 tindr\u00e0 lloc la segona sessi\u00f3 del Seminari de socioling\u00fc\u00edstica i pol\u00edtica ling\u00fc\u00edstica del CUSC. En aquesta ocasi\u00f3 la sessi\u00f3, titulada\u00a0\u00abAlgunes observacions sobre la immersi\u00f3 [&hellip;]<\/p>\n","protected":false},"author":2,"featured_media":0,"comment_status":"closed","ping_status":"closed","sticky":false,"template":"","format":"standard","meta":{"_acf_changed":false,"footnotes":""},"categories":[21,22],"tags":[30],"class_list":["post-3435","post","type-post","status-publish","format-standard","hentry","category-actes","category-actes-organitzats","tag-sociolinguistica-educativa"],"acf":[],"_links":{"self":[{"href":"https:\/\/www.ub.edu\/cusc\/wp-json\/wp\/v2\/posts\/3435","targetHints":{"allow":["GET"]}}],"collection":[{"href":"https:\/\/www.ub.edu\/cusc\/wp-json\/wp\/v2\/posts"}],"about":[{"href":"https:\/\/www.ub.edu\/cusc\/wp-json\/wp\/v2\/types\/post"}],"author":[{"embeddable":true,"href":"https:\/\/www.ub.edu\/cusc\/wp-json\/wp\/v2\/users\/2"}],"replies":[{"embeddable":true,"href":"https:\/\/www.ub.edu\/cusc\/wp-json\/wp\/v2\/comments?post=3435"}],"version-history":[{"count":0,"href":"https:\/\/www.ub.edu\/cusc\/wp-json\/wp\/v2\/posts\/3435\/revisions"}],"wp:attachment":[{"href":"https:\/\/www.ub.edu\/cusc\/wp-json\/wp\/v2\/media?parent=3435"}],"wp:term":[{"taxonomy":"category","embeddable":true,"href":"https:\/\/www.ub.edu\/cusc\/wp-json\/wp\/v2\/categories?post=3435"},{"taxonomy":"post_tag","embeddable":true,"href":"https:\/\/www.ub.edu\/cusc\/wp-json\/wp\/v2\/tags?post=3435"}],"curies":[{"name":"wp","href":"https:\/\/api.w.org\/{rel}","templated":true}]}}