

 
{"id":3455,"date":"2015-10-20T11:07:52","date_gmt":"2015-10-20T09:07:52","guid":{"rendered":"https:\/\/cuscub.wordpress.com\/?p=3455"},"modified":"2015-10-20T11:07:52","modified_gmt":"2015-10-20T09:07:52","slug":"i-jornada-joan-sola","status":"publish","type":"post","link":"https:\/\/www.ub.edu\/cusc\/i-jornada-joan-sola\/","title":{"rendered":"I Jornada Joan Sol\u00e0"},"content":{"rendered":"<p style=\"text-align:justify;\"><a href=\"http:\/\/www.ub.edu\/cusc\/web\/wp-content\/uploads\/2015\/10\/i-jornada.png\"><img loading=\"lazy\" decoding=\"async\" class=\"alignright size-large wp-image-3456\" src=\"http:\/\/www.ub.edu\/cusc\/web\/wp-content\/uploads\/2015\/10\/i-jornada.png?w=625\" alt=\"I Jornada\" width=\"625\" height=\"89\" srcset=\"https:\/\/www.ub.edu\/cusc\/wp-content\/uploads\/2015\/10\/i-jornada.png 680w, https:\/\/www.ub.edu\/cusc\/wp-content\/uploads\/2015\/10\/i-jornada-300x43.png 300w, https:\/\/www.ub.edu\/cusc\/wp-content\/uploads\/2015\/10\/i-jornada-285x41.png 285w\" sizes=\"auto, (max-width: 625px) 100vw, 625px\" \/><\/a><\/p>\n<p style=\"text-align:justify;\">Amb motiu del cinqu\u00e8 aniversari de la mort del ling\u00fcista Joan Sol\u00e0, el 27 d\u2019octubre del 2010, el <a href=\"http:\/\/stel.ub.edu\/filologiacatalana\/\" target=\"_blank\" rel=\"noopener noreferrer\">Departament de Filologia Catalana<\/a> de la Universitat de Barcelona, del qual va ser professor, ha organitzat una jornada que tractar\u00e0 diversos temes relacionats amb la seva aportaci\u00f3 a la ling\u00fc\u00edstica catalana. L&#8217;organitzaci\u00f3 de la jornada compta, a m\u00e9s, amb la col\u00b7laboraci\u00f3 de la Facultat de Filologia de la Universitat de Barcelona, del <a href=\"http:\/\/cultura.gencat.cat\/es\" target=\"_blank\" rel=\"noopener noreferrer\">Depatament de Cultura de la Generalitat de Catalunya<\/a> i del <a href=\"http:\/\/www.ub.edu\/GEV\/\" target=\"_blank\" rel=\"noopener noreferrer\">Grup d&#8217;Estudi de la Variaci\u00f3<\/a>.<\/p>\n<p style=\"text-align:justify;\">La jornada se celebrar\u00e0 a l&#8217;aula Capella de la Facultat de Filologia el proper 13 de novembre de 2015 (10.00h &#8211; 17.30h).<\/p>\n<p style=\"text-align:justify;\"><a href=\"http:\/\/www.ub.edu\/cusc\/web\/wp-content\/uploads\/2015\/10\/i-jornada-joan-solc3a0.jpg\"><img loading=\"lazy\" decoding=\"async\" class=\"size-large wp-image-3457 aligncenter\" src=\"http:\/\/www.ub.edu\/cusc\/web\/wp-content\/uploads\/2015\/10\/i-jornada-joan-solc3a0.jpg?w=625\" alt=\"I Jornada Joan Sol\u00e0\" width=\"625\" height=\"407\" srcset=\"https:\/\/www.ub.edu\/cusc\/wp-content\/uploads\/2015\/10\/i-jornada-joan-solc3a0.jpg 984w, https:\/\/www.ub.edu\/cusc\/wp-content\/uploads\/2015\/10\/i-jornada-joan-solc3a0-300x195.jpg 300w, https:\/\/www.ub.edu\/cusc\/wp-content\/uploads\/2015\/10\/i-jornada-joan-solc3a0-768x500.jpg 768w, https:\/\/www.ub.edu\/cusc\/wp-content\/uploads\/2015\/10\/i-jornada-joan-solc3a0-591x385.jpg 591w, https:\/\/www.ub.edu\/cusc\/wp-content\/uploads\/2015\/10\/i-jornada-joan-solc3a0-285x186.jpg 285w\" sizes=\"auto, (max-width: 625px) 100vw, 625px\" \/><\/a><\/p>\n<p>M\u00e9s informaci\u00f3: <a href=\"http:\/\/stel.ub.edu\/filologiacatalana\/sites\/default\/files\/webfm\/cartell_i_jornadajsdef.pdf\" target=\"_blank\" rel=\"noopener noreferrer\">I Jornada Joan Sol\u00e0 &#8211; Departament de Filologia Catalana UB<br \/>\nCartell <\/a><br \/>\n<a href=\"http:\/\/stel.ub.edu\/filologiacatalana\/sites\/default\/files\/webfm\/diptic_i_jornadajs.pdf\" target=\"_blank\" rel=\"noopener noreferrer\">Programa<\/a><\/p>\n","protected":false},"excerpt":{"rendered":"<p>Amb motiu del cinqu\u00e8 aniversari de la mort del ling\u00fcista Joan Sol\u00e0, el 27 d\u2019octubre del 2010, el Departament de Filologia Catalana de la Universitat de Barcelona, del qual va [&hellip;]<\/p>\n","protected":false},"author":2,"featured_media":0,"comment_status":"closed","ping_status":"closed","sticky":false,"template":"","format":"standard","meta":{"_acf_changed":false,"footnotes":""},"categories":[21],"tags":[],"class_list":["post-3455","post","type-post","status-publish","format-standard","hentry","category-actes"],"acf":[],"_links":{"self":[{"href":"https:\/\/www.ub.edu\/cusc\/wp-json\/wp\/v2\/posts\/3455","targetHints":{"allow":["GET"]}}],"collection":[{"href":"https:\/\/www.ub.edu\/cusc\/wp-json\/wp\/v2\/posts"}],"about":[{"href":"https:\/\/www.ub.edu\/cusc\/wp-json\/wp\/v2\/types\/post"}],"author":[{"embeddable":true,"href":"https:\/\/www.ub.edu\/cusc\/wp-json\/wp\/v2\/users\/2"}],"replies":[{"embeddable":true,"href":"https:\/\/www.ub.edu\/cusc\/wp-json\/wp\/v2\/comments?post=3455"}],"version-history":[{"count":0,"href":"https:\/\/www.ub.edu\/cusc\/wp-json\/wp\/v2\/posts\/3455\/revisions"}],"wp:attachment":[{"href":"https:\/\/www.ub.edu\/cusc\/wp-json\/wp\/v2\/media?parent=3455"}],"wp:term":[{"taxonomy":"category","embeddable":true,"href":"https:\/\/www.ub.edu\/cusc\/wp-json\/wp\/v2\/categories?post=3455"},{"taxonomy":"post_tag","embeddable":true,"href":"https:\/\/www.ub.edu\/cusc\/wp-json\/wp\/v2\/tags?post=3455"}],"curies":[{"name":"wp","href":"https:\/\/api.w.org\/{rel}","templated":true}]}}