

 
{"id":3461,"date":"2015-10-27T16:21:44","date_gmt":"2015-10-27T14:21:44","guid":{"rendered":"https:\/\/cuscub.wordpress.com\/?p=3461"},"modified":"2015-10-27T16:21:44","modified_gmt":"2015-10-27T14:21:44","slug":"el-moment-de-la-llengua-algunes-previsions-sobre-el-paper-public-dels-debats-linguistics-durant-el-curs-2015-16-sobretot-a-catalunya-article-de-f-xavier-vila-al-blog-de-la-revista-de-llengua","status":"publish","type":"post","link":"https:\/\/www.ub.edu\/cusc\/el-moment-de-la-llengua-algunes-previsions-sobre-el-paper-public-dels-debats-linguistics-durant-el-curs-2015-16-sobretot-a-catalunya-article-de-f-xavier-vila-al-blog-de-la-revista-de-llengua\/","title":{"rendered":"&#8220;El moment de la llengua? Algunes previsions sobre el paper p\u00fablic dels debats ling\u00fc\u00edstics durant el curs 2015-16 (sobretot a Catalunya)&#8221;, article de F. Xavier Vila al Blog de la Revista de Llengua i Dret"},"content":{"rendered":"<p style=\"text-align:justify;\"><a href=\"http:\/\/www.ub.edu\/cusc\/web\/wp-content\/uploads\/2014\/01\/llengua-i-dret-blog.jpg\"><img loading=\"lazy\" decoding=\"async\" class=\"alignright size-large wp-image-1763\" src=\"http:\/\/www.ub.edu\/cusc\/web\/wp-content\/uploads\/2014\/01\/llengua-i-dret-blog.jpg?w=625\" alt=\"Llengua i dret blog\" width=\"625\" height=\"96\" srcset=\"https:\/\/www.ub.edu\/cusc\/wp-content\/uploads\/2014\/01\/llengua-i-dret-blog.jpg 875w, https:\/\/www.ub.edu\/cusc\/wp-content\/uploads\/2014\/01\/llengua-i-dret-blog-300x46.jpg 300w, https:\/\/www.ub.edu\/cusc\/wp-content\/uploads\/2014\/01\/llengua-i-dret-blog-768x118.jpg 768w, https:\/\/www.ub.edu\/cusc\/wp-content\/uploads\/2014\/01\/llengua-i-dret-blog-800x123.jpg 800w, https:\/\/www.ub.edu\/cusc\/wp-content\/uploads\/2014\/01\/llengua-i-dret-blog-285x44.jpg 285w\" sizes=\"auto, (max-width: 625px) 100vw, 625px\" \/><\/a><\/p>\n<p style=\"text-align:justify;\">El passat dijous, 22 d&#8217;octubre de 2015, es va publicar un nou apunt al <a href=\"http:\/\/blocs.gencat.cat\/blocs\/AppPHP\/eapc-rld\/\" target=\"_blank\" rel=\"noopener noreferrer\">Blog de la Revista de Llengua i Dret<\/a>, titulat \u00abEl moment de la llengua? Algunes previsions sobre el paper p\u00fablic dels debats ling\u00fc\u00edstics durant el curs 2015-2016 (sobretot a Catalunya)\u00bb. L&#8217;autor d&#8217;aquest darrer apunt \u00e9s F. Xavier Vila i Moreno (CUSC-UB).<\/p>\n<blockquote>\n<p style=\"text-align:justify;\">Les propostes insinuades fins ara, com la d\u2019incentivar l\u2019aprenentatge del catal\u00e0 als centres de secund\u00e0ria fora de Catalunya, la de permetre l\u2019\u00fas del catal\u00e0 al Senat, o la d\u2019incloure les lleng\u00fces oficials perif\u00e8riques en alguns usos b\u00e0sicament simb\u00f2lics com puguin ser la moneda o els missatges de la Corona s\u00f3n tan inn\u00f2cues que no poden considerar-se ni tan sols un tractament \u00a0<em>cosm\u00e8tic<\/em>per als reptes del catal\u00e0 en el segle XXI. I aix\u00f2 que l\u2019Estat tindria un marge molt considerable per a comen\u00e7ar a oferir millores substancials en l\u2019<em>statu quo<\/em> fins i tot sense modificar la legislaci\u00f3 vigent. Posats a proposar mesures de f\u00e0cil realitzaci\u00f3, podria retirar els recursos presentats contra les lleis catalanes d\u2019immigraci\u00f3, d\u2019educaci\u00f3 i de l\u2019occit\u00e0 aran\u00e8s per q\u00fcestions ling\u00fc\u00edstiques.<br \/>\nFont: &#8220;El moment de la llengua? Algunes previsions sobre el paper p\u00fablic dels debats ling\u00fc\u00edstics davant del curs 2015-2016 (sobretot a Catalunya)&#8221; &#8211; F. Xavier Vila (Blog de la Revista de Llengua i Dret 22\/10\/15)<\/p>\n<\/blockquote>\n<p style=\"text-align:justify;\">Podeu llegir l&#8217;article sencer a trav\u00e9s del seg\u00fcent enlla\u00e7: <a href=\"http:\/\/blocs.gencat.cat\/blocs\/AppPHP\/eapc-rld\/2015\/10\/22\/el-moment-de-la-llengua-algunes-previsions-sobre-el-paper-public-dels-debats-linguistics-durant-el-curs-2015-16-sobretot-a-catalunya-%E2%80%93-f-xavier-vila\/#more-723\" target=\"_blank\" rel=\"noopener noreferrer\">Blog de la Revista de Llengua i Dret 22\/10\/15<\/a><\/p>\n","protected":false},"excerpt":{"rendered":"<p>El passat dijous, 22 d&#8217;octubre de 2015, es va publicar un nou apunt al Blog de la Revista de Llengua i Dret, titulat \u00abEl moment de la llengua? Algunes previsions [&hellip;]<\/p>\n","protected":false},"author":2,"featured_media":0,"comment_status":"closed","ping_status":"closed","sticky":false,"template":"","format":"standard","meta":{"_acf_changed":false,"footnotes":""},"categories":[24],"tags":[],"class_list":["post-3461","post","type-post","status-publish","format-standard","hentry","category-presencia-als-mitjans"],"acf":[],"_links":{"self":[{"href":"https:\/\/www.ub.edu\/cusc\/wp-json\/wp\/v2\/posts\/3461","targetHints":{"allow":["GET"]}}],"collection":[{"href":"https:\/\/www.ub.edu\/cusc\/wp-json\/wp\/v2\/posts"}],"about":[{"href":"https:\/\/www.ub.edu\/cusc\/wp-json\/wp\/v2\/types\/post"}],"author":[{"embeddable":true,"href":"https:\/\/www.ub.edu\/cusc\/wp-json\/wp\/v2\/users\/2"}],"replies":[{"embeddable":true,"href":"https:\/\/www.ub.edu\/cusc\/wp-json\/wp\/v2\/comments?post=3461"}],"version-history":[{"count":0,"href":"https:\/\/www.ub.edu\/cusc\/wp-json\/wp\/v2\/posts\/3461\/revisions"}],"wp:attachment":[{"href":"https:\/\/www.ub.edu\/cusc\/wp-json\/wp\/v2\/media?parent=3461"}],"wp:term":[{"taxonomy":"category","embeddable":true,"href":"https:\/\/www.ub.edu\/cusc\/wp-json\/wp\/v2\/categories?post=3461"},{"taxonomy":"post_tag","embeddable":true,"href":"https:\/\/www.ub.edu\/cusc\/wp-json\/wp\/v2\/tags?post=3461"}],"curies":[{"name":"wp","href":"https:\/\/api.w.org\/{rel}","templated":true}]}}