

 
{"id":3553,"date":"2015-12-07T14:12:14","date_gmt":"2015-12-07T12:12:14","guid":{"rendered":"https:\/\/cuscub.wordpress.com\/?p=3553"},"modified":"2015-12-07T14:12:14","modified_gmt":"2015-12-07T12:12:14","slug":"lenquesta-de-joves-de-barcelona-2015-algunes-reflexions-sociolinguistiques-nou-apunt-al-blog-amb-certa-calma-questions-de-llengua-i-societat","status":"publish","type":"post","link":"https:\/\/www.ub.edu\/cusc\/lenquesta-de-joves-de-barcelona-2015-algunes-reflexions-sociolinguistiques-nou-apunt-al-blog-amb-certa-calma-questions-de-llengua-i-societat\/","title":{"rendered":"&#8220;L\u2019Enquesta de joves de Barcelona 2015: algunes reflexions socioling\u00fc\u00edstiques&#8221;, nou apunt al blog &#8220;Amb certa calma &#8211; q\u00fcestions de llengua i societat&#8221;"},"content":{"rendered":"<p style=\"text-align:justify;\"><a href=\"http:\/\/www.ub.edu\/cusc\/web\/wp-content\/uploads\/2015\/12\/ejb.png\" rel=\"attachment wp-att-3554\"><img loading=\"lazy\" decoding=\"async\" class=\"alignright size-large wp-image-3554\" src=\"http:\/\/www.ub.edu\/cusc\/web\/wp-content\/uploads\/2015\/12\/ejb.png?w=625\" alt=\"EJB\" width=\"625\" height=\"37\" srcset=\"https:\/\/www.ub.edu\/cusc\/wp-content\/uploads\/2015\/12\/ejb.png 921w, https:\/\/www.ub.edu\/cusc\/wp-content\/uploads\/2015\/12\/ejb-300x18.png 300w, https:\/\/www.ub.edu\/cusc\/wp-content\/uploads\/2015\/12\/ejb-768x45.png 768w, https:\/\/www.ub.edu\/cusc\/wp-content\/uploads\/2015\/12\/ejb-800x47.png 800w, https:\/\/www.ub.edu\/cusc\/wp-content\/uploads\/2015\/12\/ejb-285x17.png 285w\" sizes=\"auto, (max-width: 625px) 100vw, 625px\" \/><\/a><\/p>\n<p style=\"text-align:justify;\">El passat divendres 4 de desembre de 2015 <a href=\"https:\/\/fxvila.wordpress.com\/\" target=\"_blank\" rel=\"noopener noreferrer\">F. Xavier Vila<\/a> va publicar al seu blog <em><a href=\"http:\/\/slcat.blogspot.com.es\/\" target=\"_blank\" rel=\"noopener noreferrer\">Amb certa calma &#8211; q\u00fcestions de llengua i societat<\/a> <\/em>un apunt titulat <a href=\"http:\/\/slcat.blogspot.com.es\/2015\/12\/lenquesta-de-joves-de-barcelona-2015.html\" target=\"_blank\" rel=\"noopener noreferrer\">\u00abL&#8217;enquesta de joves de Barcelona 2015: algunes reflexions socioling\u00fc\u00edstiques\u00bb<\/a>.<\/p>\n<p style=\"text-align:justify;\">En aquest apunt, F. Xavier Vila analitza els aspectes socioling\u00fc\u00edstics m\u00e9s rellevants de les dades publicades a l&#8217;<a href=\"http:\/\/premsa.bcn.cat\/wp-content\/uploads\/2015\/12\/Enquesta-Joves-2015.pdf\" target=\"_blank\" rel=\"noopener noreferrer\">Enquesta de joves de Barcelona 2015<\/a>.<\/p>\n<blockquote>\n<p style=\"text-align:justify;\">En primer lloc, la difer\u00e8ncia m\u00e9s notable entre el mapa que dibuixava l\u2019any passat i el de la Barcelona jove del 2015 \u00e9s que pr\u00e0cticament tota la ciutat es configura com un espai on els joves de llengua habitual catalana i castellana conviuen en proporcions for\u00e7a similars. [&#8230;]. La segona conclusi\u00f3 de l\u2019an\u00e0lisi per barris \u00e9s que, des d\u2019un punt de vista territorial, la Barcelona amb escassa pres\u00e8ncia de catal\u00e0 \u00e9s molt m\u00e9s redu\u00efda \u2014i perif\u00e8rica\u2014 del que suggerien les dades per districtes. En realitat, la Barcelona jove <em>descatalanitzada<\/em> es limita a dues \u00e0rees clarament definides i geogr\u00e0ficament perif\u00e8rica: d\u2019una banda, l\u2019\u00e0rea del Raval, Port i Zona Franca; d\u2019una altra, Nou Barris (m\u00e9s l\u2019illot del Carmel) i els barris encarats al Bes\u00f2s.<\/p>\n<\/blockquote>\n<p>&nbsp;<\/p>\n","protected":false},"excerpt":{"rendered":"<p>El passat divendres 4 de desembre de 2015 F. Xavier Vila va publicar al seu blog Amb certa calma &#8211; q\u00fcestions de llengua i societat un apunt titulat \u00abL&#8217;enquesta de [&hellip;]<\/p>\n","protected":false},"author":2,"featured_media":0,"comment_status":"closed","ping_status":"closed","sticky":false,"template":"","format":"standard","meta":{"_acf_changed":false,"footnotes":""},"categories":[24,25],"tags":[32,31],"class_list":["post-3553","post","type-post","status-publish","format-standard","hentry","category-presencia-als-mitjans","category-recursos","tag-demolinguistica","tag-ideologies-linguistiques"],"acf":[],"_links":{"self":[{"href":"https:\/\/www.ub.edu\/cusc\/wp-json\/wp\/v2\/posts\/3553","targetHints":{"allow":["GET"]}}],"collection":[{"href":"https:\/\/www.ub.edu\/cusc\/wp-json\/wp\/v2\/posts"}],"about":[{"href":"https:\/\/www.ub.edu\/cusc\/wp-json\/wp\/v2\/types\/post"}],"author":[{"embeddable":true,"href":"https:\/\/www.ub.edu\/cusc\/wp-json\/wp\/v2\/users\/2"}],"replies":[{"embeddable":true,"href":"https:\/\/www.ub.edu\/cusc\/wp-json\/wp\/v2\/comments?post=3553"}],"version-history":[{"count":0,"href":"https:\/\/www.ub.edu\/cusc\/wp-json\/wp\/v2\/posts\/3553\/revisions"}],"wp:attachment":[{"href":"https:\/\/www.ub.edu\/cusc\/wp-json\/wp\/v2\/media?parent=3553"}],"wp:term":[{"taxonomy":"category","embeddable":true,"href":"https:\/\/www.ub.edu\/cusc\/wp-json\/wp\/v2\/categories?post=3553"},{"taxonomy":"post_tag","embeddable":true,"href":"https:\/\/www.ub.edu\/cusc\/wp-json\/wp\/v2\/tags?post=3553"}],"curies":[{"name":"wp","href":"https:\/\/api.w.org\/{rel}","templated":true}]}}