

 
{"id":3594,"date":"2016-01-15T13:51:11","date_gmt":"2016-01-15T11:51:11","guid":{"rendered":"https:\/\/cuscub.wordpress.com\/?p=3594"},"modified":"2016-01-15T13:51:11","modified_gmt":"2016-01-15T11:51:11","slug":"accessible-el-video-del-seminari-complexica-7-seminaris-per-a-la-transdisciplinarietat-sobre-norbert-elias","status":"publish","type":"post","link":"https:\/\/www.ub.edu\/cusc\/accessible-el-video-del-seminari-complexica-7-seminaris-per-a-la-transdisciplinarietat-sobre-norbert-elias\/","title":{"rendered":"Accessible el v\u00eddeo del seminari &#8220;Compl\u00e8xica 7 &#8211; Seminaris per a la transdisciplinarietat&#8221; sobre Norbert Elias"},"content":{"rendered":"<p>Ja podeu consultar el v\u00eddeo del set\u00e8 seminari de la s\u00e8rie <em><a href=\"http:\/\/www.sociocomplexitat.ub.edu\/grup-de-complexitat-comunicacio-i-sociolingueistica\/activitats\/complexica---seminaris-per-a-la-transdisciplinarietat\" target=\"_blank\" rel=\"noopener noreferrer\">Compl\u00e8ixca &#8211; Seminaris per a la transdisciplinarietat<\/a><\/em>, a c\u00e0rrec de Jordi Collet Sab\u00e9 (universitat de Vic &#8211; UCC i University College of London) que es va celebrar el 2 de desembre de 2015.<\/p>\n<p>[youtube https:\/\/www.youtube.com\/watch?v=-NXsCnfIuZA&#038;w=560&#038;h=315]<\/p>\n","protected":false},"excerpt":{"rendered":"<p>Ja podeu consultar el v\u00eddeo del set\u00e8 seminari de la s\u00e8rie Compl\u00e8ixca &#8211; Seminaris per a la transdisciplinarietat, a c\u00e0rrec de Jordi Collet Sab\u00e9 (universitat de Vic &#8211; UCC i [&hellip;]<\/p>\n","protected":false},"author":2,"featured_media":0,"comment_status":"closed","ping_status":"closed","sticky":false,"template":"","format":"standard","meta":{"_acf_changed":false,"footnotes":""},"categories":[25],"tags":[],"class_list":["post-3594","post","type-post","status-publish","format-standard","hentry","category-recursos"],"acf":[],"_links":{"self":[{"href":"https:\/\/www.ub.edu\/cusc\/wp-json\/wp\/v2\/posts\/3594","targetHints":{"allow":["GET"]}}],"collection":[{"href":"https:\/\/www.ub.edu\/cusc\/wp-json\/wp\/v2\/posts"}],"about":[{"href":"https:\/\/www.ub.edu\/cusc\/wp-json\/wp\/v2\/types\/post"}],"author":[{"embeddable":true,"href":"https:\/\/www.ub.edu\/cusc\/wp-json\/wp\/v2\/users\/2"}],"replies":[{"embeddable":true,"href":"https:\/\/www.ub.edu\/cusc\/wp-json\/wp\/v2\/comments?post=3594"}],"version-history":[{"count":0,"href":"https:\/\/www.ub.edu\/cusc\/wp-json\/wp\/v2\/posts\/3594\/revisions"}],"wp:attachment":[{"href":"https:\/\/www.ub.edu\/cusc\/wp-json\/wp\/v2\/media?parent=3594"}],"wp:term":[{"taxonomy":"category","embeddable":true,"href":"https:\/\/www.ub.edu\/cusc\/wp-json\/wp\/v2\/categories?post=3594"},{"taxonomy":"post_tag","embeddable":true,"href":"https:\/\/www.ub.edu\/cusc\/wp-json\/wp\/v2\/tags?post=3594"}],"curies":[{"name":"wp","href":"https:\/\/api.w.org\/{rel}","templated":true}]}}