

 
{"id":4129,"date":"2016-04-07T11:19:21","date_gmt":"2016-04-07T09:19:21","guid":{"rendered":"https:\/\/cuscub.wordpress.com\/?p=4129"},"modified":"2016-04-07T11:19:21","modified_gmt":"2016-04-07T09:19:21","slug":"debat-del-catala-esta-en-perill-pot-existir-el-bilinguisme-equilibrat-amb-el-castella","status":"publish","type":"post","link":"https:\/\/www.ub.edu\/cusc\/debat-del-catala-esta-en-perill-pot-existir-el-bilinguisme-equilibrat-amb-el-castella\/","title":{"rendered":"Debat del catal\u00e0: Est\u00e0 en perill? Pot existir el biling\u00fcisme equilibrat amb el castell\u00e0?"},"content":{"rendered":"<p style=\"text-align:justify;\">Ahir, 6 d&#8217;abril de 2016, Catalunya R\u00e0dio va retransmetre al programa El Mat\u00ed, condu\u00eft per M\u00f2nica Tarribes, el &#8220;Debat del catal\u00e0: Est\u00e0 en perill? Pot existir el biling\u00fcisme equilibrat amb el castell\u00e0?&#8221;, en el qual van participar F. Xavier Vila i Moreno (CUSC-UB), Llu\u00eds Cabrera (fundador del Taller de M\u00fasics i impulsor de la plataforma &#8220;Altres Andalusos&#8221;), Carme Junyent (GELA-UB) i Llu\u00eds de Yzaguirre (Grup Koin\u00e9).<\/p>\n<p style=\"text-align:justify;\">El debat es va produir despr\u00e9s que el Grup Koin\u00e9 va presentar l&#8217;1 d&#8217;abril el manifest <a href=\"http:\/\/www.ara.cat\/2016\/03\/29\/Manifest_Koine.pdf?hash=fa6b3faff6dcdd06e79bda60116563e14a26b7dc\" target=\"_blank\" rel=\"noopener noreferrer\">&#8220;Per un veritable proc\u00e9s de normalitzaci\u00f3 ling\u00fc\u00edstica a la Catalunya independent&#8221;<\/a> i que un grup de professionals dels \u00e0mbits de la socioling\u00fc\u00edstica i la pol\u00edtica ling\u00fc\u00edstica publiquessin l&#8217;article <a href=\"http:\/\/www.ara.cat\/opinio\/Precisions-manifest-del-Grup-Koine_0_1553844670.html\" target=\"_blank\" rel=\"noopener noreferrer\">\u00abPrecisions al manifest del Grup Koin\u00e9\u00bb<\/a>, el passat 5 d&#8217;abril.<\/p>\n<p style=\"text-align:justify;\">Podeu accedir al v\u00eddeo del debat a trav\u00e9s del seg\u00fcent enlla\u00e7: <a href=\"http:\/\/www.ccma.cat\/catradio\/alacarta\/el-mati-de-catalunya-radio\/debat-del-catala-esta-en-perill-pot-existir-el-bilinguisme-equilibrat-amb-el-castella\/audio\/916471\/\" target=\"_blank\" rel=\"noopener noreferrer\">Debat del catal\u00e0: Est\u00e0 en perill? Pot existit el biling\u00fcisme equilibrat amb el castell\u00e0?<\/a><\/p>\n<p style=\"text-align:justify;\">\n<p style=\"text-align:justify;\"><img loading=\"lazy\" decoding=\"async\" class=\"  wp-image-4146 aligncenter\" src=\"http:\/\/www.ub.edu\/cusc\/web\/wp-content\/uploads\/2016\/04\/cat-radio.png\" alt=\"Cat Radio\" width=\"621\" height=\"313\" srcset=\"https:\/\/www.ub.edu\/cusc\/wp-content\/uploads\/2016\/04\/cat-radio.png 665w, https:\/\/www.ub.edu\/cusc\/wp-content\/uploads\/2016\/04\/cat-radio-300x151.png 300w, https:\/\/www.ub.edu\/cusc\/wp-content\/uploads\/2016\/04\/cat-radio-285x144.png 285w\" sizes=\"auto, (max-width: 621px) 100vw, 621px\" \/><\/p>\n<p>&nbsp;<\/p>\n","protected":false},"excerpt":{"rendered":"<p>Ahir, 6 d&#8217;abril de 2016, Catalunya R\u00e0dio va retransmetre al programa El Mat\u00ed, condu\u00eft per M\u00f2nica Tarribes, el &#8220;Debat del catal\u00e0: Est\u00e0 en perill? Pot existir el biling\u00fcisme equilibrat amb [&hellip;]<\/p>\n","protected":false},"author":2,"featured_media":0,"comment_status":"closed","ping_status":"closed","sticky":false,"template":"","format":"standard","meta":{"_acf_changed":false,"footnotes":""},"categories":[24,29],"tags":[31,39],"class_list":["post-4129","post","type-post","status-publish","format-standard","hentry","category-presencia-als-mitjans","category-uncategorized","tag-ideologies-linguistiques","tag-politica-linguistica"],"acf":[],"_links":{"self":[{"href":"https:\/\/www.ub.edu\/cusc\/wp-json\/wp\/v2\/posts\/4129","targetHints":{"allow":["GET"]}}],"collection":[{"href":"https:\/\/www.ub.edu\/cusc\/wp-json\/wp\/v2\/posts"}],"about":[{"href":"https:\/\/www.ub.edu\/cusc\/wp-json\/wp\/v2\/types\/post"}],"author":[{"embeddable":true,"href":"https:\/\/www.ub.edu\/cusc\/wp-json\/wp\/v2\/users\/2"}],"replies":[{"embeddable":true,"href":"https:\/\/www.ub.edu\/cusc\/wp-json\/wp\/v2\/comments?post=4129"}],"version-history":[{"count":0,"href":"https:\/\/www.ub.edu\/cusc\/wp-json\/wp\/v2\/posts\/4129\/revisions"}],"wp:attachment":[{"href":"https:\/\/www.ub.edu\/cusc\/wp-json\/wp\/v2\/media?parent=4129"}],"wp:term":[{"taxonomy":"category","embeddable":true,"href":"https:\/\/www.ub.edu\/cusc\/wp-json\/wp\/v2\/categories?post=4129"},{"taxonomy":"post_tag","embeddable":true,"href":"https:\/\/www.ub.edu\/cusc\/wp-json\/wp\/v2\/tags?post=4129"}],"curies":[{"name":"wp","href":"https:\/\/api.w.org\/{rel}","templated":true}]}}