

 
{"id":4239,"date":"2016-04-22T10:30:42","date_gmt":"2016-04-22T08:30:42","guid":{"rendered":"https:\/\/cuscub.wordpress.com\/?p=4239"},"modified":"2016-04-22T10:30:42","modified_gmt":"2016-04-22T08:30:42","slug":"la-ciutat-multilingue-barcelona-metropolis","status":"publish","type":"post","link":"https:\/\/www.ub.edu\/cusc\/la-ciutat-multilingue-barcelona-metropolis\/","title":{"rendered":"La ciutat multiling\u00fce &#8211; Barcelona Metr\u00f2polis"},"content":{"rendered":"<p>La revista <em>Barcelona Metr\u00f2polis <\/em>publicava ahir, 21 d&#8217;abril de 2016, un dossier monogr\u00e0fic sobre Barcelona i el multiling\u00fcisme, titulat\u00a0<em><a href=\"http:\/\/lameva.barcelona.cat\/bcnmetropolis\/monografic\/la-ciutat-multilingue\/\" target=\"_blank\" rel=\"noopener noreferrer\">La ciutat multiling\u00fce<\/a>,\u00a0<\/em>i que inclou diversos articles de membres del CUSC-UB:<\/p>\n<ul>\n<li>F. Xavier Vila: <a href=\"http:\/\/lameva.barcelona.cat\/bcnmetropolis\/dossier\/una-historia-amb-moltes-llengues\/\" target=\"_blank\" rel=\"noopener noreferrer\">\u00abUna hist\u00f2ria amb moltes lleng\u00fces\u00bb<\/a><\/li>\n<li>Vanessa Bretxa: <a href=\"http:\/\/lameva.barcelona.cat\/bcnmetropolis\/dossier\/la-gestio-de-les-llengues-a-les-aules\/\" target=\"_blank\" rel=\"noopener noreferrer\">\u00abLa gesti\u00f3 de les lleng\u00fces a l&#8217;aula\u00bb <\/a><\/li>\n<li>Albert Bastardas: <a href=\"http:\/\/lameva.barcelona.cat\/bcnmetropolis\/dossier\/ciutats-polilingues-i-sostenibilitat-linguistica-a-lera-glocal\/\" target=\"_blank\" rel=\"noopener noreferrer\">\u00abCiutats poliling\u00fces i sostenibilitat ling\u00fc\u00edstica a l&#8217;era &#8216;glocal&#8217;\u00bb<\/a><\/li>\n<li>Emili Boix: <a href=\"http:\/\/lameva.barcelona.cat\/bcnmetropolis\/dossier\/entre-el-caos-i-la-salvacio\/\" target=\"_blank\" rel=\"noopener noreferrer\">\u00abEntre el caos i la salvaci\u00f3\u00bb<\/a><\/li>\n<\/ul>\n<blockquote>\n<p style=\"text-align:justify;\">Una ciutat multiling\u00fce demana una pol\u00edtica espec\u00edfica que atengui adequadament la seva realitat. A Barcelona, aqu\u00ed hi ha, sens dubte, molt terreny per c\u00f3rrer. Entre totes les lleng\u00fces presents, el castell\u00e0 \u00e9s la que t\u00e9 els millors \u00edndexs de coneixement, la que domina en el sistema comunicatiu i la que funciona com a instrument de relaci\u00f3 entre barcelonins de naixen\u00e7a i d\u2019adopci\u00f3, fins i tot als patis de les escoles. Res no suggereix que els barcelonins no l\u2019aprenguin, com mostra el fet que \u00e9s la primera, molt sovint l\u2019\u00fanica, que adquireixen els nouvinguts.<\/p>\n<p style=\"text-align:justify;\">Ben diferent \u00e9s, per contra, la situaci\u00f3 del catal\u00e0. Des de la fi de la dictadura, la llengua hist\u00f2rica de la ciutat s\u2019ha reintrodu\u00eft en \u00e0mbits institucionals, per\u00f2 li queda un repte formidable: recuperar el m\u00f3n de la proximitat. El castell\u00e0 tindr\u00e0 sempre un valor com a eina de comunicaci\u00f3 amb la resta del m\u00f3n hisp\u00e0nic, per\u00f2 el catal\u00e0 nom\u00e9s pot mantenir-se si recobra protagonisme com a llengua de carrer, d\u2019amistats, de relacions interpersonals.<br \/>\nFont: Una hist\u00f2ria amb moltes lleng\u00fces &#8211; Barcelona Metr\u00f2polis (21\/04\/2016)<\/p>\n<\/blockquote>\n","protected":false},"excerpt":{"rendered":"<p>La revista Barcelona Metr\u00f2polis publicava ahir, 21 d&#8217;abril de 2016, un dossier monogr\u00e0fic sobre Barcelona i el multiling\u00fcisme, titulat\u00a0La ciutat multiling\u00fce,\u00a0i que inclou diversos articles de membres del CUSC-UB: F. [&hellip;]<\/p>\n","protected":false},"author":2,"featured_media":0,"comment_status":"closed","ping_status":"closed","sticky":false,"template":"","format":"standard","meta":{"_acf_changed":false,"footnotes":""},"categories":[24,29],"tags":[32,39,30],"class_list":["post-4239","post","type-post","status-publish","format-standard","hentry","category-presencia-als-mitjans","category-uncategorized","tag-demolinguistica","tag-politica-linguistica","tag-sociolinguistica-educativa"],"acf":[],"_links":{"self":[{"href":"https:\/\/www.ub.edu\/cusc\/wp-json\/wp\/v2\/posts\/4239","targetHints":{"allow":["GET"]}}],"collection":[{"href":"https:\/\/www.ub.edu\/cusc\/wp-json\/wp\/v2\/posts"}],"about":[{"href":"https:\/\/www.ub.edu\/cusc\/wp-json\/wp\/v2\/types\/post"}],"author":[{"embeddable":true,"href":"https:\/\/www.ub.edu\/cusc\/wp-json\/wp\/v2\/users\/2"}],"replies":[{"embeddable":true,"href":"https:\/\/www.ub.edu\/cusc\/wp-json\/wp\/v2\/comments?post=4239"}],"version-history":[{"count":0,"href":"https:\/\/www.ub.edu\/cusc\/wp-json\/wp\/v2\/posts\/4239\/revisions"}],"wp:attachment":[{"href":"https:\/\/www.ub.edu\/cusc\/wp-json\/wp\/v2\/media?parent=4239"}],"wp:term":[{"taxonomy":"category","embeddable":true,"href":"https:\/\/www.ub.edu\/cusc\/wp-json\/wp\/v2\/categories?post=4239"},{"taxonomy":"post_tag","embeddable":true,"href":"https:\/\/www.ub.edu\/cusc\/wp-json\/wp\/v2\/tags?post=4239"}],"curies":[{"name":"wp","href":"https:\/\/api.w.org\/{rel}","templated":true}]}}