

 
{"id":424,"date":"2011-04-08T11:30:27","date_gmt":"2011-04-08T09:30:27","guid":{"rendered":"http:\/\/cuscub.wordpress.com\/?p=424"},"modified":"2011-04-08T11:30:27","modified_gmt":"2011-04-08T09:30:27","slug":"a-bastardas-imparteix-el-seminari-de-lecologia-a-la-sostenibilitat-linguistiques-del-marc-teoric-al-propositiu-i-practic","status":"publish","type":"post","link":"https:\/\/www.ub.edu\/cusc\/a-bastardas-imparteix-el-seminari-de-lecologia-a-la-sostenibilitat-linguistiques-del-marc-teoric-al-propositiu-i-practic\/","title":{"rendered":"A. Bastardas imparteix el seminari \u00abDe l&#8217;ecologia a la sostenibilitat ling\u00fc\u00edstiques: del marc te\u00f2ric al propositiu i pr\u00e0ctic\u00bb"},"content":{"rendered":"<p style=\"text-align:justify;\">Albert Bastardas impartir\u00e0 el seminari \u00abDe l&#8217;ecologia a la sostenibilitat ling\u00fc\u00edstiques: del marc te\u00f2ric al propositiu i pr\u00e0ctic\u00bb, en la jornada <em>Hizkuntza-ekologia eta lurralde euskaldunak<\/em>, que es far\u00e0 a Donostia el 13 d&#8217;abril.<\/p>\n<p style=\"text-align:justify;\">Podeu trobar-ne m\u00e9s informaci\u00f3 <a href=\"http:\/\/www.soziolinguistika.org\/node\/5099\" target=\"_blank\" rel=\"noopener noreferrer\">aqu\u00ed<\/a>.<\/p>\n<p style=\"text-align:justify;\"><a href=\"http:\/\/www.ub.edu\/cusc\/web\/wp-content\/uploads\/2011\/04\/topaketa.png\"><img loading=\"lazy\" decoding=\"async\" class=\"alignright size-full wp-image-426\" title=\"Topaketa\" src=\"http:\/\/www.ub.edu\/cusc\/web\/wp-content\/uploads\/2011\/04\/topaketa.png\" alt=\"\" width=\"500\" height=\"358\" srcset=\"https:\/\/www.ub.edu\/cusc\/wp-content\/uploads\/2011\/04\/topaketa.png 1018w, https:\/\/www.ub.edu\/cusc\/wp-content\/uploads\/2011\/04\/topaketa-300x215.png 300w, https:\/\/www.ub.edu\/cusc\/wp-content\/uploads\/2011\/04\/topaketa-768x551.png 768w, https:\/\/www.ub.edu\/cusc\/wp-content\/uploads\/2011\/04\/topaketa-537x385.png 537w, https:\/\/www.ub.edu\/cusc\/wp-content\/uploads\/2011\/04\/topaketa-285x204.png 285w\" sizes=\"auto, (max-width: 500px) 100vw, 500px\" \/><\/a><\/p>\n","protected":false},"excerpt":{"rendered":"<p>Albert Bastardas impartir\u00e0 el seminari \u00abDe l&#8217;ecologia a la sostenibilitat ling\u00fc\u00edstiques: del marc te\u00f2ric al propositiu i pr\u00e0ctic\u00bb, en la jornada Hizkuntza-ekologia eta lurralde euskaldunak, que es far\u00e0 a Donostia [&hellip;]<\/p>\n","protected":false},"author":2,"featured_media":0,"comment_status":"open","ping_status":"open","sticky":false,"template":"","format":"standard","meta":{"_acf_changed":false,"footnotes":""},"categories":[21,23],"tags":[],"class_list":["post-424","post","type-post","status-publish","format-standard","hentry","category-actes","category-participacio-a-actes"],"acf":[],"_links":{"self":[{"href":"https:\/\/www.ub.edu\/cusc\/wp-json\/wp\/v2\/posts\/424","targetHints":{"allow":["GET"]}}],"collection":[{"href":"https:\/\/www.ub.edu\/cusc\/wp-json\/wp\/v2\/posts"}],"about":[{"href":"https:\/\/www.ub.edu\/cusc\/wp-json\/wp\/v2\/types\/post"}],"author":[{"embeddable":true,"href":"https:\/\/www.ub.edu\/cusc\/wp-json\/wp\/v2\/users\/2"}],"replies":[{"embeddable":true,"href":"https:\/\/www.ub.edu\/cusc\/wp-json\/wp\/v2\/comments?post=424"}],"version-history":[{"count":0,"href":"https:\/\/www.ub.edu\/cusc\/wp-json\/wp\/v2\/posts\/424\/revisions"}],"wp:attachment":[{"href":"https:\/\/www.ub.edu\/cusc\/wp-json\/wp\/v2\/media?parent=424"}],"wp:term":[{"taxonomy":"category","embeddable":true,"href":"https:\/\/www.ub.edu\/cusc\/wp-json\/wp\/v2\/categories?post=424"},{"taxonomy":"post_tag","embeddable":true,"href":"https:\/\/www.ub.edu\/cusc\/wp-json\/wp\/v2\/tags?post=424"}],"curies":[{"name":"wp","href":"https:\/\/api.w.org\/{rel}","templated":true}]}}