

 
{"id":484,"date":"2011-04-11T10:40:53","date_gmt":"2011-04-11T08:40:53","guid":{"rendered":"http:\/\/cuscub.wordpress.com\/?p=484"},"modified":"2011-04-11T10:40:53","modified_gmt":"2011-04-11T08:40:53","slug":"m-r-lloret-participa-a-la-setmana-en-memoria-de-joan-sola","status":"publish","type":"post","link":"https:\/\/www.ub.edu\/cusc\/m-r-lloret-participa-a-la-setmana-en-memoria-de-joan-sola\/","title":{"rendered":"M. R. Lloret participa a la setmana en mem\u00f2ria de Joan Sol\u00e0"},"content":{"rendered":"<p><a href=\"http:\/\/www.ub.edu\/cusc\/web\/wp-content\/uploads\/2011\/04\/setmana-en-memc3b2ria-de-joan-solc3a0.png\"><img loading=\"lazy\" decoding=\"async\" title=\"Setmana en mem\u00f2ria de Joan Sol\u00e0\" src=\"http:\/\/www.ub.edu\/cusc\/web\/wp-content\/uploads\/2011\/04\/setmana-en-memc3b2ria-de-joan-solc3a0.png\" alt=\"\" width=\"500\" height=\"159\" \/><\/a><\/p>\n<p style=\"text-align:justify;\">Avui comencen les activitats de la setmana en mem\u00f2ria de Joan Sol\u00e0, <em>El llegat, l&#8217;estela i l&#8217;obrador de Joan Sol\u00e0 (1940-2010)<\/em>, que organitzen el departament de Filologia Catalana i Comunicaci\u00f3 de la Universitat de Lleida i l&#8217;Ajuntament de Bell-lloc d\u2019Urgell.<\/p>\n<p style=\"text-align:justify;\">Maria Rosa Lloret participar\u00e0, dimecres 13, a la secci\u00f3 sobre l&#8217;estela, en qu\u00e8 es presentar\u00e0 l&#8217;obra guanyadora del I Premi Internacional de Recerca en Filologia Catalana &#8216;Joan Sol\u00e0&#8217;<em>.<\/em><\/p>\n<p style=\"text-align:justify;\">Podeu veure&#8217;n el programa complet <a href=\"http:\/\/opencms3.udl.es\/serveis\/oficina\/Novetats\/2011\/joansola.html\" target=\"_blank\" rel=\"noopener noreferrer\">aqu\u00ed<\/a>.<em><br \/>\n<\/em><\/p>\n","protected":false},"excerpt":{"rendered":"<p>Avui comencen les activitats de la setmana en mem\u00f2ria de Joan Sol\u00e0, El llegat, l&#8217;estela i l&#8217;obrador de Joan Sol\u00e0 (1940-2010), que organitzen el departament de Filologia Catalana i Comunicaci\u00f3 [&hellip;]<\/p>\n","protected":false},"author":2,"featured_media":0,"comment_status":"open","ping_status":"open","sticky":false,"template":"","format":"standard","meta":{"_acf_changed":false,"footnotes":""},"categories":[21,23],"tags":[],"class_list":["post-484","post","type-post","status-publish","format-standard","hentry","category-actes","category-participacio-a-actes"],"acf":[],"_links":{"self":[{"href":"https:\/\/www.ub.edu\/cusc\/wp-json\/wp\/v2\/posts\/484","targetHints":{"allow":["GET"]}}],"collection":[{"href":"https:\/\/www.ub.edu\/cusc\/wp-json\/wp\/v2\/posts"}],"about":[{"href":"https:\/\/www.ub.edu\/cusc\/wp-json\/wp\/v2\/types\/post"}],"author":[{"embeddable":true,"href":"https:\/\/www.ub.edu\/cusc\/wp-json\/wp\/v2\/users\/2"}],"replies":[{"embeddable":true,"href":"https:\/\/www.ub.edu\/cusc\/wp-json\/wp\/v2\/comments?post=484"}],"version-history":[{"count":0,"href":"https:\/\/www.ub.edu\/cusc\/wp-json\/wp\/v2\/posts\/484\/revisions"}],"wp:attachment":[{"href":"https:\/\/www.ub.edu\/cusc\/wp-json\/wp\/v2\/media?parent=484"}],"wp:term":[{"taxonomy":"category","embeddable":true,"href":"https:\/\/www.ub.edu\/cusc\/wp-json\/wp\/v2\/categories?post=484"},{"taxonomy":"post_tag","embeddable":true,"href":"https:\/\/www.ub.edu\/cusc\/wp-json\/wp\/v2\/tags?post=484"}],"curies":[{"name":"wp","href":"https:\/\/api.w.org\/{rel}","templated":true}]}}