

 
{"id":4939,"date":"2016-10-04T12:36:48","date_gmt":"2016-10-04T10:36:48","guid":{"rendered":"https:\/\/cuscub.wordpress.com\/?p=4939"},"modified":"2016-10-04T12:36:48","modified_gmt":"2016-10-04T10:36:48","slug":"xavier-vila-opina-sobre-la-proposta-de-reforma-ortografica-anunciada-per-liec","status":"publish","type":"post","link":"https:\/\/www.ub.edu\/cusc\/xavier-vila-opina-sobre-la-proposta-de-reforma-ortografica-anunciada-per-liec\/","title":{"rendered":"Xavier Vila opina sobre la proposta de reforma ortogr\u00e0fica anunciada per l&#8217;IEC"},"content":{"rendered":"<p>El dijous 29 de setembre, l&#8217;Institut d&#8217;Estudis Catalans va fer p\u00fablica una proposta de reforma ortogr\u00e0fica del catal\u00e0 que ha sigut una gran font de debat durant aquests \u00faltims dies, sobretot a les xarxes socials.<\/p>\n<p>El professor Xavier Vila ha exposat la seva opini\u00f3 al respecte en el seu <a href=\"http:\/\/slcat.blogspot.com.es\/\">blog<\/a>.<\/p>\n<blockquote>\n<p style=\"padding-left:30px;\">Ras i curt, la direcci\u00f3 dels canvis -que s\u00f3n molt modestos, no ho oblidem- em sembla correcta per\u00f2 potser se&#8217;n podrien discutir alguns detalls. En aquest sentit, la reforma anunciada nom\u00e9s \u00e9s una proposta, i aix\u00f2 hauria de permetre acabar de polir-la tant com convingui.<\/p>\n<\/blockquote>\n","protected":false},"excerpt":{"rendered":"<p>El dijous 29 de setembre, l&#8217;Institut d&#8217;Estudis Catalans va fer p\u00fablica una proposta de reforma ortogr\u00e0fica del catal\u00e0 que ha sigut una gran font de debat durant aquests \u00faltims dies, [&hellip;]<\/p>\n","protected":false},"author":2,"featured_media":0,"comment_status":"closed","ping_status":"closed","sticky":false,"template":"","format":"standard","meta":{"_acf_changed":false,"footnotes":""},"categories":[24],"tags":[38],"class_list":["post-4939","post","type-post","status-publish","format-standard","hentry","category-presencia-als-mitjans","tag-iec"],"acf":[],"_links":{"self":[{"href":"https:\/\/www.ub.edu\/cusc\/wp-json\/wp\/v2\/posts\/4939","targetHints":{"allow":["GET"]}}],"collection":[{"href":"https:\/\/www.ub.edu\/cusc\/wp-json\/wp\/v2\/posts"}],"about":[{"href":"https:\/\/www.ub.edu\/cusc\/wp-json\/wp\/v2\/types\/post"}],"author":[{"embeddable":true,"href":"https:\/\/www.ub.edu\/cusc\/wp-json\/wp\/v2\/users\/2"}],"replies":[{"embeddable":true,"href":"https:\/\/www.ub.edu\/cusc\/wp-json\/wp\/v2\/comments?post=4939"}],"version-history":[{"count":0,"href":"https:\/\/www.ub.edu\/cusc\/wp-json\/wp\/v2\/posts\/4939\/revisions"}],"wp:attachment":[{"href":"https:\/\/www.ub.edu\/cusc\/wp-json\/wp\/v2\/media?parent=4939"}],"wp:term":[{"taxonomy":"category","embeddable":true,"href":"https:\/\/www.ub.edu\/cusc\/wp-json\/wp\/v2\/categories?post=4939"},{"taxonomy":"post_tag","embeddable":true,"href":"https:\/\/www.ub.edu\/cusc\/wp-json\/wp\/v2\/tags?post=4939"}],"curies":[{"name":"wp","href":"https:\/\/api.w.org\/{rel}","templated":true}]}}