

 
{"id":495,"date":"2011-04-21T12:37:41","date_gmt":"2011-04-21T10:37:41","guid":{"rendered":"http:\/\/cuscub.wordpress.com\/?p=495"},"modified":"2011-04-21T12:37:41","modified_gmt":"2011-04-21T10:37:41","slug":"la-intervencio-de-f-x-vila-al-col%c2%b7loqui-enseignement-en-langue-kurde-enjeux-et-problemes","status":"publish","type":"post","link":"https:\/\/www.ub.edu\/cusc\/la-intervencio-de-f-x-vila-al-col%c2%b7loqui-enseignement-en-langue-kurde-enjeux-et-problemes\/","title":{"rendered":"Intervenci\u00f3 de F. X. Vila al col\u00b7loqui \u00abEnseignement en langue kurde: Enjeux et probl\u00e8mes\u00bb"},"content":{"rendered":"<p style=\"text-align:justify;\">Ja podeu escoltar la intervenci\u00f3 de F. X. Vila a la taula rodona sobre experi\u00e8ncies de multiling\u00fcisme al col\u00b7loqui <em>Enseignement en langue kurde: Enjeux et\u00a0probl\u00e8mes<\/em>.<\/p>\n<p style=\"text-align:justify;\"><\/p>\n<p style=\"text-align:justify;\">Trobareu tots els enregistraments de les comunicacions de la resta de participants <a href=\"http:\/\/www.institutkurde.org\/conferences\/enseignement_en_langue_kurde\/programme.html\" target=\"_blank\" rel=\"noopener noreferrer\">aqu\u00ed<\/a>.<\/p>\n","protected":false},"excerpt":{"rendered":"<p>Ja podeu escoltar la intervenci\u00f3 de F. X. Vila a la taula rodona sobre experi\u00e8ncies de multiling\u00fcisme al col\u00b7loqui Enseignement en langue kurde: Enjeux et\u00a0probl\u00e8mes. Trobareu tots els enregistraments de [&hellip;]<\/p>\n","protected":false},"author":2,"featured_media":0,"comment_status":"open","ping_status":"open","sticky":false,"template":"","format":"standard","meta":{"_acf_changed":false,"footnotes":""},"categories":[21,23,25],"tags":[],"class_list":["post-495","post","type-post","status-publish","format-standard","hentry","category-actes","category-participacio-a-actes","category-recursos"],"acf":[],"_links":{"self":[{"href":"https:\/\/www.ub.edu\/cusc\/wp-json\/wp\/v2\/posts\/495","targetHints":{"allow":["GET"]}}],"collection":[{"href":"https:\/\/www.ub.edu\/cusc\/wp-json\/wp\/v2\/posts"}],"about":[{"href":"https:\/\/www.ub.edu\/cusc\/wp-json\/wp\/v2\/types\/post"}],"author":[{"embeddable":true,"href":"https:\/\/www.ub.edu\/cusc\/wp-json\/wp\/v2\/users\/2"}],"replies":[{"embeddable":true,"href":"https:\/\/www.ub.edu\/cusc\/wp-json\/wp\/v2\/comments?post=495"}],"version-history":[{"count":0,"href":"https:\/\/www.ub.edu\/cusc\/wp-json\/wp\/v2\/posts\/495\/revisions"}],"wp:attachment":[{"href":"https:\/\/www.ub.edu\/cusc\/wp-json\/wp\/v2\/media?parent=495"}],"wp:term":[{"taxonomy":"category","embeddable":true,"href":"https:\/\/www.ub.edu\/cusc\/wp-json\/wp\/v2\/categories?post=495"},{"taxonomy":"post_tag","embeddable":true,"href":"https:\/\/www.ub.edu\/cusc\/wp-json\/wp\/v2\/tags?post=495"}],"curies":[{"name":"wp","href":"https:\/\/api.w.org\/{rel}","templated":true}]}}