

 
{"id":5323,"date":"2016-11-24T11:07:53","date_gmt":"2016-11-24T09:07:53","guid":{"rendered":"https:\/\/cuscub.wordpress.com\/?p=5323"},"modified":"2016-11-24T11:07:53","modified_gmt":"2016-11-24T09:07:53","slug":"article-demili-boix-al-diari-ara-cat","status":"publish","type":"post","link":"https:\/\/www.ub.edu\/cusc\/article-demili-boix-al-diari-ara-cat\/","title":{"rendered":"Article d&#8217;Emili Boix al diari &#8220;ara.cat&#8221;"},"content":{"rendered":"<p>Aquest diumenge el diari digital &#8220;ara.cat&#8221; va publicar l&#8217;article d&#8217;Emili Boix titulat <a href=\"http:\/\/www.ara.cat\/opinio\/Woolard-profunditat-mirada-estrangera_0_1691230869.html\" target=\"_blank\" rel=\"noopener noreferrer\">\u00abWoolard: la profunditat de la mirada estrangera\u00bb<\/a>. \u00c9s un article dedicat a l&#8217;antrop\u00f2loga Kathryn Woolard i a la seva traject\u00f2ria d&#8217;estudi socioling\u00fc\u00edstic de la situaci\u00f3 de Catalunya des d&#8217;una perspectiva externa.<\/p>\n<blockquote>\n<p style=\"padding-left:30px;\"><em>Des del 1979, des del final de la dictadura, Woolard ha estudiat amb delicadesa el joc i el xoc de lleng\u00fces a Catalunya i ha sabut, amb la paci\u00e8ncia d\u2019observadora participant, caracter\u00edstica d\u2019una antrop\u00f2loga solvent, entendre la nostra situaci\u00f3 socioling\u00fc\u00edstica. Tal vegada veure\u2019ns des de San Diego, al sud de Calif\u00f2rnia, li ha perm\u00e8s entendre\u2019ns millor que nosaltres mateixos. <\/em>[&#8230;]<em> L\u2019homenatjada fa un bon diagn\u00f2stic: el catal\u00e0 certament domina en l\u2019ensenyament reglat a l\u2019escola prim\u00e0ria p\u00fablica o a l\u2019administraci\u00f3 m\u00e9s local, per\u00f2 perd per golejada en els mercats globalitzats, en la cultura de masses i en l\u2019administraci\u00f3 central de l\u2019Estat.<\/em><\/p>\n<\/blockquote>\n","protected":false},"excerpt":{"rendered":"<p>Aquest diumenge el diari digital &#8220;ara.cat&#8221; va publicar l&#8217;article d&#8217;Emili Boix titulat \u00abWoolard: la profunditat de la mirada estrangera\u00bb. \u00c9s un article dedicat a l&#8217;antrop\u00f2loga Kathryn Woolard i a la [&hellip;]<\/p>\n","protected":false},"author":2,"featured_media":0,"comment_status":"closed","ping_status":"closed","sticky":false,"template":"","format":"standard","meta":{"_acf_changed":false,"footnotes":""},"categories":[24],"tags":[34],"class_list":["post-5323","post","type-post","status-publish","format-standard","hentry","category-presencia-als-mitjans","tag-ideologies"],"acf":[],"_links":{"self":[{"href":"https:\/\/www.ub.edu\/cusc\/wp-json\/wp\/v2\/posts\/5323","targetHints":{"allow":["GET"]}}],"collection":[{"href":"https:\/\/www.ub.edu\/cusc\/wp-json\/wp\/v2\/posts"}],"about":[{"href":"https:\/\/www.ub.edu\/cusc\/wp-json\/wp\/v2\/types\/post"}],"author":[{"embeddable":true,"href":"https:\/\/www.ub.edu\/cusc\/wp-json\/wp\/v2\/users\/2"}],"replies":[{"embeddable":true,"href":"https:\/\/www.ub.edu\/cusc\/wp-json\/wp\/v2\/comments?post=5323"}],"version-history":[{"count":0,"href":"https:\/\/www.ub.edu\/cusc\/wp-json\/wp\/v2\/posts\/5323\/revisions"}],"wp:attachment":[{"href":"https:\/\/www.ub.edu\/cusc\/wp-json\/wp\/v2\/media?parent=5323"}],"wp:term":[{"taxonomy":"category","embeddable":true,"href":"https:\/\/www.ub.edu\/cusc\/wp-json\/wp\/v2\/categories?post=5323"},{"taxonomy":"post_tag","embeddable":true,"href":"https:\/\/www.ub.edu\/cusc\/wp-json\/wp\/v2\/tags?post=5323"}],"curies":[{"name":"wp","href":"https:\/\/api.w.org\/{rel}","templated":true}]}}