

 
{"id":5361,"date":"2016-12-07T11:32:19","date_gmt":"2016-12-07T09:32:19","guid":{"rendered":"https:\/\/cuscub.wordpress.com\/?p=5361"},"modified":"2021-07-22T09:50:44","modified_gmt":"2021-07-22T07:50:44","slug":"carles-murcia-i-lestandarditzacio-de-lamazic","status":"publish","type":"post","link":"https:\/\/www.ub.edu\/cusc\/carles-murcia-i-lestandarditzacio-de-lamazic\/","title":{"rendered":"Carles M\u00farcia i l\u2019estandarditzaci\u00f3 de l\u2019amazic"},"content":{"rendered":"<p>El proper dimecres, 14 de desembre, tindr\u00e0 lloc la quarta sessi\u00f3 del <a href=\"https:\/\/llenguasocietat.wordpress.com\/\" target=\"_blank\" rel=\"noopener noreferrer\"><em>Seminari de socioling\u00fc\u00edstica i pol\u00edtica ling\u00fc\u00edstica<\/em><\/a> del CUSC-UB (18h, aula 0.3 de la Facultat de Filologia de la Universitat de Barcelona). El seminari, a c\u00e0rrec de Carles M\u00farcia (UB), tractar\u00e0 sobre l\u2019aplicaci\u00f3 a l\u2019amazic d\u2019un model d\u2019estandarditzaci\u00f3 composicional i plural.<\/p>\n<p>L&#8217;any 2010, M\u00farcia es va doctorar amb una tesi sobre l&#8217;amazic titulada \u00ab<a href=\"http:\/\/stel.ub.edu\/llati\/es\/libros\/la-llengua-amaziga-l%E2%80%99antiguitat-partir-de-les-fonts-gregues-i-llatines-institut-m%C3%B3n-ju%C3%AFc\">La llengua amaziga a l\u2019antiguitat a partir de les fonts gregues i llatines<\/a>\u00bb i, recentment, ha participat en l\u2019estandarditzaci\u00f3 de la llengua amaziga, publicant, en col\u00b7laboraci\u00f3 amb Salem Zenia, el <a href=\"http:\/\/llibresindex.blogspot.com.es\/2016\/01\/novetat-diccionari-catala-amazic-amazic.html\"><em>Diccionari Amazic-Catal\u00e0 \/ Catal\u00e0-Amazic<\/em><\/a> (Llibres de l\u2019\u00cdndex, 2016).<\/p>\n<p><img loading=\"lazy\" decoding=\"async\" class=\" size-full wp-image-5376 aligncenter\" src=\"http:\/\/www.ub.edu\/cusc\/web\/wp-content\/uploads\/2016\/12\/amazic.jpg\" alt=\"amazic\" width=\"200\" height=\"320\" srcset=\"https:\/\/www.ub.edu\/cusc\/wp-content\/uploads\/2016\/12\/amazic.jpg 200w, https:\/\/www.ub.edu\/cusc\/wp-content\/uploads\/2016\/12\/amazic-188x300.jpg 188w, https:\/\/www.ub.edu\/cusc\/wp-content\/uploads\/2016\/12\/amazic-128x204.jpg 128w\" sizes=\"auto, (max-width: 200px) 100vw, 200px\" \/><\/p>\n","protected":false},"excerpt":{"rendered":"<p>El proper dimecres, 14 de desembre, tindr\u00e0 lloc la quarta sessi\u00f3 del Seminari de socioling\u00fc\u00edstica i pol\u00edtica ling\u00fc\u00edstica del CUSC-UB (18h, aula 0.3 de la Facultat de Filologia de la [&hellip;]<\/p>\n","protected":false},"author":2,"featured_media":0,"comment_status":"closed","ping_status":"closed","sticky":false,"template":"","format":"standard","meta":{"_acf_changed":false,"footnotes":""},"categories":[21,22],"tags":[39],"class_list":["post-5361","post","type-post","status-publish","format-standard","hentry","category-actes","category-actes-organitzats","tag-politica-linguistica"],"acf":[],"_links":{"self":[{"href":"https:\/\/www.ub.edu\/cusc\/wp-json\/wp\/v2\/posts\/5361","targetHints":{"allow":["GET"]}}],"collection":[{"href":"https:\/\/www.ub.edu\/cusc\/wp-json\/wp\/v2\/posts"}],"about":[{"href":"https:\/\/www.ub.edu\/cusc\/wp-json\/wp\/v2\/types\/post"}],"author":[{"embeddable":true,"href":"https:\/\/www.ub.edu\/cusc\/wp-json\/wp\/v2\/users\/2"}],"replies":[{"embeddable":true,"href":"https:\/\/www.ub.edu\/cusc\/wp-json\/wp\/v2\/comments?post=5361"}],"version-history":[{"count":0,"href":"https:\/\/www.ub.edu\/cusc\/wp-json\/wp\/v2\/posts\/5361\/revisions"}],"wp:attachment":[{"href":"https:\/\/www.ub.edu\/cusc\/wp-json\/wp\/v2\/media?parent=5361"}],"wp:term":[{"taxonomy":"category","embeddable":true,"href":"https:\/\/www.ub.edu\/cusc\/wp-json\/wp\/v2\/categories?post=5361"},{"taxonomy":"post_tag","embeddable":true,"href":"https:\/\/www.ub.edu\/cusc\/wp-json\/wp\/v2\/tags?post=5361"}],"curies":[{"name":"wp","href":"https:\/\/api.w.org\/{rel}","templated":true}]}}