

 
{"id":554,"date":"2011-05-11T13:36:16","date_gmt":"2011-05-11T11:36:16","guid":{"rendered":"http:\/\/cuscub.wordpress.com\/?p=554"},"modified":"2021-07-22T09:50:47","modified_gmt":"2021-07-22T07:50:47","slug":"conferencia-de-sydney-possuelo-a-la-universitat-de-barcelona","status":"publish","type":"post","link":"https:\/\/www.ub.edu\/cusc\/conferencia-de-sydney-possuelo-a-la-universitat-de-barcelona\/","title":{"rendered":"Confer\u00e8ncia de Sydney Possuelo a la Universitat de Barcelona"},"content":{"rendered":"<p style=\"text-align:justify;\">Estudis Gallecs i Portuguesos, el CUSC-UB i el GELA es complauen a convidar-vos a la confer\u00e8ncia \u00abEls pobles a\u00efllats de l&#8217;Amaz\u00f2nia: situaci\u00f3 i reptes actuals\u00bb, a c\u00e0rrec de Sydney Possuelo, etn\u00f2graf i activista pels drets ind\u00edgenes i exdirector de la FUNAI.<\/p>\n<p style=\"text-align:justify;\">L&#8217;acte es far\u00e0 el dijous 26 de maig, a les 13 h, a la sala de Professors de la Facultat de Filologia de la Universitat de Barcelona (carrer d\u2019Aribau, 2, 5a planta).<\/p>\n","protected":false},"excerpt":{"rendered":"<p>Estudis Gallecs i Portuguesos, el CUSC-UB i el GELA es complauen a convidar-vos a la confer\u00e8ncia \u00abEls pobles a\u00efllats de l&#8217;Amaz\u00f2nia: situaci\u00f3 i reptes actuals\u00bb, a c\u00e0rrec de Sydney Possuelo, [&hellip;]<\/p>\n","protected":false},"author":2,"featured_media":0,"comment_status":"open","ping_status":"open","sticky":false,"template":"","format":"standard","meta":{"_acf_changed":false,"footnotes":""},"categories":[21,22],"tags":[],"class_list":["post-554","post","type-post","status-publish","format-standard","hentry","category-actes","category-actes-organitzats"],"acf":[],"_links":{"self":[{"href":"https:\/\/www.ub.edu\/cusc\/wp-json\/wp\/v2\/posts\/554","targetHints":{"allow":["GET"]}}],"collection":[{"href":"https:\/\/www.ub.edu\/cusc\/wp-json\/wp\/v2\/posts"}],"about":[{"href":"https:\/\/www.ub.edu\/cusc\/wp-json\/wp\/v2\/types\/post"}],"author":[{"embeddable":true,"href":"https:\/\/www.ub.edu\/cusc\/wp-json\/wp\/v2\/users\/2"}],"replies":[{"embeddable":true,"href":"https:\/\/www.ub.edu\/cusc\/wp-json\/wp\/v2\/comments?post=554"}],"version-history":[{"count":0,"href":"https:\/\/www.ub.edu\/cusc\/wp-json\/wp\/v2\/posts\/554\/revisions"}],"wp:attachment":[{"href":"https:\/\/www.ub.edu\/cusc\/wp-json\/wp\/v2\/media?parent=554"}],"wp:term":[{"taxonomy":"category","embeddable":true,"href":"https:\/\/www.ub.edu\/cusc\/wp-json\/wp\/v2\/categories?post=554"},{"taxonomy":"post_tag","embeddable":true,"href":"https:\/\/www.ub.edu\/cusc\/wp-json\/wp\/v2\/tags?post=554"}],"curies":[{"name":"wp","href":"https:\/\/api.w.org\/{rel}","templated":true}]}}