

 
{"id":5732,"date":"2017-02-11T09:03:54","date_gmt":"2017-02-11T07:03:54","guid":{"rendered":"https:\/\/cuscub.wordpress.com\/?p=5732"},"modified":"2017-02-11T09:03:54","modified_gmt":"2017-02-11T07:03:54","slug":"la-politica-linguistica-supera-lexamen-nou-article-de-carles-de-rossello-al-blog-la-bbc","status":"publish","type":"post","link":"https:\/\/www.ub.edu\/cusc\/la-politica-linguistica-supera-lexamen-nou-article-de-carles-de-rossello-al-blog-la-bbc\/","title":{"rendered":"Article de Carles de Rossell\u00f3 al diari &#8220;Lliure i millor&#8221;"},"content":{"rendered":"<p>El passat 4 de febrer, \u201cLliure i millor\u201d va publicar un article de Carles de Rossell\u00f3 titulat \u00ab<a href=\"http:\/\/lliureimillor.cat\/2017\/02\/04\/la-politica-linguistica-supera-lexamenper-carles-de-rossello\/\" target=\"_blank\" rel=\"noopener noreferrer\">La pol\u00edtica ling\u00fc\u00edstica supera l&#8217;examen<\/a>\u00bb.<\/p>\n<blockquote>\n<p style=\"padding-left:30px;\"><em>Amb independ\u00e8ncia de la llengua d\u2019identificaci\u00f3, <strong>tots els grups ling\u00fc\u00edstics donen \u00e0mpliament suport a la pol\u00edtica ling\u00fc\u00edstica<\/strong>. Aquest gr\u00e0fic desf\u00e0 la tesi d\u2019una Catalunya dividida en comunitats ling\u00fc\u00edstiques en qu\u00e8 una imposa la seva llengua a les altres. Senzillament, no ho ho perceben ni ho viuen aix\u00ed ni les persones que s\u2019identifiquen amb el castell\u00e0, ni les que consideren que les seves lleng\u00fces s\u00f3n el catal\u00e0 i el castell\u00e0, ni, encara menys, la nova immigraci\u00f3 no hispan\u00f2fona.<\/em><\/p>\n<p style=\"padding-left:30px;\">Font: Lliure i millor<\/p>\n<\/blockquote>\n","protected":false},"excerpt":{"rendered":"<p>El passat 4 de febrer, \u201cLliure i millor\u201d va publicar un article de Carles de Rossell\u00f3 titulat \u00abLa pol\u00edtica ling\u00fc\u00edstica supera l&#8217;examen\u00bb. Amb independ\u00e8ncia de la llengua d\u2019identificaci\u00f3, tots els [&hellip;]<\/p>\n","protected":false},"author":2,"featured_media":0,"comment_status":"closed","ping_status":"closed","sticky":false,"template":"","format":"standard","meta":{"_acf_changed":false,"footnotes":""},"categories":[24,29],"tags":[39],"class_list":["post-5732","post","type-post","status-publish","format-standard","hentry","category-presencia-als-mitjans","category-uncategorized","tag-politica-linguistica"],"acf":[],"_links":{"self":[{"href":"https:\/\/www.ub.edu\/cusc\/wp-json\/wp\/v2\/posts\/5732","targetHints":{"allow":["GET"]}}],"collection":[{"href":"https:\/\/www.ub.edu\/cusc\/wp-json\/wp\/v2\/posts"}],"about":[{"href":"https:\/\/www.ub.edu\/cusc\/wp-json\/wp\/v2\/types\/post"}],"author":[{"embeddable":true,"href":"https:\/\/www.ub.edu\/cusc\/wp-json\/wp\/v2\/users\/2"}],"replies":[{"embeddable":true,"href":"https:\/\/www.ub.edu\/cusc\/wp-json\/wp\/v2\/comments?post=5732"}],"version-history":[{"count":0,"href":"https:\/\/www.ub.edu\/cusc\/wp-json\/wp\/v2\/posts\/5732\/revisions"}],"wp:attachment":[{"href":"https:\/\/www.ub.edu\/cusc\/wp-json\/wp\/v2\/media?parent=5732"}],"wp:term":[{"taxonomy":"category","embeddable":true,"href":"https:\/\/www.ub.edu\/cusc\/wp-json\/wp\/v2\/categories?post=5732"},{"taxonomy":"post_tag","embeddable":true,"href":"https:\/\/www.ub.edu\/cusc\/wp-json\/wp\/v2\/tags?post=5732"}],"curies":[{"name":"wp","href":"https:\/\/api.w.org\/{rel}","templated":true}]}}