

 
{"id":674,"date":"2011-09-07T13:10:36","date_gmt":"2011-09-07T11:10:36","guid":{"rendered":"http:\/\/cuscub.wordpress.com\/?p=674"},"modified":"2011-09-07T13:10:36","modified_gmt":"2011-09-07T11:10:36","slug":"f-xavier-vila-i-moreno-citat-en-un-article-de-sociolinguistica-al-diari-el-publico","status":"publish","type":"post","link":"https:\/\/www.ub.edu\/cusc\/f-xavier-vila-i-moreno-citat-en-un-article-de-sociolinguistica-al-diari-el-publico\/","title":{"rendered":"F. Xavier Vila i Moreno \u00e9s entrevistat en un article de socioling\u00fc\u00edstica al diari El P\u00fablico"},"content":{"rendered":"<p>F. Xavier Vila i Moreno \u00e9s\u00a0 entrevistat en un article de socioling\u00fc\u00edstica al diari <em>El P\u00fablico<\/em>, on afirma que a Catalunya, en la majoria d&#8217;\u00e0mbits ling\u00fc\u00edstics\u00a0 hi ha un major \u00fas del castell\u00e0 que del catal\u00e0, i que fins i tot hi ha \u00e0mbits en els quals el catal\u00e0 ni tan sols existeix.<\/p>\n<p>Podeu llegir l&#8217;article complet a:\u00a0 <a href=\"http:\/\/www.publico.es\/espana\/395022\/la-realidad-se-impone-a-los-topicos\">http:\/\/www.publico.es\/espana\/395022\/la-realidad-se-impone-a-los-topicos<\/a><\/p>\n","protected":false},"excerpt":{"rendered":"<p>F. Xavier Vila i Moreno \u00e9s\u00a0 entrevistat en un article de socioling\u00fc\u00edstica al diari El P\u00fablico, on afirma que a Catalunya, en la majoria d&#8217;\u00e0mbits ling\u00fc\u00edstics\u00a0 hi ha un major [&hellip;]<\/p>\n","protected":false},"author":2,"featured_media":0,"comment_status":"open","ping_status":"open","sticky":false,"template":"","format":"standard","meta":{"_acf_changed":false,"footnotes":""},"categories":[24],"tags":[],"class_list":["post-674","post","type-post","status-publish","format-standard","hentry","category-presencia-als-mitjans"],"acf":[],"_links":{"self":[{"href":"https:\/\/www.ub.edu\/cusc\/wp-json\/wp\/v2\/posts\/674","targetHints":{"allow":["GET"]}}],"collection":[{"href":"https:\/\/www.ub.edu\/cusc\/wp-json\/wp\/v2\/posts"}],"about":[{"href":"https:\/\/www.ub.edu\/cusc\/wp-json\/wp\/v2\/types\/post"}],"author":[{"embeddable":true,"href":"https:\/\/www.ub.edu\/cusc\/wp-json\/wp\/v2\/users\/2"}],"replies":[{"embeddable":true,"href":"https:\/\/www.ub.edu\/cusc\/wp-json\/wp\/v2\/comments?post=674"}],"version-history":[{"count":0,"href":"https:\/\/www.ub.edu\/cusc\/wp-json\/wp\/v2\/posts\/674\/revisions"}],"wp:attachment":[{"href":"https:\/\/www.ub.edu\/cusc\/wp-json\/wp\/v2\/media?parent=674"}],"wp:term":[{"taxonomy":"category","embeddable":true,"href":"https:\/\/www.ub.edu\/cusc\/wp-json\/wp\/v2\/categories?post=674"},{"taxonomy":"post_tag","embeddable":true,"href":"https:\/\/www.ub.edu\/cusc\/wp-json\/wp\/v2\/tags?post=674"}],"curies":[{"name":"wp","href":"https:\/\/api.w.org\/{rel}","templated":true}]}}