

 
{"id":701,"date":"2011-09-26T12:13:12","date_gmt":"2011-09-26T10:13:12","guid":{"rendered":"http:\/\/cuscub.wordpress.com\/?p=701"},"modified":"2011-09-26T12:13:12","modified_gmt":"2011-09-26T10:13:12","slug":"una-publicacio-de-borja-pallejero-natxo-sorolla-i-marina-nogue-a-la-revista-digithum","status":"publish","type":"post","link":"https:\/\/www.ub.edu\/cusc\/una-publicacio-de-borja-pallejero-natxo-sorolla-i-marina-nogue-a-la-revista-digithum\/","title":{"rendered":"Una publicaci\u00f3 de Borja Pallejero, Natxo Sorolla i Marina Nogu\u00e9 a la revista Digithum"},"content":{"rendered":"<p>Els autors han publicat al volum n\u00famero 13 de la revista electr\u00f2nica <em>Digithum<\/em> l&#8217;article &#8220;La dimensi\u00f3 de les lleng\u00fces a la Wikipedia i la seua relaci\u00f3 amb els elements socials&#8221;. En aquest treball, els autors analitzen quins s\u00f3n els factors socials, educatius, econ\u00f2mics, tecnol\u00f2gics i demogr\u00e0fics que estan relacionats amb la posici\u00f3 de la llengua catalana en la producci\u00f3 d&#8217;articles a la Wikipedia.<\/p>\n<p>Podeu consultar aquest treball a la p\u00e0gina web de la revista <em>Digithum<\/em>: <a href=\"http:\/\/www.uoc.edu\/ojs\/index.php\/digithum\/article\/viewArticle\/n13-pellejero-sorolla-nogue\">http:\/\/www.uoc.edu\/ojs\/index.php\/digithum\/article\/viewArticle\/n13-pellejero-sorolla-nogue<\/a><\/p>\n","protected":false},"excerpt":{"rendered":"<p>Els autors han publicat al volum n\u00famero 13 de la revista electr\u00f2nica Digithum l&#8217;article &#8220;La dimensi\u00f3 de les lleng\u00fces a la Wikipedia i la seua relaci\u00f3 amb els elements socials&#8221;. [&hellip;]<\/p>\n","protected":false},"author":2,"featured_media":0,"comment_status":"open","ping_status":"open","sticky":false,"template":"","format":"standard","meta":{"_acf_changed":false,"footnotes":""},"categories":[19],"tags":[],"class_list":["post-701","post","type-post","status-publish","format-standard","hentry","category-publicacions"],"acf":[],"_links":{"self":[{"href":"https:\/\/www.ub.edu\/cusc\/wp-json\/wp\/v2\/posts\/701","targetHints":{"allow":["GET"]}}],"collection":[{"href":"https:\/\/www.ub.edu\/cusc\/wp-json\/wp\/v2\/posts"}],"about":[{"href":"https:\/\/www.ub.edu\/cusc\/wp-json\/wp\/v2\/types\/post"}],"author":[{"embeddable":true,"href":"https:\/\/www.ub.edu\/cusc\/wp-json\/wp\/v2\/users\/2"}],"replies":[{"embeddable":true,"href":"https:\/\/www.ub.edu\/cusc\/wp-json\/wp\/v2\/comments?post=701"}],"version-history":[{"count":0,"href":"https:\/\/www.ub.edu\/cusc\/wp-json\/wp\/v2\/posts\/701\/revisions"}],"wp:attachment":[{"href":"https:\/\/www.ub.edu\/cusc\/wp-json\/wp\/v2\/media?parent=701"}],"wp:term":[{"taxonomy":"category","embeddable":true,"href":"https:\/\/www.ub.edu\/cusc\/wp-json\/wp\/v2\/categories?post=701"},{"taxonomy":"post_tag","embeddable":true,"href":"https:\/\/www.ub.edu\/cusc\/wp-json\/wp\/v2\/tags?post=701"}],"curies":[{"name":"wp","href":"https:\/\/api.w.org\/{rel}","templated":true}]}}