

 
{"id":7118,"date":"2017-11-07T10:52:33","date_gmt":"2017-11-07T08:52:33","guid":{"rendered":"https:\/\/cuscub.wordpress.com\/?p=7118"},"modified":"2017-11-07T10:52:33","modified_gmt":"2017-11-07T08:52:33","slug":"la-realitat-i-levolucio-de-les-illes-a-partir-dels-grups-dorigens-i-usos-linguistics-de-xavier-vila-i-natxo-sorolla","status":"publish","type":"post","link":"https:\/\/www.ub.edu\/cusc\/la-realitat-i-levolucio-de-les-illes-a-partir-dels-grups-dorigens-i-usos-linguistics-de-xavier-vila-i-natxo-sorolla\/","title":{"rendered":"&#8220;La realitat i l\u2019evoluci\u00f3 de les Illes a partir dels grups d\u2019or\u00edgens i usos ling\u00fc\u00edstics&#8221; de Xavier Vila i Natxo Sorolla"},"content":{"rendered":"<p>Ja s&#8217;ha publicat l&#8217;an\u00e0lisi dels resultats de l&#8217;enquesta d&#8217;usos ling\u00fc\u00edstics a les Illes Balears 2014, un estudi demosc\u00f2pic sobre els coneixements ling\u00fc\u00edstics de la poblaci\u00f3 resident a les Illes Balears de 15 anys o m\u00e9s, sobre els seus usos ling\u00fc\u00edstics en diferents contexts i amb diferents interlocutors, i sobre la seva visi\u00f3 de la situaci\u00f3 socioling\u00fc\u00edstica de les Illes.<\/p>\n<p>L&#8217;enquesta s&#8217;ha dut a terme gr\u00e0cies a la col\u00b7laboraci\u00f3 entre la Direcci\u00f3 General de Pol\u00edtica Ling\u00fc\u00edstica de la Conselleria de Cultura, Participaci\u00f3 i Esports del Govern de les Illes Balears, la Direcci\u00f3 General de Pol\u00edtica Ling\u00fc\u00edstica del Departament de Cultura de la Generalitat de Catalunya i la Universitat de les Illes Balears.<\/p>\n<p>Xavier Vila i Natxo Sorolla, investigadors del CUSC, han redactat un dels cap\u00edtols d&#8217;aquest estudi, titulat &#8220;La realitat i l&#8217;evoluci\u00f3 de les Illes a partir dels grups d&#8217;or\u00edgens i usos ling\u00fc\u00edstics&#8221;. Podeu descarregar l&#8217;estudi <a href=\"http:\/\/www.caib.es\/govern\/sac\/fitxa.do?codi=3107481&amp;coduo=2390443&amp;lang=es\">aqu\u00ed<\/a>.<\/p>\n<div class=\"imc-cos\">\n<h2><\/h2>\n<p>&nbsp;<\/p>\n<p>&nbsp;<\/p>\n<p>&nbsp;<\/p>\n<\/div>\n","protected":false},"excerpt":{"rendered":"<p>Ja s&#8217;ha publicat l&#8217;an\u00e0lisi dels resultats de l&#8217;enquesta d&#8217;usos ling\u00fc\u00edstics a les Illes Balears 2014, un estudi demosc\u00f2pic sobre els coneixements ling\u00fc\u00edstics de la poblaci\u00f3 resident a les Illes Balears [&hellip;]<\/p>\n","protected":false},"author":2,"featured_media":0,"comment_status":"closed","ping_status":"closed","sticky":false,"template":"","format":"standard","meta":{"_acf_changed":false,"footnotes":""},"categories":[19],"tags":[],"class_list":["post-7118","post","type-post","status-publish","format-standard","hentry","category-publicacions"],"acf":[],"_links":{"self":[{"href":"https:\/\/www.ub.edu\/cusc\/wp-json\/wp\/v2\/posts\/7118","targetHints":{"allow":["GET"]}}],"collection":[{"href":"https:\/\/www.ub.edu\/cusc\/wp-json\/wp\/v2\/posts"}],"about":[{"href":"https:\/\/www.ub.edu\/cusc\/wp-json\/wp\/v2\/types\/post"}],"author":[{"embeddable":true,"href":"https:\/\/www.ub.edu\/cusc\/wp-json\/wp\/v2\/users\/2"}],"replies":[{"embeddable":true,"href":"https:\/\/www.ub.edu\/cusc\/wp-json\/wp\/v2\/comments?post=7118"}],"version-history":[{"count":0,"href":"https:\/\/www.ub.edu\/cusc\/wp-json\/wp\/v2\/posts\/7118\/revisions"}],"wp:attachment":[{"href":"https:\/\/www.ub.edu\/cusc\/wp-json\/wp\/v2\/media?parent=7118"}],"wp:term":[{"taxonomy":"category","embeddable":true,"href":"https:\/\/www.ub.edu\/cusc\/wp-json\/wp\/v2\/categories?post=7118"},{"taxonomy":"post_tag","embeddable":true,"href":"https:\/\/www.ub.edu\/cusc\/wp-json\/wp\/v2\/tags?post=7118"}],"curies":[{"name":"wp","href":"https:\/\/api.w.org\/{rel}","templated":true}]}}