

 
{"id":7233,"date":"2018-01-09T10:10:51","date_gmt":"2018-01-09T08:10:51","guid":{"rendered":"https:\/\/cuscub.wordpress.com\/?p=7233"},"modified":"2018-01-09T10:10:51","modified_gmt":"2018-01-09T08:10:51","slug":"avelli-flors-a-el-temps-la-supervivencia-de-la-llengua-no-es-pot-fiar-nomes-a-lescola","status":"publish","type":"post","link":"https:\/\/www.ub.edu\/cusc\/avelli-flors-a-el-temps-la-supervivencia-de-la-llengua-no-es-pot-fiar-nomes-a-lescola\/","title":{"rendered":"Avel\u00b7l\u00ed Flors a El Temps: &#8220;La superviv\u00e8ncia de la llengua no es pot fiar nom\u00e9s a l&#8217;escola&#8221;"},"content":{"rendered":"<p style=\"text-align:left;\">El 30 de desembre del 2017, el setmanari valenci\u00e0 <a href=\"https:\/\/www.eltemps.cat\/\">El Temps<\/a> va publicar una <a href=\"https:\/\/www.eltemps.cat\/article\/2956\/avelli-flors-la-supervivencia-de-la-llengua-no-es-pot-fiar-nomes-a-lescola\">entrevista <\/a>a Avel\u00b7l\u00ed Flors, investigador del CUSC, on parla de la conclusi\u00f3 que va extreure de la seva tesi doctoral, &#8220;Usos ling\u00fc\u00edstics i identitats socials entre adolescents catalans i valencians&#8221;, i valora la situaci\u00f3 del catal\u00e0 al Pa\u00eds Valenci\u00e0. Us en deixem un breu fragment (podeu llegir l&#8217;entrevista sencera a l&#8217;enlla\u00e7 que us hem adjuntat m\u00e9s amunt):<\/p>\n<blockquote>\n<p style=\"text-align:left;\">&#8220;L&#8217;escola \u00e9s una instituci\u00f3 encara universalista \u2013per on passen totes les persones-, per tant \u00e9s el millor mitj\u00e0 per garantir que tota la poblaci\u00f3 siga competent en les dues lleng\u00fces oficials. Ara b\u00e9, l&#8217;\u00fas no dep\u00e8n nom\u00e9s de l&#8217;escola. <strong>La superviv\u00e8ncia de la llengua no es pot fiar nom\u00e9s a l&#8217;escola.<\/strong> Per usar una llengua hem de percebre que hi ha recompenses en el futur. Per tant, la transformaci\u00f3 del mercat ling\u00fc\u00edstic, l&#8217;impuls del valor ling\u00fc\u00edstic a l&#8217;hora d&#8217;accedir a un lloc de feina o l&#8217;organitzaci\u00f3 dels espais urbans tenen una import\u00e0ncia molt m\u00e9s crucial que no l&#8217;escola en la configuraci\u00f3 dels usos ling\u00fc\u00edstics i en el creixement d&#8217;una llengua.&#8221;<\/p>\n<\/blockquote>\n<p>&nbsp;<\/p>\n<p><img decoding=\"async\" class=\"article-summary__image\" src=\"https:\/\/www.eltemps.cat\/imgMini\/750\/421\/1622\" alt=\"Avel\u00b7l\u00ed Flors\" \/><\/p>\n","protected":false},"excerpt":{"rendered":"<p>El 30 de desembre del 2017, el setmanari valenci\u00e0 El Temps va publicar una entrevista a Avel\u00b7l\u00ed Flors, investigador del CUSC, on parla de la conclusi\u00f3 que va extreure de [&hellip;]<\/p>\n","protected":false},"author":2,"featured_media":0,"comment_status":"closed","ping_status":"closed","sticky":false,"template":"","format":"standard","meta":{"_acf_changed":false,"footnotes":""},"categories":[24,29],"tags":[],"class_list":["post-7233","post","type-post","status-publish","format-standard","hentry","category-presencia-als-mitjans","category-uncategorized"],"acf":[],"_links":{"self":[{"href":"https:\/\/www.ub.edu\/cusc\/wp-json\/wp\/v2\/posts\/7233","targetHints":{"allow":["GET"]}}],"collection":[{"href":"https:\/\/www.ub.edu\/cusc\/wp-json\/wp\/v2\/posts"}],"about":[{"href":"https:\/\/www.ub.edu\/cusc\/wp-json\/wp\/v2\/types\/post"}],"author":[{"embeddable":true,"href":"https:\/\/www.ub.edu\/cusc\/wp-json\/wp\/v2\/users\/2"}],"replies":[{"embeddable":true,"href":"https:\/\/www.ub.edu\/cusc\/wp-json\/wp\/v2\/comments?post=7233"}],"version-history":[{"count":0,"href":"https:\/\/www.ub.edu\/cusc\/wp-json\/wp\/v2\/posts\/7233\/revisions"}],"wp:attachment":[{"href":"https:\/\/www.ub.edu\/cusc\/wp-json\/wp\/v2\/media?parent=7233"}],"wp:term":[{"taxonomy":"category","embeddable":true,"href":"https:\/\/www.ub.edu\/cusc\/wp-json\/wp\/v2\/categories?post=7233"},{"taxonomy":"post_tag","embeddable":true,"href":"https:\/\/www.ub.edu\/cusc\/wp-json\/wp\/v2\/tags?post=7233"}],"curies":[{"name":"wp","href":"https:\/\/api.w.org\/{rel}","templated":true}]}}