

 
{"id":7288,"date":"2018-03-12T13:15:02","date_gmt":"2018-03-12T11:15:02","guid":{"rendered":"https:\/\/cuscub.wordpress.com\/?p=7288"},"modified":"2018-03-12T13:15:02","modified_gmt":"2018-03-12T11:15:02","slug":"f-xavier-vila-a-politikon-sobre-el-consenso-en-torno-al-modelo-linguistico-escolar-en-cataluna-reflexiones-a-partir-de-una-encuesta","status":"publish","type":"post","link":"https:\/\/www.ub.edu\/cusc\/f-xavier-vila-a-politikon-sobre-el-consenso-en-torno-al-modelo-linguistico-escolar-en-cataluna-reflexiones-a-partir-de-una-encuesta\/","title":{"rendered":"F. Xavier Vila a Politikon: &#8220;Sobre el consenso en torno al modelo ling\u00fc\u00edstico escolar en Catalu\u00f1a: reflexiones a partir de una encuesta&#8221;"},"content":{"rendered":"<p>El passat 7 de mar\u00e7, la revista Politikon va publicar un article de F. Xavier Vila, director del CUSC i del Departament de Filologia Catalana i Ling\u00fc\u00edstica General, titulat &#8220;Sobre el consenso en torno al modelo ling\u00fc\u00edstico escolar en Catalu\u00f1a: reflexiones a partir de una encuesta&#8221;, que respon a l&#8217;article que havia publicat anteriorment la revista titulat <a href=\"https:\/\/politikon.es\/2018\/02\/06\/el-consenso-de-la-inmersion-linguistica-realidad-o-mito\/\">&#8220;El consenso de la inmersi\u00f3n ling\u00fc\u00edstica: realidad o mito&#8221;<\/a>, d&#8217;Alberto Garvia i Andr\u00e9s Santana.<\/p>\n<blockquote><p>&#8220;Seg\u00fan esta lectura, en t\u00e9rminos hist\u00f3ricos, si el modelo de conjunci\u00f3n en Catalu\u00f1a ha sido socialmente poco conflictivo se debe a la suma de dos factores: por un lado, al hecho de que en Catalu\u00f1a el dominio de las dos lenguas oficiales es valorado; por otro, al hecho de que el modelo de conjunci\u00f3n ha demostrado ser el mejor sistema para garantizar el aprendizaje de ambas lenguas oficiales. En ese sentido, no hay m\u00e1s que recordar que, de todas la comunidades con m\u00e1s de una lengua oficial, Catalu\u00f1a es la que m\u00e1s lejos llega en la biling\u00fcizaci\u00f3n de sus nuevas generaciones. Entendemos que los resultados expuestos por Garvia y Santana muestran que el consenso hist\u00f3rico en torno a un modelo que biling\u00fcizaba ha dejado paso a un deseo bastante extenso de triling\u00fcizaci\u00f3n, un desider\u00e1tum que constituye un verdadero reto para el modelo de conjunci\u00f3n. Sin embargo, contrariamente a lo que concluyen los autores, entendemos que la labor de los gobernantes y los educadores no es aplicar a ciegas unos porcentajes dados a ojo por ciudadanos sin conocimientos de did\u00e1ctica de lenguas, sino conseguir satisfacer los desider\u00e1tums ciudadanos de conocimientos ling\u00fc\u00edsticos. Para conseguirlo, los gobernantes deber\u00e1n lograr que el modelo de conjunci\u00f3n sepa dar respuesta adecuada a esa petici\u00f3n, es decir, garantice el m\u00e1ximo aprendizaje no solo de catal\u00e1n y castellano, como ya viene haciendo, sino tambi\u00e9n de ingl\u00e9s, y lo haga manteniendo la lengua propia como centro de gravedad del modelo. De lo contrario, si el conflicto es entre un modelo que biling\u00fciza y propuestas que te\u00f3ricamente triling\u00fcizan, es posible que las contradicciones detectadas se enconen y la propia sociedad acabe abri\u00e9ndose a otros modelos.&#8221;<\/p><\/blockquote>\n<p class=\"sing-tit\">Podeu llegir l&#8217;article sencer <a href=\"https:\/\/politikon.es\/2018\/03\/07\/sobre-el-consenso-en-torno-al-modelo-linguistico-escolar-en-cataluna-reflexiones-a-partir-de-una-encuesta\/\">aqu\u00ed<\/a>.<\/p>\n","protected":false},"excerpt":{"rendered":"<p>El passat 7 de mar\u00e7, la revista Politikon va publicar un article de F. Xavier Vila, director del CUSC i del Departament de Filologia Catalana i Ling\u00fc\u00edstica General, titulat &#8220;Sobre [&hellip;]<\/p>\n","protected":false},"author":2,"featured_media":0,"comment_status":"closed","ping_status":"closed","sticky":false,"template":"","format":"standard","meta":{"_acf_changed":false,"footnotes":""},"categories":[24,29],"tags":[],"class_list":["post-7288","post","type-post","status-publish","format-standard","hentry","category-presencia-als-mitjans","category-uncategorized"],"acf":[],"_links":{"self":[{"href":"https:\/\/www.ub.edu\/cusc\/wp-json\/wp\/v2\/posts\/7288","targetHints":{"allow":["GET"]}}],"collection":[{"href":"https:\/\/www.ub.edu\/cusc\/wp-json\/wp\/v2\/posts"}],"about":[{"href":"https:\/\/www.ub.edu\/cusc\/wp-json\/wp\/v2\/types\/post"}],"author":[{"embeddable":true,"href":"https:\/\/www.ub.edu\/cusc\/wp-json\/wp\/v2\/users\/2"}],"replies":[{"embeddable":true,"href":"https:\/\/www.ub.edu\/cusc\/wp-json\/wp\/v2\/comments?post=7288"}],"version-history":[{"count":0,"href":"https:\/\/www.ub.edu\/cusc\/wp-json\/wp\/v2\/posts\/7288\/revisions"}],"wp:attachment":[{"href":"https:\/\/www.ub.edu\/cusc\/wp-json\/wp\/v2\/media?parent=7288"}],"wp:term":[{"taxonomy":"category","embeddable":true,"href":"https:\/\/www.ub.edu\/cusc\/wp-json\/wp\/v2\/categories?post=7288"},{"taxonomy":"post_tag","embeddable":true,"href":"https:\/\/www.ub.edu\/cusc\/wp-json\/wp\/v2\/tags?post=7288"}],"curies":[{"name":"wp","href":"https:\/\/api.w.org\/{rel}","templated":true}]}}