

 
{"id":7309,"date":"2018-04-17T11:22:42","date_gmt":"2018-04-17T09:22:42","guid":{"rendered":"https:\/\/cuscub.wordpress.com\/?p=7309"},"modified":"2018-04-17T11:22:42","modified_gmt":"2018-04-17T09:22:42","slug":"llengua-i-joves-xavier-vila-a-estat-de-gracia","status":"publish","type":"post","link":"https:\/\/www.ub.edu\/cusc\/llengua-i-joves-xavier-vila-a-estat-de-gracia\/","title":{"rendered":"Llengua i joves. Xavier Vila a Estat de Gr\u00e0cia"},"content":{"rendered":"<p>El divendres 13 d&#8217;abril, F. Xavier Vila, director del CUSC-UB, va participar al programa Estat de Gr\u00e0cia, dirigit per Roger de Gr\u00e0cia, en qu\u00e8 es va parlar sobre la llengua dels joves, es va fer un breu rep\u00e0s d&#8217;algunes de les paraules de m\u00e9s recent aparici\u00f3 i es va explicar tamb\u00e9 l&#8217;origen d&#8217;alguns d&#8217;aquests termes.<\/p>\n<p>Podreu trobar el programa <a href=\"http:\/\/www.ccma.cat\/catradio\/alacarta\/estat-de-gracia\/estat-de-gracia-de-18-a-19-h-13042018\/audio\/998817\/\">aqu\u00ed<\/a> (minut 8:10-26:48).<\/p>\n<p>&nbsp;<\/p>\n<p><img loading=\"lazy\" decoding=\"async\" class=\"irc_mi aligncenter\" src=\"https:\/\/i2.wp.com\/static-1.ivooxcdn.com\/canales\/7\/8\/2\/1\/3571486051287_XXL.jpg\" alt=\"Imatge relacionada\" width=\"362\" height=\"362\" \/><\/p>\n","protected":false},"excerpt":{"rendered":"<p>El divendres 13 d&#8217;abril, F. Xavier Vila, director del CUSC-UB, va participar al programa Estat de Gr\u00e0cia, dirigit per Roger de Gr\u00e0cia, en qu\u00e8 es va parlar sobre la llengua [&hellip;]<\/p>\n","protected":false},"author":2,"featured_media":0,"comment_status":"closed","ping_status":"closed","sticky":false,"template":"","format":"standard","meta":{"_acf_changed":false,"footnotes":""},"categories":[24],"tags":[],"class_list":["post-7309","post","type-post","status-publish","format-standard","hentry","category-presencia-als-mitjans"],"acf":[],"_links":{"self":[{"href":"https:\/\/www.ub.edu\/cusc\/wp-json\/wp\/v2\/posts\/7309","targetHints":{"allow":["GET"]}}],"collection":[{"href":"https:\/\/www.ub.edu\/cusc\/wp-json\/wp\/v2\/posts"}],"about":[{"href":"https:\/\/www.ub.edu\/cusc\/wp-json\/wp\/v2\/types\/post"}],"author":[{"embeddable":true,"href":"https:\/\/www.ub.edu\/cusc\/wp-json\/wp\/v2\/users\/2"}],"replies":[{"embeddable":true,"href":"https:\/\/www.ub.edu\/cusc\/wp-json\/wp\/v2\/comments?post=7309"}],"version-history":[{"count":0,"href":"https:\/\/www.ub.edu\/cusc\/wp-json\/wp\/v2\/posts\/7309\/revisions"}],"wp:attachment":[{"href":"https:\/\/www.ub.edu\/cusc\/wp-json\/wp\/v2\/media?parent=7309"}],"wp:term":[{"taxonomy":"category","embeddable":true,"href":"https:\/\/www.ub.edu\/cusc\/wp-json\/wp\/v2\/categories?post=7309"},{"taxonomy":"post_tag","embeddable":true,"href":"https:\/\/www.ub.edu\/cusc\/wp-json\/wp\/v2\/tags?post=7309"}],"curies":[{"name":"wp","href":"https:\/\/api.w.org\/{rel}","templated":true}]}}