

 
{"id":7354,"date":"2018-06-22T09:18:30","date_gmt":"2018-06-22T07:18:30","guid":{"rendered":"https:\/\/cuscub.wordpress.com\/?p=7354"},"modified":"2018-06-22T09:18:30","modified_gmt":"2018-06-22T07:18:30","slug":"f-xavier-vila-a-estat-de-gracia-idiomes-i-accents-que-ens-posen-a-cent","status":"publish","type":"post","link":"https:\/\/www.ub.edu\/cusc\/f-xavier-vila-a-estat-de-gracia-idiomes-i-accents-que-ens-posen-a-cent\/","title":{"rendered":"F. Xavier Vila a Estat de Gr\u00e0cia: \u00abIdiomes i accents que ens posen a cent\u00bb"},"content":{"rendered":"<p>Ahir, 21 de juny, a les 17.45h, F. Xavier Vila, director del CUSC i del Departament de Filologia Catalana i Ling\u00fc\u00edstica General, va participar al programa <a href=\"http:\/\/www.ccma.cat\/catradio\/estat-de-gracia\/\">Estat de Gr\u00e0cia<\/a>, de <a href=\"http:\/\/www.ccma.cat\/catradio\/\">Catalunya R\u00e0dio<\/a>, on van parlar, en un to c\u00f2mic i dist\u00e8s, d&#8217;\u00abidiomes i accents que ens posen a cent\u00bb i sobre quins s\u00f3n els motius pels quals sentim m\u00e9s adhesi\u00f3 o empatia per algunes lleng\u00fces: experi\u00e8ncies personals o col\u00b7lectives, q\u00fcestions relatives a la cad\u00e8ncia, la sonoritat, el to&#8230; Podeu escoltar-lo <a href=\"http:\/\/www.ccma.cat\/catradio\/alacarta\/estat-de-gracia\/estat-de-gracia-de-17-a-18-h-21062018\/audio\/1007515\/\">aqu\u00ed<\/a> (a partir del minut 43).<\/p>\n<p>&nbsp;<\/p>\n<p><img loading=\"lazy\" decoding=\"async\" class=\"irc_mi\" src=\"http:\/\/statics.ccma.cat\/multimedia\/jpg\/4\/4\/1508202119244.jpg\" alt=\"Resultat d'imatges de estat de gr\u00e0cia xavier vila\" width=\"326\" height=\"184\" \/><\/p>\n","protected":false},"excerpt":{"rendered":"<p>Ahir, 21 de juny, a les 17.45h, F. Xavier Vila, director del CUSC i del Departament de Filologia Catalana i Ling\u00fc\u00edstica General, va participar al programa Estat de Gr\u00e0cia, de [&hellip;]<\/p>\n","protected":false},"author":2,"featured_media":0,"comment_status":"closed","ping_status":"closed","sticky":false,"template":"","format":"standard","meta":{"_acf_changed":false,"footnotes":""},"categories":[24,29],"tags":[],"class_list":["post-7354","post","type-post","status-publish","format-standard","hentry","category-presencia-als-mitjans","category-uncategorized"],"acf":[],"_links":{"self":[{"href":"https:\/\/www.ub.edu\/cusc\/wp-json\/wp\/v2\/posts\/7354","targetHints":{"allow":["GET"]}}],"collection":[{"href":"https:\/\/www.ub.edu\/cusc\/wp-json\/wp\/v2\/posts"}],"about":[{"href":"https:\/\/www.ub.edu\/cusc\/wp-json\/wp\/v2\/types\/post"}],"author":[{"embeddable":true,"href":"https:\/\/www.ub.edu\/cusc\/wp-json\/wp\/v2\/users\/2"}],"replies":[{"embeddable":true,"href":"https:\/\/www.ub.edu\/cusc\/wp-json\/wp\/v2\/comments?post=7354"}],"version-history":[{"count":0,"href":"https:\/\/www.ub.edu\/cusc\/wp-json\/wp\/v2\/posts\/7354\/revisions"}],"wp:attachment":[{"href":"https:\/\/www.ub.edu\/cusc\/wp-json\/wp\/v2\/media?parent=7354"}],"wp:term":[{"taxonomy":"category","embeddable":true,"href":"https:\/\/www.ub.edu\/cusc\/wp-json\/wp\/v2\/categories?post=7354"},{"taxonomy":"post_tag","embeddable":true,"href":"https:\/\/www.ub.edu\/cusc\/wp-json\/wp\/v2\/tags?post=7354"}],"curies":[{"name":"wp","href":"https:\/\/api.w.org\/{rel}","templated":true}]}}