

 
{"id":7387,"date":"2018-09-05T12:37:04","date_gmt":"2018-09-05T10:37:04","guid":{"rendered":"https:\/\/cuscub.wordpress.com\/?p=7387"},"modified":"2018-09-05T12:37:04","modified_gmt":"2018-09-05T10:37:04","slug":"publicades-les-memories-dels-seminaris-del-cusc-curs-2016-2017-i-2017-2018","status":"publish","type":"post","link":"https:\/\/www.ub.edu\/cusc\/publicades-les-memories-dels-seminaris-del-cusc-curs-2016-2017-i-2017-2018\/","title":{"rendered":"Publicades les mem\u00f2ries dels seminaris del CUSC (curs 2016-2017 i 2017-2018)"},"content":{"rendered":"<p>A partir d&#8217;avui, al <a href=\"https:\/\/llenguasocietat.wordpress.com\/\">blog del seminari del CUSC<\/a>, podreu trobar les <a href=\"https:\/\/llenguasocietat.wordpress.com\/memories\/\">mem\u00f2ries <\/a>de les sessions del seminari del CUSC que hem organitzat al llarg dels cursos 2016-2017 i 2017-2018.<\/p>\n<p>El seminari del CUSC est\u00e0 concebut com un espai de reflexi\u00f3 i debat sobre aspectes te\u00f2rics i metodol\u00f2gics i sobre recerques en curs en els camps de la socioling\u00fc\u00edstica, la pol\u00edtica ling\u00fc\u00edstica i disciplines afins, dutes a terme per investigadors del centre o d\u2019altres universitats i centres de recerca.<\/p>\n<p>Les sessions se celebren amb una periodicitat mensual, i s\u00f3n gratu\u00eftes i obertes a investigadors i p\u00fablic general interessat en la intersecci\u00f3 entre llengua i societat. A m\u00e9s, l\u2019assist\u00e8ncia durant tot un curs acad\u00e8mic est\u00e0 reconeguda com a activitat de formaci\u00f3 certificada per l\u2019<a href=\"http:\/\/www.ub.edu\/ice\/\">Institut de Ci\u00e8ncies de l\u2019Educaci\u00f3 de la Universitat de Barcelona<\/a>.<\/p>\n<p>Ben aviat anunciarem el llistat de seminaris programats per al curs 2018-2019 i publicarem la convocat\u00f2ria de la primera sessi\u00f3 del curs. Estigueu atents!<\/p>\n","protected":false},"excerpt":{"rendered":"<p>A partir d&#8217;avui, al blog del seminari del CUSC, podreu trobar les mem\u00f2ries de les sessions del seminari del CUSC que hem organitzat al llarg dels cursos 2016-2017 i 2017-2018. [&hellip;]<\/p>\n","protected":false},"author":2,"featured_media":0,"comment_status":"closed","ping_status":"closed","sticky":false,"template":"","format":"standard","meta":{"_acf_changed":false,"footnotes":""},"categories":[29],"tags":[],"class_list":["post-7387","post","type-post","status-publish","format-standard","hentry","category-uncategorized"],"acf":[],"_links":{"self":[{"href":"https:\/\/www.ub.edu\/cusc\/wp-json\/wp\/v2\/posts\/7387","targetHints":{"allow":["GET"]}}],"collection":[{"href":"https:\/\/www.ub.edu\/cusc\/wp-json\/wp\/v2\/posts"}],"about":[{"href":"https:\/\/www.ub.edu\/cusc\/wp-json\/wp\/v2\/types\/post"}],"author":[{"embeddable":true,"href":"https:\/\/www.ub.edu\/cusc\/wp-json\/wp\/v2\/users\/2"}],"replies":[{"embeddable":true,"href":"https:\/\/www.ub.edu\/cusc\/wp-json\/wp\/v2\/comments?post=7387"}],"version-history":[{"count":0,"href":"https:\/\/www.ub.edu\/cusc\/wp-json\/wp\/v2\/posts\/7387\/revisions"}],"wp:attachment":[{"href":"https:\/\/www.ub.edu\/cusc\/wp-json\/wp\/v2\/media?parent=7387"}],"wp:term":[{"taxonomy":"category","embeddable":true,"href":"https:\/\/www.ub.edu\/cusc\/wp-json\/wp\/v2\/categories?post=7387"},{"taxonomy":"post_tag","embeddable":true,"href":"https:\/\/www.ub.edu\/cusc\/wp-json\/wp\/v2\/tags?post=7387"}],"curies":[{"name":"wp","href":"https:\/\/api.w.org\/{rel}","templated":true}]}}