

 
{"id":7489,"date":"2018-10-29T10:36:42","date_gmt":"2018-10-29T08:36:42","guid":{"rendered":"https:\/\/cuscub.wordpress.com\/?p=7489"},"modified":"2018-10-29T10:36:42","modified_gmt":"2018-10-29T08:36:42","slug":"f-xavier-vila-parla-sobre-el-document-del-nou-model-linguistic-del-sistema-educatiu-de-catalunya","status":"publish","type":"post","link":"https:\/\/www.ub.edu\/cusc\/f-xavier-vila-parla-sobre-el-document-del-nou-model-linguistic-del-sistema-educatiu-de-catalunya\/","title":{"rendered":"F. Xavier Vila parla sobre el document del nou model ling\u00fc\u00edstic del sistema educatiu de Catalunya"},"content":{"rendered":"<p>Avui a <em>La Vangu\u00e0rdia<\/em> apareix una entrevista a F. Xavier Vila, director del Departament de Filologia Catalana i Ling\u00fc\u00edstica General i tamb\u00e9 del CUSC, on comenta el pol\u00e8mic <a href=\"http:\/\/ensenyament.gencat.cat\/web\/.content\/home\/departament\/publicacions\/monografies\/model-linguistic\/model-linguistic-Catalunya-CAT.pdf\">document<\/a> del nou model ling\u00fc\u00edstic de l&#8217;ensenyament a Catalunya presentat pel Departament d&#8217;Ensenyament.<\/p>\n<p>Podeu llegir l&#8217;entrevista aqu\u00ed:<\/p>\n<p><img loading=\"lazy\" decoding=\"async\" class=\"  wp-image-7490 aligncenter\" src=\"http:\/\/www.ub.edu\/cusc\/web\/wp-content\/uploads\/2018\/10\/img_20181029_092400.jpg\" alt=\"IMG_20181029_092400.jpg\" width=\"655\" height=\"1349\" srcset=\"https:\/\/www.ub.edu\/cusc\/wp-content\/uploads\/2018\/10\/img_20181029_092400.jpg 739w, https:\/\/www.ub.edu\/cusc\/wp-content\/uploads\/2018\/10\/img_20181029_092400-146x300.jpg 146w, https:\/\/www.ub.edu\/cusc\/wp-content\/uploads\/2018\/10\/img_20181029_092400-497x1024.jpg 497w, https:\/\/www.ub.edu\/cusc\/wp-content\/uploads\/2018\/10\/img_20181029_092400-187x385.jpg 187w, https:\/\/www.ub.edu\/cusc\/wp-content\/uploads\/2018\/10\/img_20181029_092400-99x204.jpg 99w\" sizes=\"auto, (max-width: 655px) 100vw, 655px\" \/><\/p>\n","protected":false},"excerpt":{"rendered":"<p>Avui a La Vangu\u00e0rdia apareix una entrevista a F. Xavier Vila, director del Departament de Filologia Catalana i Ling\u00fc\u00edstica General i tamb\u00e9 del CUSC, on comenta el pol\u00e8mic document del [&hellip;]<\/p>\n","protected":false},"author":2,"featured_media":0,"comment_status":"closed","ping_status":"closed","sticky":false,"template":"","format":"standard","meta":{"_acf_changed":false,"footnotes":""},"categories":[24,29],"tags":[],"class_list":["post-7489","post","type-post","status-publish","format-standard","hentry","category-presencia-als-mitjans","category-uncategorized"],"acf":[],"_links":{"self":[{"href":"https:\/\/www.ub.edu\/cusc\/wp-json\/wp\/v2\/posts\/7489","targetHints":{"allow":["GET"]}}],"collection":[{"href":"https:\/\/www.ub.edu\/cusc\/wp-json\/wp\/v2\/posts"}],"about":[{"href":"https:\/\/www.ub.edu\/cusc\/wp-json\/wp\/v2\/types\/post"}],"author":[{"embeddable":true,"href":"https:\/\/www.ub.edu\/cusc\/wp-json\/wp\/v2\/users\/2"}],"replies":[{"embeddable":true,"href":"https:\/\/www.ub.edu\/cusc\/wp-json\/wp\/v2\/comments?post=7489"}],"version-history":[{"count":0,"href":"https:\/\/www.ub.edu\/cusc\/wp-json\/wp\/v2\/posts\/7489\/revisions"}],"wp:attachment":[{"href":"https:\/\/www.ub.edu\/cusc\/wp-json\/wp\/v2\/media?parent=7489"}],"wp:term":[{"taxonomy":"category","embeddable":true,"href":"https:\/\/www.ub.edu\/cusc\/wp-json\/wp\/v2\/categories?post=7489"},{"taxonomy":"post_tag","embeddable":true,"href":"https:\/\/www.ub.edu\/cusc\/wp-json\/wp\/v2\/tags?post=7489"}],"curies":[{"name":"wp","href":"https:\/\/api.w.org\/{rel}","templated":true}]}}