

 
{"id":7591,"date":"2019-01-22T10:39:35","date_gmt":"2019-01-22T08:39:35","guid":{"rendered":"https:\/\/cuscub.wordpress.com\/?p=7591"},"modified":"2019-01-22T10:39:35","modified_gmt":"2019-01-22T08:39:35","slug":"accessible-en-linia-el-llibre-ecologia-de-les-llengues-medi-contacte-i-dinamica-sociolinguistica-dalbert-bastardas","status":"publish","type":"post","link":"https:\/\/www.ub.edu\/cusc\/accessible-en-linia-el-llibre-ecologia-de-les-llengues-medi-contacte-i-dinamica-sociolinguistica-dalbert-bastardas\/","title":{"rendered":"Accessible en l\u00ednia el llibre \u00abEcologia de les lleng\u00fces. Medi, contacte i din\u00e0mica socioling\u00fc\u00edstica\u00bb, d&#8217;Albert Bastardas"},"content":{"rendered":"<p>Ja podeu trobar en l\u00ednia el llibre <em>Ecologia de les lleng\u00fces. Medi, contacte i din\u00e0mica socioling\u00fc\u00edstica<\/em>, d&#8217;Albert Bastardas.<\/p>\n<blockquote><p>Aquesta obra pret\u00e9n difondre i estimular l&#8217;aplicaci\u00f3 d&#8217;una perspectiva ecol\u00f2gica i hol\u00edstica a la comprensi\u00f3 dels fen\u00f2mens socioling\u00fc\u00edstics en general i a la dels contactes ling\u00fc\u00edstics en particular. De manera especial, s&#8217;ocupa d&#8217;aprofundir te\u00f2ricament els processos de normalitzaci\u00f3 ling\u00fc\u00edstica -per mitj\u00e0 dels quals una &#8216;llengua&#8217; arriba a una situaci\u00f3 de normalitat i estabilitat despr\u00e9s d&#8217;etapes de recessi\u00f3 i d&#8217;inseguretat- tot posant \u00e8mfasi en el cas catal\u00e0.<\/p><\/blockquote>\n<p>El podeu trobar <a href=\"http:\/\/diposit.ub.edu\/dspace\/handle\/2445\/127446\">aqu\u00ed<\/a>.<\/p>\n<figure id=\"attachment_7592\" aria-describedby=\"caption-attachment-7592\" style=\"width: 325px\" class=\"wp-caption aligncenter\"><img loading=\"lazy\" decoding=\"async\" class=\" size-full wp-image-7592 aligncenter\" src=\"http:\/\/www.ub.edu\/cusc\/web\/wp-content\/uploads\/2019\/01\/sense-t\u00edtol.png\" alt=\"sense t\u00edtol\" width=\"325\" height=\"525\" srcset=\"https:\/\/www.ub.edu\/cusc\/wp-content\/uploads\/2019\/01\/sense-t\u00edtol.png 325w, https:\/\/www.ub.edu\/cusc\/wp-content\/uploads\/2019\/01\/sense-t\u00edtol-186x300.png 186w, https:\/\/www.ub.edu\/cusc\/wp-content\/uploads\/2019\/01\/sense-t\u00edtol-238x385.png 238w, https:\/\/www.ub.edu\/cusc\/wp-content\/uploads\/2019\/01\/sense-t\u00edtol-126x204.png 126w\" sizes=\"auto, (max-width: 325px) 100vw, 325px\" \/><figcaption id=\"caption-attachment-7592\" class=\"wp-caption-text\">Coberta del llibre<\/figcaption><\/figure>\n","protected":false},"excerpt":{"rendered":"<p>Ja podeu trobar en l\u00ednia el llibre Ecologia de les lleng\u00fces. Medi, contacte i din\u00e0mica socioling\u00fc\u00edstica, d&#8217;Albert Bastardas. Aquesta obra pret\u00e9n difondre i estimular l&#8217;aplicaci\u00f3 d&#8217;una perspectiva ecol\u00f2gica i hol\u00edstica [&hellip;]<\/p>\n","protected":false},"author":2,"featured_media":0,"comment_status":"closed","ping_status":"closed","sticky":false,"template":"","format":"standard","meta":{"_acf_changed":false,"footnotes":""},"categories":[19],"tags":[],"class_list":["post-7591","post","type-post","status-publish","format-standard","hentry","category-publicacions"],"acf":[],"_links":{"self":[{"href":"https:\/\/www.ub.edu\/cusc\/wp-json\/wp\/v2\/posts\/7591","targetHints":{"allow":["GET"]}}],"collection":[{"href":"https:\/\/www.ub.edu\/cusc\/wp-json\/wp\/v2\/posts"}],"about":[{"href":"https:\/\/www.ub.edu\/cusc\/wp-json\/wp\/v2\/types\/post"}],"author":[{"embeddable":true,"href":"https:\/\/www.ub.edu\/cusc\/wp-json\/wp\/v2\/users\/2"}],"replies":[{"embeddable":true,"href":"https:\/\/www.ub.edu\/cusc\/wp-json\/wp\/v2\/comments?post=7591"}],"version-history":[{"count":0,"href":"https:\/\/www.ub.edu\/cusc\/wp-json\/wp\/v2\/posts\/7591\/revisions"}],"wp:attachment":[{"href":"https:\/\/www.ub.edu\/cusc\/wp-json\/wp\/v2\/media?parent=7591"}],"wp:term":[{"taxonomy":"category","embeddable":true,"href":"https:\/\/www.ub.edu\/cusc\/wp-json\/wp\/v2\/categories?post=7591"},{"taxonomy":"post_tag","embeddable":true,"href":"https:\/\/www.ub.edu\/cusc\/wp-json\/wp\/v2\/tags?post=7591"}],"curies":[{"name":"wp","href":"https:\/\/api.w.org\/{rel}","templated":true}]}}