

 
{"id":7679,"date":"2019-03-28T13:10:42","date_gmt":"2019-03-28T11:10:42","guid":{"rendered":"https:\/\/cuscub.wordpress.com\/?p=7679"},"modified":"2021-07-22T09:50:42","modified_gmt":"2021-07-22T07:50:42","slug":"presentacio-del-llibre-la-promocio-de-lus-de-la-llengua-des-del-sistema-educatiu-realitats-i-possibilitats","status":"publish","type":"post","link":"https:\/\/www.ub.edu\/cusc\/presentacio-del-llibre-la-promocio-de-lus-de-la-llengua-des-del-sistema-educatiu-realitats-i-possibilitats\/","title":{"rendered":"Presentaci\u00f3 del llibre \u00abLa promoci\u00f3 de l\u2019\u00fas de la llengua des del sistema educatiu: realitats i possibilitats\u00bb"},"content":{"rendered":"<p>El dilluns <strong>8 d\u2019abril<\/strong> a les <strong>19<\/strong> h, a l\u2019<strong>aula 0.2<\/strong> de l\u2019<strong>Edifici Josep Carner<\/strong> de la <strong>Facultat de Filologia<\/strong> (Universitat de Barcelona), tindr\u00e0 lloc la <strong>presentaci\u00f3 del llibre<\/strong> <strong><em><a href=\"http:\/\/www.publicacions.ub.edu\/ficha.aspx?cod=08963\">La promoci\u00f3 de l\u2019\u00fas de la llengua des del sistema educatiu: realitats i possibilitats<\/a><\/em><\/strong>, coordinat per <strong>Emili Boix<\/strong> i <strong>F. Xavier Vila<\/strong>.<\/p>\n<p>L\u2019acte comptar\u00e0 amb la presencia de <strong>M\u00f2nica Pere\u00f1a<\/strong>, Subdirectora General de Pluriling\u00fcisme del Departament d\u2019Ensenyament de la Generalitat de Catalunya i presidenta de LINGUAPAX, i <strong>Jaume Cela<\/strong>, mestre, escriptor i membre del Consell Escolar de Catalunya<\/p>\n<p>El llibre posa a l\u2019abast de la comunitat universit\u00e0ria i educativa en general un conjunt de textos i recursos que faciliten la reflexi\u00f3 sobre la promoci\u00f3 de l\u2019\u00fas i la identificaci\u00f3 amb la llengua catalana. S\u2019estructura en tres blocs tem\u00e0tics. En primer lloc hi ha un cap\u00edtol de caire te\u00f2ric que planteja les bases psicol\u00f2giques de la intervenci\u00f3 sobre els usos ling\u00fc\u00edstics. En segon lloc venen quatre cap\u00edtols que aborden diversos aspectes de la promoci\u00f3 de l\u2019\u00fas de la llengua en el sistema educatiu a quatre territoris catalan\u00f2fons, ordenats per la seva import\u00e0ncia demogr\u00e0fica. Finalment, tanquen el volum dos cap\u00edtols que se centren en les ideologies i els discursos sobre la promoci\u00f3 del catal\u00e0 i la diversitat ling\u00fc\u00edstica entre els docents presents i futurs de Catalunya.<\/p>\n<p>L\u2019acte \u00e9s obert al p\u00fablic i podreu adquirir el volum all\u00e0 mateix!<\/p>\n<p><img loading=\"lazy\" decoding=\"async\" class=\"alignnone size-full wp-image-7680\" src=\"http:\/\/www.ub.edu\/cusc\/web\/wp-content\/uploads\/2019\/03\/targetc3b3.png\" alt=\"Target\u00f3.png\" width=\"973\" height=\"648\" srcset=\"https:\/\/www.ub.edu\/cusc\/wp-content\/uploads\/2019\/03\/targetc3b3.png 973w, https:\/\/www.ub.edu\/cusc\/wp-content\/uploads\/2019\/03\/targetc3b3-300x200.png 300w, https:\/\/www.ub.edu\/cusc\/wp-content\/uploads\/2019\/03\/targetc3b3-768x511.png 768w, https:\/\/www.ub.edu\/cusc\/wp-content\/uploads\/2019\/03\/targetc3b3-578x385.png 578w, https:\/\/www.ub.edu\/cusc\/wp-content\/uploads\/2019\/03\/targetc3b3-285x190.png 285w\" sizes=\"auto, (max-width: 973px) 100vw, 973px\" \/><\/p>\n","protected":false},"excerpt":{"rendered":"<p>El dilluns 8 d\u2019abril a les 19 h, a l\u2019aula 0.2 de l\u2019Edifici Josep Carner de la Facultat de Filologia (Universitat de Barcelona), tindr\u00e0 lloc la presentaci\u00f3 del llibre La [&hellip;]<\/p>\n","protected":false},"author":2,"featured_media":0,"comment_status":"closed","ping_status":"closed","sticky":false,"template":"","format":"standard","meta":{"_acf_changed":false,"footnotes":""},"categories":[21,22,29],"tags":[],"class_list":["post-7679","post","type-post","status-publish","format-standard","hentry","category-actes","category-actes-organitzats","category-uncategorized"],"acf":[],"_links":{"self":[{"href":"https:\/\/www.ub.edu\/cusc\/wp-json\/wp\/v2\/posts\/7679","targetHints":{"allow":["GET"]}}],"collection":[{"href":"https:\/\/www.ub.edu\/cusc\/wp-json\/wp\/v2\/posts"}],"about":[{"href":"https:\/\/www.ub.edu\/cusc\/wp-json\/wp\/v2\/types\/post"}],"author":[{"embeddable":true,"href":"https:\/\/www.ub.edu\/cusc\/wp-json\/wp\/v2\/users\/2"}],"replies":[{"embeddable":true,"href":"https:\/\/www.ub.edu\/cusc\/wp-json\/wp\/v2\/comments?post=7679"}],"version-history":[{"count":0,"href":"https:\/\/www.ub.edu\/cusc\/wp-json\/wp\/v2\/posts\/7679\/revisions"}],"wp:attachment":[{"href":"https:\/\/www.ub.edu\/cusc\/wp-json\/wp\/v2\/media?parent=7679"}],"wp:term":[{"taxonomy":"category","embeddable":true,"href":"https:\/\/www.ub.edu\/cusc\/wp-json\/wp\/v2\/categories?post=7679"},{"taxonomy":"post_tag","embeddable":true,"href":"https:\/\/www.ub.edu\/cusc\/wp-json\/wp\/v2\/tags?post=7679"}],"curies":[{"name":"wp","href":"https:\/\/api.w.org\/{rel}","templated":true}]}}