

 
{"id":779,"date":"2011-11-09T14:36:59","date_gmt":"2011-11-09T12:36:59","guid":{"rendered":"http:\/\/cuscub.wordpress.com\/?p=779"},"modified":"2021-07-22T09:50:47","modified_gmt":"2021-07-22T07:50:47","slug":"workshop-challenges-for-medium-sized-language-communities-in-the-global-era-a-juridical-perspective","status":"publish","type":"post","link":"https:\/\/www.ub.edu\/cusc\/workshop-challenges-for-medium-sized-language-communities-in-the-global-era-a-juridical-perspective\/","title":{"rendered":"Workshop \u00abChallenges for medium-sized language communities in the global era: a juridical perspective\u00bb"},"content":{"rendered":"<p align=\"center\">WORKSHOP a Barcelona<\/p>\n<p align=\"center\"><strong>EL CATAL\u00c0 LLENGUA MITJANA<\/strong><\/p>\n<p align=\"center\"><strong>Challenges for medium-sized language communities in the global era: <\/strong><\/p>\n<p align=\"center\"><strong>a juridical perspective <\/strong><\/p>\n<p align=\"center\">Coordinador: Antoni Milian (Universitat Aut\u00f2noma de Barcelona)<\/p>\n<p align=\"center\"><span style=\"text-decoration:underline;\">(<\/span><a href=\"http:\/\/www.ub.edu\/cusc\/llenguesmitjanes\/\" target=\"_blank\" rel=\"noopener noreferrer\">http:\/\/www.ub.edu\/cusc\/llenguesmitjanes\/<\/a><span style=\"text-decoration:underline;\">) <\/span><\/p>\n<p align=\"center\">Se celebrar\u00e0 a la Sala de Graus de la Universitat de Barcelona,<\/p>\n<p align=\"center\">18 de novembre de 2011<\/p>\n<p>En l&#8217;era de la mundialitzaci\u00f3, el catal\u00e0 \u00e9s una llengua mitjana amena\u00e7ada per les lleng\u00fces internacionals: el castell\u00e0 i l&#8217;angl\u00e8s, particularment. En aquesta jornada volem saber quines s\u00f3n les amenaces que pateixen altres lleng\u00fces mitjanes (o en posici\u00f3 de llengua mitjana: el cas del franc\u00e8s al Canad\u00e0) davant de la mundialitzaci\u00f3, com tamb\u00e9 volem saber quines s\u00f3n les mesures que s&#8217;adopten per salvaguardar-les.<\/p>\n<p><strong>-Programa-<\/strong><\/p>\n<table width=\"460\" border=\"0\" cellpadding=\"0\">\n<tbody>\n<tr>\n<td>9.30h<\/td>\n<td width=\"14\"><\/td>\n<td>Presentaci\u00f3 de la jornada: Antoni Milian<\/td>\n<\/tr>\n<tr>\n<td>10h<\/td>\n<td><\/td>\n<td><strong>El cas del franc\u00e8s al Quebec. Amenaces i reptes interns-<\/strong> Andre Br\u00e4en, Universit\u00e9 d\u2019Ottawa (Universitat d\u2019Otawa)<\/td>\n<\/tr>\n<tr>\n<td>11h<\/td>\n<td><\/td>\n<td><strong>El cas del franc\u00e8s al Quebec. Amenaces i reptes de la mundialitzaci\u00f3 (ALCA\/NAFTA, OMC)-<\/strong>\u00a0 Jos\u00e9 Woehrling, Universit\u00e9 de Montreal (Universitat de Montreal)<\/td>\n<\/tr>\n<tr>\n<td>12h<\/td>\n<td><\/td>\n<td><em>Pausa- caf\u00e8<\/em><\/td>\n<\/tr>\n<tr>\n<td>12.30h<\/td>\n<td><\/td>\n<td><strong>El cas de l&#8217;estoni\u00e0 a Est\u00f2nia. Amenaces i reptes davant l&#8217;angl\u00e8s i la minoria russ\u00f2fona-<\/strong> Mart Rannut, Tallin \u00dclikool (Universitat de Tallin)<\/td>\n<\/tr>\n<tr>\n<td>13.30h<\/td>\n<td><\/td>\n<td><strong>Les lleng\u00fces mitjanes en els mitjans de comunicaci\u00f3. Protecci\u00f3 enfront de l&#8217;angl\u00e8s i altres lleng\u00fces internacionals-<\/strong> I\u00f1igo Urrutia, Universidad del Pa\u00eds Vasco\/ Euskal Herriko Unibertsitatea<\/td>\n<\/tr>\n<\/tbody>\n<\/table>\n<table width=\"628\" border=\"0\" cellpadding=\"0\">\n<tbody>\n<tr>\n<td><\/td>\n<td width=\"20\"><\/td>\n<td><\/td>\n<\/tr>\n<tr>\n<td><\/td>\n<td><\/td>\n<td><\/td>\n<\/tr>\n<tr>\n<td><\/td>\n<td><\/td>\n<td><\/td>\n<\/tr>\n<tr>\n<td><\/td>\n<td><\/td>\n<td><\/td>\n<\/tr>\n<tr>\n<td><\/td>\n<td><\/td>\n<td><\/td>\n<\/tr>\n<tr>\n<td><\/td>\n<td><\/td>\n<td><\/td>\n<\/tr>\n<\/tbody>\n<\/table>\n<p><strong>Detalls del workshop:<\/strong><\/p>\n<p><strong>Data:<\/strong> Divendres,18 de novembre de 2011<br \/>\n<strong>Lloc:<\/strong> Sala de Graus, Facultat de Filologia (UB)<br \/>\n<strong>Contacte:<\/strong> Vanessa Bretxa (vanessa.bretxa@ub.edu)<\/p>\n<p><strong>Idioma:<\/strong> Angl\u00e8s<\/p>\n","protected":false},"excerpt":{"rendered":"<p>WORKSHOP a Barcelona EL CATAL\u00c0 LLENGUA MITJANA Challenges for medium-sized language communities in the global era: a juridical perspective Coordinador: Antoni Milian (Universitat Aut\u00f2noma de Barcelona) (http:\/\/www.ub.edu\/cusc\/llenguesmitjanes\/) Se celebrar\u00e0 a [&hellip;]<\/p>\n","protected":false},"author":2,"featured_media":0,"comment_status":"open","ping_status":"open","sticky":false,"template":"","format":"standard","meta":{"_acf_changed":false,"footnotes":""},"categories":[21,22],"tags":[],"class_list":["post-779","post","type-post","status-publish","format-standard","hentry","category-actes","category-actes-organitzats"],"acf":[],"_links":{"self":[{"href":"https:\/\/www.ub.edu\/cusc\/wp-json\/wp\/v2\/posts\/779","targetHints":{"allow":["GET"]}}],"collection":[{"href":"https:\/\/www.ub.edu\/cusc\/wp-json\/wp\/v2\/posts"}],"about":[{"href":"https:\/\/www.ub.edu\/cusc\/wp-json\/wp\/v2\/types\/post"}],"author":[{"embeddable":true,"href":"https:\/\/www.ub.edu\/cusc\/wp-json\/wp\/v2\/users\/2"}],"replies":[{"embeddable":true,"href":"https:\/\/www.ub.edu\/cusc\/wp-json\/wp\/v2\/comments?post=779"}],"version-history":[{"count":0,"href":"https:\/\/www.ub.edu\/cusc\/wp-json\/wp\/v2\/posts\/779\/revisions"}],"wp:attachment":[{"href":"https:\/\/www.ub.edu\/cusc\/wp-json\/wp\/v2\/media?parent=779"}],"wp:term":[{"taxonomy":"category","embeddable":true,"href":"https:\/\/www.ub.edu\/cusc\/wp-json\/wp\/v2\/categories?post=779"},{"taxonomy":"post_tag","embeddable":true,"href":"https:\/\/www.ub.edu\/cusc\/wp-json\/wp\/v2\/tags?post=779"}],"curies":[{"name":"wp","href":"https:\/\/api.w.org\/{rel}","templated":true}]}}