

 
{"id":7855,"date":"2019-10-08T10:45:28","date_gmt":"2019-10-08T08:45:28","guid":{"rendered":"https:\/\/cuscub.wordpress.com\/?p=7855"},"modified":"2019-10-08T10:45:28","modified_gmt":"2019-10-08T08:45:28","slug":"emili-boix-a-la-universitat-de-georgetown-pact-and-compromise-in-a-multilingual-society","status":"publish","type":"post","link":"https:\/\/www.ub.edu\/cusc\/emili-boix-a-la-universitat-de-georgetown-pact-and-compromise-in-a-multilingual-society\/","title":{"rendered":"Emili Boix a la Universitat de Georgetown: \u00abPact and Compromise in a Multilingual Society\u00bb"},"content":{"rendered":"<p>Dem\u00e0, <strong>9 d\u2019octubre<\/strong> del 2019, <strong>de 15.30 h a 17.30 h<\/strong>, <strong>Emili Boix-Fuster<\/strong> participar\u00e0 a la <strong><a href=\"https:\/\/www.llull.cat\/offices\/newyork\/actualitat_detall.cfm?id=37098&amp;url=dr-emili-boix-fuster-to-talk-about-catalonia-pact-and-compromise-in-a-multilingual-society.html\">2nd Institut Ramon Llull Workshop on Bilingualism<\/a><\/strong>, juntament amb la Dra. Viorica Marian (Northwestern University), a la <a href=\"https:\/\/www.georgetown.edu\/\">Universitat de Georgetown<\/a> (Bakers Room, Regents Building), a Washington. La pon\u00e8ncia de Boix-Fuster es titular\u00e0 \u00abCatalonia: Pact and Compromise in a Multilingual Society\u00bb i se centrar\u00e0 en la discussi\u00f3 dels principals reptes a qu\u00e8 ha d\u2019enfrontar-se la comunitat ling\u00fc\u00edstica de parla catalana: la devaluaci\u00f3, la desintegraci\u00f3, la divisi\u00f3, la desaparici\u00f3 i la desmobilitzaci\u00f3. Tamb\u00e9 hi plantejar\u00e0 una hip\u00f2tesis sobre el possible futur de la llengua catalana com a comunitat ling\u00fc\u00edstica mitjana en l\u2019Europa actual.<\/p>\n<p><img decoding=\"async\" class=\"carousel-img aligncenter\" title=\"Dr. Emili Boix-Fuster to talk about Catalonia: Pact and Compromise in a Multilingual Society\" src=\"https:\/\/llull.cat\/IMAGES_10\/georgetown-bilingualism.jpg\" \/><\/p>\n","protected":false},"excerpt":{"rendered":"<p>Dem\u00e0, 9 d\u2019octubre del 2019, de 15.30 h a 17.30 h, Emili Boix-Fuster participar\u00e0 a la 2nd Institut Ramon Llull Workshop on Bilingualism, juntament amb la Dra. Viorica Marian (Northwestern [&hellip;]<\/p>\n","protected":false},"author":2,"featured_media":0,"comment_status":"closed","ping_status":"closed","sticky":false,"template":"","format":"standard","meta":{"_acf_changed":false,"footnotes":""},"categories":[29],"tags":[],"class_list":["post-7855","post","type-post","status-publish","format-standard","hentry","category-uncategorized"],"acf":[],"_links":{"self":[{"href":"https:\/\/www.ub.edu\/cusc\/wp-json\/wp\/v2\/posts\/7855","targetHints":{"allow":["GET"]}}],"collection":[{"href":"https:\/\/www.ub.edu\/cusc\/wp-json\/wp\/v2\/posts"}],"about":[{"href":"https:\/\/www.ub.edu\/cusc\/wp-json\/wp\/v2\/types\/post"}],"author":[{"embeddable":true,"href":"https:\/\/www.ub.edu\/cusc\/wp-json\/wp\/v2\/users\/2"}],"replies":[{"embeddable":true,"href":"https:\/\/www.ub.edu\/cusc\/wp-json\/wp\/v2\/comments?post=7855"}],"version-history":[{"count":0,"href":"https:\/\/www.ub.edu\/cusc\/wp-json\/wp\/v2\/posts\/7855\/revisions"}],"wp:attachment":[{"href":"https:\/\/www.ub.edu\/cusc\/wp-json\/wp\/v2\/media?parent=7855"}],"wp:term":[{"taxonomy":"category","embeddable":true,"href":"https:\/\/www.ub.edu\/cusc\/wp-json\/wp\/v2\/categories?post=7855"},{"taxonomy":"post_tag","embeddable":true,"href":"https:\/\/www.ub.edu\/cusc\/wp-json\/wp\/v2\/tags?post=7855"}],"curies":[{"name":"wp","href":"https:\/\/api.w.org\/{rel}","templated":true}]}}