

 
{"id":834,"date":"2011-12-19T12:38:39","date_gmt":"2011-12-19T10:38:39","guid":{"rendered":"http:\/\/cuscub.wordpress.com\/?p=834"},"modified":"2011-12-19T12:38:39","modified_gmt":"2011-12-19T10:38:39","slug":"8e-premi-omnium-cultural-bages-de-planificacio-linguistica-2","status":"publish","type":"post","link":"https:\/\/www.ub.edu\/cusc\/8e-premi-omnium-cultural-bages-de-planificacio-linguistica-2\/","title":{"rendered":"8\u00e8 Premi \u00d2mnium Cultural Bages de Planificaci\u00f3 Ling\u00fc\u00edstica"},"content":{"rendered":"<p>Clara Mart\u00edn Riu ha rebut el Premi \u00d2mnium Cultural Bages de Planificaci\u00f3 Ling\u00fc\u00edstica per al treball <em>Pla d\u2019acollida dels<\/em> <em>Castellers de Sants<\/em>, resultat del treball de l\u2019assignatura de Variaci\u00f3 i Pol\u00edtica Ling\u00fc\u00edstica de la UB sota la supervisi\u00f3 de la professora Vanessa Bretxa. El Pla \u00e9s un projecte d\u2019aplicaci\u00f3 real exportable a altres entitats que duguin a terme activitats de lleure o de cultura popular, en qu\u00e8 poden participar infants o joves nouvinguts.<\/p>\n<p>El premi, organitzat per \u00d2mnium Cultural Bages i el Consell Comarcal del Bages, t\u00e9 l\u2019objectiu de promoure projectes de foment de la llengua catalana, tant en diferents sectors i col\u00b7lectius de la societat com en tota la poblaci\u00f3.<\/p>\n<p><a href=\"http:\/\/www.ub.edu\/cusc\/web\/wp-content\/uploads\/2011\/12\/foto1.png\"><img loading=\"lazy\" decoding=\"async\" class=\"aligncenter size-full wp-image-836\" title=\"\" alt=\"\" src=\"http:\/\/www.ub.edu\/cusc\/web\/wp-content\/uploads\/2011\/12\/foto1.png\" height=\"189\" width=\"246\" \/><\/a><\/p>\n","protected":false},"excerpt":{"rendered":"<p>Clara Mart\u00edn Riu ha rebut el Premi \u00d2mnium Cultural Bages de Planificaci\u00f3 Ling\u00fc\u00edstica per al treball Pla d\u2019acollida dels Castellers de Sants, resultat del treball de l\u2019assignatura de Variaci\u00f3 i [&hellip;]<\/p>\n","protected":false},"author":2,"featured_media":0,"comment_status":"open","ping_status":"open","sticky":false,"template":"","format":"standard","meta":{"_acf_changed":false,"footnotes":""},"categories":[26],"tags":[],"class_list":["post-834","post","type-post","status-publish","format-standard","hentry","category-premis"],"acf":[],"_links":{"self":[{"href":"https:\/\/www.ub.edu\/cusc\/wp-json\/wp\/v2\/posts\/834","targetHints":{"allow":["GET"]}}],"collection":[{"href":"https:\/\/www.ub.edu\/cusc\/wp-json\/wp\/v2\/posts"}],"about":[{"href":"https:\/\/www.ub.edu\/cusc\/wp-json\/wp\/v2\/types\/post"}],"author":[{"embeddable":true,"href":"https:\/\/www.ub.edu\/cusc\/wp-json\/wp\/v2\/users\/2"}],"replies":[{"embeddable":true,"href":"https:\/\/www.ub.edu\/cusc\/wp-json\/wp\/v2\/comments?post=834"}],"version-history":[{"count":0,"href":"https:\/\/www.ub.edu\/cusc\/wp-json\/wp\/v2\/posts\/834\/revisions"}],"wp:attachment":[{"href":"https:\/\/www.ub.edu\/cusc\/wp-json\/wp\/v2\/media?parent=834"}],"wp:term":[{"taxonomy":"category","embeddable":true,"href":"https:\/\/www.ub.edu\/cusc\/wp-json\/wp\/v2\/categories?post=834"},{"taxonomy":"post_tag","embeddable":true,"href":"https:\/\/www.ub.edu\/cusc\/wp-json\/wp\/v2\/tags?post=834"}],"curies":[{"name":"wp","href":"https:\/\/api.w.org\/{rel}","templated":true}]}}