

 
{"id":981,"date":"2012-06-04T11:23:53","date_gmt":"2012-06-04T09:23:53","guid":{"rendered":"http:\/\/cuscub.wordpress.com\/?p=981"},"modified":"2012-06-04T11:23:53","modified_gmt":"2012-06-04T09:23:53","slug":"obert-el-periode-de-preinscripcio-per-al-master-i-els-postgraus-del-cusc","status":"publish","type":"post","link":"https:\/\/www.ub.edu\/cusc\/obert-el-periode-de-preinscripcio-per-al-master-i-els-postgraus-del-cusc\/","title":{"rendered":"Obert el per\u00edode de preinscripci\u00f3 al m\u00e0ster i els postgraus en Assessorament Ling\u00fc\u00edstic, Gesti\u00f3 del Multiling\u00fcisme i Serveis Editorials"},"content":{"rendered":"<p>Obert el per\u00edode de preinscripci\u00f3 al M\u00e0ster en Assessorament Ling\u00fc\u00edstic, Gesti\u00f3 del Multiling\u00fcisme i Serveis Editorials i els dos postgraus associats (Postgrau en Assessorament Ling\u00fc\u00edstic i Serveis Editorials i Postgrau en Pol\u00edtica Ling\u00fc\u00edstica i Gesti\u00f3 del Multiling\u00fcisme).<\/p>\n<p>Per a m\u00e9s informaci\u00f3: <a href=\"http:\/\/www.ub.edu\/algmse\" target=\"_blank\" rel=\"noopener noreferrer\">www.ub.edu\/algmse<\/a><\/p>\n","protected":false},"excerpt":{"rendered":"<p>Obert el per\u00edode de preinscripci\u00f3 al M\u00e0ster en Assessorament Ling\u00fc\u00edstic, Gesti\u00f3 del Multiling\u00fcisme i Serveis Editorials i els dos postgraus associats (Postgrau en Assessorament Ling\u00fc\u00edstic i Serveis Editorials i Postgrau [&hellip;]<\/p>\n","protected":false},"author":2,"featured_media":0,"comment_status":"open","ping_status":"open","sticky":false,"template":"","format":"standard","meta":{"_acf_changed":false,"footnotes":""},"categories":[28],"tags":[],"class_list":["post-981","post","type-post","status-publish","format-standard","hentry","category-masters-i-postgraus"],"acf":[],"_links":{"self":[{"href":"https:\/\/www.ub.edu\/cusc\/wp-json\/wp\/v2\/posts\/981","targetHints":{"allow":["GET"]}}],"collection":[{"href":"https:\/\/www.ub.edu\/cusc\/wp-json\/wp\/v2\/posts"}],"about":[{"href":"https:\/\/www.ub.edu\/cusc\/wp-json\/wp\/v2\/types\/post"}],"author":[{"embeddable":true,"href":"https:\/\/www.ub.edu\/cusc\/wp-json\/wp\/v2\/users\/2"}],"replies":[{"embeddable":true,"href":"https:\/\/www.ub.edu\/cusc\/wp-json\/wp\/v2\/comments?post=981"}],"version-history":[{"count":0,"href":"https:\/\/www.ub.edu\/cusc\/wp-json\/wp\/v2\/posts\/981\/revisions"}],"wp:attachment":[{"href":"https:\/\/www.ub.edu\/cusc\/wp-json\/wp\/v2\/media?parent=981"}],"wp:term":[{"taxonomy":"category","embeddable":true,"href":"https:\/\/www.ub.edu\/cusc\/wp-json\/wp\/v2\/categories?post=981"},{"taxonomy":"post_tag","embeddable":true,"href":"https:\/\/www.ub.edu\/cusc\/wp-json\/wp\/v2\/tags?post=981"}],"curies":[{"name":"wp","href":"https:\/\/api.w.org\/{rel}","templated":true}]}}