{"id":2079,"date":"2022-05-30T19:46:00","date_gmt":"2022-05-30T19:46:00","guid":{"rendered":"http:\/\/localhost\/dhigecs\/maletas-didacticas-aprendizaje-a-traves-de-una-experiencia-ludica-y-educativa\/"},"modified":"2023-11-20T12:21:14","modified_gmt":"2023-11-20T12:21:14","slug":"maletas-didacticas-aprendizaje-a-traves-de-una-experiencia-ludica-y-educativa","status":"publish","type":"post","link":"https:\/\/www.ub.edu\/dhigecscom\/ca\/maletas-didacticas-aprendizaje-a-traves-de-una-experiencia-ludica-y-educativa\/","title":{"rendered":"Maletas Did\u00e1cticas; aprendizaje a trav\u00e9s de una experiencia l\u00fadica y educativa"},"content":{"rendered":"\n<p>El tercer <strong>Seminario Internacional de Educaci\u00f3n Art\u00edstica<\/strong> se celebra en el marc de la <a href=\"http:\/\/semanaeducacionartistica.cultura.gob.cl\/\" target=\"_blank\" rel=\"noreferrer noopener\"><strong>II Semana de la Educaci\u00f3n Art\u00edstica<\/strong><\/a> i convoca a tots els actors involucrats en l&#8217;educaci\u00f3. Les seves activitats s\u00f3n impulsades des de la <a href=\"http:\/\/en.unesco.org\/\" target=\"_blank\" rel=\"noreferrer noopener\">UNESCO<\/a> en conjunt amb el <strong>Ministerio de Educaci\u00f3n<\/strong> i <strong>Consejo Nacional de la Cultura y las Artes (CNCA)<\/strong>. La <strong>Universidad de Chile<\/strong> \u00e9s l&#8217;\u00fanica casa d&#8217;estudis que forma part d&#8217;aquesta celebraci\u00f3.<\/p>\n\n<p>Sota el lema &#8220;El arte mueve la educaci\u00f3n&#8221;, la celebraci\u00f3 de la Semana de la Educaci\u00f3n Art\u00edstica en Chile (SEA) t\u00e9 com objetivo sensibilitzar a la comunitat sobre la import\u00e0ncia de la educaci\u00f3 art\u00edstica i posar en valor el rol fundamental que aporta l&#8217;art en la construcci\u00f3 d&#8217;un model educatiu integral i de qualitat. A m\u00e9s, busca promoure i difondre projectes concrets i bones pr\u00e0ctiques en el tema, refor\u00e7ant la cooperaci\u00f3 entre els actors principals promovent la diversitat, el di\u00e0leg cultural i intercultural i la cohesi\u00f3 social.<\/p>\n\n<p>\u00c9s en aquest marc on la Dra. Carolina Mart\u00edn Pi\u00f1ol, del grup DHIGECS, el dia 26 de maig de 2022, ha obert les xerrades i seminaris amb la seva intervenci\u00f3 <strong> &#8220;Maletas Did\u00e1cticas; aprendizaje a trav\u00e9s de una experiencia l\u00fadica y educativa en entornos culturales&#8221; <\/strong>buscant que experts nacionals i internacionals coneguin aquest recurs i potenciar la reflexi\u00f3 sobre el desenvolupament de la educaci\u00f3 art\u00edstica i la rellev\u00e0ncia de la incorporaci\u00f3 de la dimensi\u00f3 art\u00edstica i creativa per aconseguir un model educatiu de qualitat.<\/p>\n","protected":false},"excerpt":{"rendered":"<p>El tercer Seminario Internacional de Educaci\u00f3n Art\u00edstica se celebra en el marc de la II Semana de la Educaci\u00f3n Art\u00edstica i convoca a tots els actors involucrats en l&#8217;educaci\u00f3. Les seves activitats s\u00f3n impulsades des de la UNESCO en conjunt amb el Ministerio de Educaci\u00f3n i Consejo Nacional de la Cultura y las Artes (CNCA). &#8230; <a title=\"Maletas Did\u00e1cticas; aprendizaje a trav\u00e9s de una experiencia l\u00fadica y educativa\" class=\"read-more\" href=\"https:\/\/www.ub.edu\/dhigecscom\/ca\/maletas-didacticas-aprendizaje-a-traves-de-una-experiencia-ludica-y-educativa\/\" aria-label=\"M\u00e9s sobre Maletas Did\u00e1cticas; aprendizaje a trav\u00e9s de una experiencia l\u00fadica y educativa\">Llegiu m\u00e9s<\/a><\/p>\n","protected":false},"author":1,"featured_media":1792,"comment_status":"open","ping_status":"open","sticky":false,"template":"","format":"standard","meta":{"footnotes":""},"categories":[55],"tags":[],"class_list":["post-2079","post","type-post","status-publish","format-standard","has-post-thumbnail","hentry","category-noticies"],"acf":[],"yoast_head":"<!-- This site is optimized with the Yoast SEO plugin v21.7 - https:\/\/yoast.com\/wordpress\/plugins\/seo\/ -->\n<title>Maletas Did\u00e1cticas; aprendizaje a trav\u00e9s de una experiencia l\u00fadica y educativa - Grup DHIGECS<\/title>\n<meta name=\"robots\" content=\"index, follow, max-snippet:-1, max-image-preview:large, max-video-preview:-1\" \/>\n<link rel=\"canonical\" href=\"https:\/\/www.ub.edu\/dhigecscom\/maletas-didacticas-aprendizaje-a-traves-de-una-experiencia-ludica-y-educativa\/\" \/>\n<meta property=\"og:locale\" content=\"ca_ES\" \/>\n<meta property=\"og:type\" content=\"article\" \/>\n<meta property=\"og:title\" content=\"Maletas Did\u00e1cticas; aprendizaje a trav\u00e9s de una experiencia l\u00fadica y educativa - Grup DHIGECS\" \/>\n<meta property=\"og:description\" content=\"El tercer Seminario Internacional de Educaci\u00f3n Art\u00edstica se celebra en el marc de la II Semana de la Educaci\u00f3n Art\u00edstica i convoca a tots els actors involucrats en l&#8217;educaci\u00f3. Les seves activitats s\u00f3n impulsades des de la UNESCO en conjunt amb el Ministerio de Educaci\u00f3n i Consejo Nacional de la Cultura y las Artes (CNCA). ... Llegiu m\u00e9s\" \/>\n<meta property=\"og:url\" content=\"https:\/\/www.ub.edu\/dhigecscom\/maletas-didacticas-aprendizaje-a-traves-de-una-experiencia-ludica-y-educativa\/\" \/>\n<meta property=\"og:site_name\" content=\"Grup DHIGECS\" \/>\n<meta property=\"article:published_time\" content=\"2022-05-30T19:46:00+00:00\" \/>\n<meta property=\"article:modified_time\" content=\"2023-11-20T12:21:14+00:00\" \/>\n<meta property=\"og:image\" content=\"https:\/\/www.ub.edu\/dhigecscom\/wp-content\/uploads\/2023\/06\/invitados-2-1081x642-1.png\" \/>\n\t<meta property=\"og:image:width\" content=\"1081\" \/>\n\t<meta property=\"og:image:height\" content=\"642\" \/>\n\t<meta property=\"og:image:type\" content=\"image\/png\" \/>\n<meta name=\"author\" content=\"Albert\" \/>\n<meta name=\"twitter:card\" content=\"summary_large_image\" \/>\n<meta name=\"twitter:creator\" content=\"@Albert\" \/>\n<meta name=\"twitter:label1\" content=\"Escrit per\" \/>\n\t<meta name=\"twitter:data1\" content=\"Albert\" \/>\n\t<meta name=\"twitter:label2\" content=\"Temps estimat de lectura\" \/>\n\t<meta name=\"twitter:data2\" content=\"1 minut\" \/>\n<script type=\"application\/ld+json\" class=\"yoast-schema-graph\">{\"@context\":\"https:\/\/schema.org\",\"@graph\":[{\"@type\":\"Article\",\"@id\":\"https:\/\/www.ub.edu\/dhigecscom\/maletas-didacticas-aprendizaje-a-traves-de-una-experiencia-ludica-y-educativa\/#article\",\"isPartOf\":{\"@id\":\"https:\/\/www.ub.edu\/dhigecscom\/maletas-didacticas-aprendizaje-a-traves-de-una-experiencia-ludica-y-educativa\/\"},\"author\":{\"name\":\"Albert\",\"@id\":\"https:\/\/www.ub.edu\/dhigecscom\/#\/schema\/person\/112cd4f565f82a29e73874e57c0d8bf5\"},\"headline\":\"Maletas Did\u00e1cticas; aprendizaje a trav\u00e9s de una experiencia l\u00fadica y educativa\",\"datePublished\":\"2022-05-30T19:46:00+00:00\",\"dateModified\":\"2023-11-20T12:21:14+00:00\",\"mainEntityOfPage\":{\"@id\":\"https:\/\/www.ub.edu\/dhigecscom\/maletas-didacticas-aprendizaje-a-traves-de-una-experiencia-ludica-y-educativa\/\"},\"wordCount\":279,\"commentCount\":0,\"publisher\":{\"@id\":\"https:\/\/www.ub.edu\/dhigecscom\/#organization\"},\"articleSection\":[\"Not\u00edcies\"],\"inLanguage\":\"ca\",\"potentialAction\":[{\"@type\":\"CommentAction\",\"name\":\"Comment\",\"target\":[\"https:\/\/www.ub.edu\/dhigecscom\/maletas-didacticas-aprendizaje-a-traves-de-una-experiencia-ludica-y-educativa\/#respond\"]}]},{\"@type\":\"WebPage\",\"@id\":\"https:\/\/www.ub.edu\/dhigecscom\/maletas-didacticas-aprendizaje-a-traves-de-una-experiencia-ludica-y-educativa\/\",\"url\":\"https:\/\/www.ub.edu\/dhigecscom\/maletas-didacticas-aprendizaje-a-traves-de-una-experiencia-ludica-y-educativa\/\",\"name\":\"Maletas Did\u00e1cticas; aprendizaje a trav\u00e9s de una experiencia l\u00fadica y educativa - Grup DHIGECS\",\"isPartOf\":{\"@id\":\"https:\/\/www.ub.edu\/dhigecscom\/#website\"},\"datePublished\":\"2022-05-30T19:46:00+00:00\",\"dateModified\":\"2023-11-20T12:21:14+00:00\",\"breadcrumb\":{\"@id\":\"https:\/\/www.ub.edu\/dhigecscom\/maletas-didacticas-aprendizaje-a-traves-de-una-experiencia-ludica-y-educativa\/#breadcrumb\"},\"inLanguage\":\"ca\",\"potentialAction\":[{\"@type\":\"ReadAction\",\"target\":[\"https:\/\/www.ub.edu\/dhigecscom\/maletas-didacticas-aprendizaje-a-traves-de-una-experiencia-ludica-y-educativa\/\"]}]},{\"@type\":\"BreadcrumbList\",\"@id\":\"https:\/\/www.ub.edu\/dhigecscom\/maletas-didacticas-aprendizaje-a-traves-de-una-experiencia-ludica-y-educativa\/#breadcrumb\",\"itemListElement\":[{\"@type\":\"ListItem\",\"position\":1,\"name\":\"Portada\",\"item\":\"https:\/\/www.ub.edu\/dhigecscom\/ca\/home\/\"},{\"@type\":\"ListItem\",\"position\":2,\"name\":\"Maletas Did\u00e1cticas; aprendizaje a trav\u00e9s de una experiencia l\u00fadica y educativa\"}]},{\"@type\":\"WebSite\",\"@id\":\"https:\/\/www.ub.edu\/dhigecscom\/#website\",\"url\":\"https:\/\/www.ub.edu\/dhigecscom\/\",\"name\":\"Grup DHIGECS\",\"description\":\"\",\"publisher\":{\"@id\":\"https:\/\/www.ub.edu\/dhigecscom\/#organization\"},\"potentialAction\":[{\"@type\":\"SearchAction\",\"target\":{\"@type\":\"EntryPoint\",\"urlTemplate\":\"https:\/\/www.ub.edu\/dhigecscom\/?s={search_term_string}\"},\"query-input\":\"required name=search_term_string\"}],\"inLanguage\":\"ca\"},{\"@type\":\"Organization\",\"@id\":\"https:\/\/www.ub.edu\/dhigecscom\/#organization\",\"name\":\"Grup DHIGECS\",\"url\":\"https:\/\/www.ub.edu\/dhigecscom\/\",\"logo\":{\"@type\":\"ImageObject\",\"inLanguage\":\"ca\",\"@id\":\"https:\/\/www.ub.edu\/dhigecscom\/#\/schema\/logo\/image\/\",\"url\":\"https:\/\/www.ub.edu\/dhigecscom\/wp-content\/uploads\/2023\/06\/Logo_Wh_01-Crop.png\",\"contentUrl\":\"https:\/\/www.ub.edu\/dhigecscom\/wp-content\/uploads\/2023\/06\/Logo_Wh_01-Crop.png\",\"width\":2077,\"height\":474,\"caption\":\"Grup DHIGECS\"},\"image\":{\"@id\":\"https:\/\/www.ub.edu\/dhigecscom\/#\/schema\/logo\/image\/\"}},{\"@type\":\"Person\",\"@id\":\"https:\/\/www.ub.edu\/dhigecscom\/#\/schema\/person\/112cd4f565f82a29e73874e57c0d8bf5\",\"name\":\"Albert\",\"image\":{\"@type\":\"ImageObject\",\"inLanguage\":\"ca\",\"@id\":\"https:\/\/www.ub.edu\/dhigecscom\/#\/schema\/person\/image\/\",\"url\":\"https:\/\/secure.gravatar.com\/avatar\/88f196bcc33c42186a81f3ae37e5c1a7e3c4616d13e73c904d1cbfc1b7b726f4?s=96&d=mm&r=g\",\"contentUrl\":\"https:\/\/secure.gravatar.com\/avatar\/88f196bcc33c42186a81f3ae37e5c1a7e3c4616d13e73c904d1cbfc1b7b726f4?s=96&d=mm&r=g\",\"caption\":\"Albert\"},\"sameAs\":[\"https:\/\/acalvet.com\",\"https:\/\/twitter.com\/Albert\"],\"url\":\"https:\/\/www.ub.edu\/dhigecscom\/ca\/author\/albert\/\"}]}<\/script>\n<!-- \/ Yoast SEO plugin. -->","yoast_head_json":{"title":"Maletas Did\u00e1cticas; aprendizaje a trav\u00e9s de una experiencia l\u00fadica y educativa - Grup DHIGECS","robots":{"index":"index","follow":"follow","max-snippet":"max-snippet:-1","max-image-preview":"max-image-preview:large","max-video-preview":"max-video-preview:-1"},"canonical":"https:\/\/www.ub.edu\/dhigecscom\/maletas-didacticas-aprendizaje-a-traves-de-una-experiencia-ludica-y-educativa\/","og_locale":"ca_ES","og_type":"article","og_title":"Maletas Did\u00e1cticas; aprendizaje a trav\u00e9s de una experiencia l\u00fadica y educativa - Grup DHIGECS","og_description":"El tercer Seminario Internacional de Educaci\u00f3n Art\u00edstica se celebra en el marc de la II Semana de la Educaci\u00f3n Art\u00edstica i convoca a tots els actors involucrats en l&#8217;educaci\u00f3. Les seves activitats s\u00f3n impulsades des de la UNESCO en conjunt amb el Ministerio de Educaci\u00f3n i Consejo Nacional de la Cultura y las Artes (CNCA). ... Llegiu m\u00e9s","og_url":"https:\/\/www.ub.edu\/dhigecscom\/maletas-didacticas-aprendizaje-a-traves-de-una-experiencia-ludica-y-educativa\/","og_site_name":"Grup DHIGECS","article_published_time":"2022-05-30T19:46:00+00:00","article_modified_time":"2023-11-20T12:21:14+00:00","og_image":[{"width":1081,"height":642,"url":"https:\/\/www.ub.edu\/dhigecscom\/wp-content\/uploads\/2023\/06\/invitados-2-1081x642-1.png","type":"image\/png"}],"author":"Albert","twitter_card":"summary_large_image","twitter_creator":"@Albert","twitter_misc":{"Escrit per":"Albert","Temps estimat de lectura":"1 minut"},"schema":{"@context":"https:\/\/schema.org","@graph":[{"@type":"Article","@id":"https:\/\/www.ub.edu\/dhigecscom\/maletas-didacticas-aprendizaje-a-traves-de-una-experiencia-ludica-y-educativa\/#article","isPartOf":{"@id":"https:\/\/www.ub.edu\/dhigecscom\/maletas-didacticas-aprendizaje-a-traves-de-una-experiencia-ludica-y-educativa\/"},"author":{"name":"Albert","@id":"https:\/\/www.ub.edu\/dhigecscom\/#\/schema\/person\/112cd4f565f82a29e73874e57c0d8bf5"},"headline":"Maletas Did\u00e1cticas; aprendizaje a trav\u00e9s de una experiencia l\u00fadica y educativa","datePublished":"2022-05-30T19:46:00+00:00","dateModified":"2023-11-20T12:21:14+00:00","mainEntityOfPage":{"@id":"https:\/\/www.ub.edu\/dhigecscom\/maletas-didacticas-aprendizaje-a-traves-de-una-experiencia-ludica-y-educativa\/"},"wordCount":279,"commentCount":0,"publisher":{"@id":"https:\/\/www.ub.edu\/dhigecscom\/#organization"},"articleSection":["Not\u00edcies"],"inLanguage":"ca","potentialAction":[{"@type":"CommentAction","name":"Comment","target":["https:\/\/www.ub.edu\/dhigecscom\/maletas-didacticas-aprendizaje-a-traves-de-una-experiencia-ludica-y-educativa\/#respond"]}]},{"@type":"WebPage","@id":"https:\/\/www.ub.edu\/dhigecscom\/maletas-didacticas-aprendizaje-a-traves-de-una-experiencia-ludica-y-educativa\/","url":"https:\/\/www.ub.edu\/dhigecscom\/maletas-didacticas-aprendizaje-a-traves-de-una-experiencia-ludica-y-educativa\/","name":"Maletas Did\u00e1cticas; aprendizaje a trav\u00e9s de una experiencia l\u00fadica y educativa - Grup DHIGECS","isPartOf":{"@id":"https:\/\/www.ub.edu\/dhigecscom\/#website"},"datePublished":"2022-05-30T19:46:00+00:00","dateModified":"2023-11-20T12:21:14+00:00","breadcrumb":{"@id":"https:\/\/www.ub.edu\/dhigecscom\/maletas-didacticas-aprendizaje-a-traves-de-una-experiencia-ludica-y-educativa\/#breadcrumb"},"inLanguage":"ca","potentialAction":[{"@type":"ReadAction","target":["https:\/\/www.ub.edu\/dhigecscom\/maletas-didacticas-aprendizaje-a-traves-de-una-experiencia-ludica-y-educativa\/"]}]},{"@type":"BreadcrumbList","@id":"https:\/\/www.ub.edu\/dhigecscom\/maletas-didacticas-aprendizaje-a-traves-de-una-experiencia-ludica-y-educativa\/#breadcrumb","itemListElement":[{"@type":"ListItem","position":1,"name":"Portada","item":"https:\/\/www.ub.edu\/dhigecscom\/ca\/home\/"},{"@type":"ListItem","position":2,"name":"Maletas Did\u00e1cticas; aprendizaje a trav\u00e9s de una experiencia l\u00fadica y educativa"}]},{"@type":"WebSite","@id":"https:\/\/www.ub.edu\/dhigecscom\/#website","url":"https:\/\/www.ub.edu\/dhigecscom\/","name":"Grup DHIGECS","description":"","publisher":{"@id":"https:\/\/www.ub.edu\/dhigecscom\/#organization"},"potentialAction":[{"@type":"SearchAction","target":{"@type":"EntryPoint","urlTemplate":"https:\/\/www.ub.edu\/dhigecscom\/?s={search_term_string}"},"query-input":"required name=search_term_string"}],"inLanguage":"ca"},{"@type":"Organization","@id":"https:\/\/www.ub.edu\/dhigecscom\/#organization","name":"Grup DHIGECS","url":"https:\/\/www.ub.edu\/dhigecscom\/","logo":{"@type":"ImageObject","inLanguage":"ca","@id":"https:\/\/www.ub.edu\/dhigecscom\/#\/schema\/logo\/image\/","url":"https:\/\/www.ub.edu\/dhigecscom\/wp-content\/uploads\/2023\/06\/Logo_Wh_01-Crop.png","contentUrl":"https:\/\/www.ub.edu\/dhigecscom\/wp-content\/uploads\/2023\/06\/Logo_Wh_01-Crop.png","width":2077,"height":474,"caption":"Grup DHIGECS"},"image":{"@id":"https:\/\/www.ub.edu\/dhigecscom\/#\/schema\/logo\/image\/"}},{"@type":"Person","@id":"https:\/\/www.ub.edu\/dhigecscom\/#\/schema\/person\/112cd4f565f82a29e73874e57c0d8bf5","name":"Albert","image":{"@type":"ImageObject","inLanguage":"ca","@id":"https:\/\/www.ub.edu\/dhigecscom\/#\/schema\/person\/image\/","url":"https:\/\/secure.gravatar.com\/avatar\/88f196bcc33c42186a81f3ae37e5c1a7e3c4616d13e73c904d1cbfc1b7b726f4?s=96&d=mm&r=g","contentUrl":"https:\/\/secure.gravatar.com\/avatar\/88f196bcc33c42186a81f3ae37e5c1a7e3c4616d13e73c904d1cbfc1b7b726f4?s=96&d=mm&r=g","caption":"Albert"},"sameAs":["https:\/\/acalvet.com","https:\/\/twitter.com\/Albert"],"url":"https:\/\/www.ub.edu\/dhigecscom\/ca\/author\/albert\/"}]}},"_links":{"self":[{"href":"https:\/\/www.ub.edu\/dhigecscom\/ca\/wp-json\/wp\/v2\/posts\/2079","targetHints":{"allow":["GET"]}}],"collection":[{"href":"https:\/\/www.ub.edu\/dhigecscom\/ca\/wp-json\/wp\/v2\/posts"}],"about":[{"href":"https:\/\/www.ub.edu\/dhigecscom\/ca\/wp-json\/wp\/v2\/types\/post"}],"author":[{"embeddable":true,"href":"https:\/\/www.ub.edu\/dhigecscom\/ca\/wp-json\/wp\/v2\/users\/1"}],"replies":[{"embeddable":true,"href":"https:\/\/www.ub.edu\/dhigecscom\/ca\/wp-json\/wp\/v2\/comments?post=2079"}],"version-history":[{"count":1,"href":"https:\/\/www.ub.edu\/dhigecscom\/ca\/wp-json\/wp\/v2\/posts\/2079\/revisions"}],"predecessor-version":[{"id":2080,"href":"https:\/\/www.ub.edu\/dhigecscom\/ca\/wp-json\/wp\/v2\/posts\/2079\/revisions\/2080"}],"wp:featuredmedia":[{"embeddable":true,"href":"https:\/\/www.ub.edu\/dhigecscom\/ca\/wp-json\/wp\/v2\/media\/1792"}],"wp:attachment":[{"href":"https:\/\/www.ub.edu\/dhigecscom\/ca\/wp-json\/wp\/v2\/media?parent=2079"}],"wp:term":[{"taxonomy":"category","embeddable":true,"href":"https:\/\/www.ub.edu\/dhigecscom\/ca\/wp-json\/wp\/v2\/categories?post=2079"},{"taxonomy":"post_tag","embeddable":true,"href":"https:\/\/www.ub.edu\/dhigecscom\/ca\/wp-json\/wp\/v2\/tags?post=2079"}],"curies":[{"name":"wp","href":"https:\/\/api.w.org\/{rel}","templated":true}]}}