{"id":3057,"date":"2024-09-12T12:36:31","date_gmt":"2024-09-12T12:36:31","guid":{"rendered":"https:\/\/www.ub.edu\/dhigecscom\/?p=3057"},"modified":"2024-09-12T12:46:44","modified_gmt":"2024-09-12T12:46:44","slug":"inscripciones-abiertas-xxxiv-seminario-josep-fontana-curso-2024-2025","status":"publish","type":"post","link":"https:\/\/www.ub.edu\/dhigecscom\/inscripciones-abiertas-xxxiv-seminario-josep-fontana-curso-2024-2025\/","title":{"rendered":"\u00a1Inscripciones abiertas! XXXIV Seminario Josep Fontana curso 2024-2025"},"content":{"rendered":"\t\t<div data-elementor-type=\"wp-post\" data-elementor-id=\"3057\" class=\"elementor elementor-3057\" data-elementor-post-type=\"post\">\n\t\t\t\t\t\t\t<div class=\"elementor-element elementor-element-927b9f1 e-flex e-con-boxed e-con e-parent\" data-id=\"927b9f1\" data-element_type=\"container\" data-settings=\"{&quot;container_type&quot;:&quot;flex&quot;,&quot;content_width&quot;:&quot;boxed&quot;}\" data-core-v316-plus=\"true\">\n\t\t\t\t\t<div class=\"e-con-inner\">\n\t\t\t\t<div class=\"elementor-element elementor-element-ef5f5d1 elementor-widget elementor-widget-text-editor\" data-id=\"ef5f5d1\" data-element_type=\"widget\" data-widget_type=\"text-editor.default\">\n\t\t\t\t<div class=\"elementor-widget-container\">\n\t\t\t<style>\/*! elementor - v3.18.0 - 08-12-2023 *\/\n.elementor-widget-text-editor.elementor-drop-cap-view-stacked .elementor-drop-cap{background-color:#69727d;color:#fff}.elementor-widget-text-editor.elementor-drop-cap-view-framed .elementor-drop-cap{color:#69727d;border:3px solid;background-color:transparent}.elementor-widget-text-editor:not(.elementor-drop-cap-view-default) .elementor-drop-cap{margin-top:8px}.elementor-widget-text-editor:not(.elementor-drop-cap-view-default) .elementor-drop-cap-letter{width:1em;height:1em}.elementor-widget-text-editor .elementor-drop-cap{float:left;text-align:center;line-height:1;font-size:50px}.elementor-widget-text-editor .elementor-drop-cap-letter{display:inline-block}<\/style>\t\t\t\t<p>\u00a1Ya est\u00e1n abiertas las inscripciones para el <strong>XXXIV Seminario Josep Fontana<\/strong>!<\/p>\t\t\t\t\t\t<\/div>\n\t\t\t\t<\/div>\n\t\t\t\t<div class=\"elementor-element elementor-element-c65b7c2 elementor-widget elementor-widget-text-editor\" data-id=\"c65b7c2\" data-element_type=\"widget\" data-widget_type=\"text-editor.default\">\n\t\t\t\t<div class=\"elementor-widget-container\">\n\t\t\t\t\t\t\t<p>El objetivo de este seminario, organizado cada curso por el <strong>Instituto de Historia Jaume Vicens i Vives<\/strong> <strong>(IUHJVV)<\/strong> y el Grupo de Investigaci\u00f3n de <strong>Did\u00e1ctica de la Historia, la Geograf\u00eda y otras Ciencias Sociales &#8211; Comunicaci\u00f3n (DHIGECS-COM)<\/strong> de la Universidad de Barcelona, es ofrecer una visi\u00f3n rigurosa y actualizada sobre temas de historia y sobre problem\u00e1ticas mundiales actuales y su did\u00e1ctica.\u00a0<\/p><p>Las sesiones, a cargo de reconocidos especialistas en cada una de las materias que se tratan, constan de una parte te\u00f3rica y un debate posterior.<\/p><p>El programa previsto para el curso 2024-2025 ser\u00e1 el siguiente:<\/p><ul><li>26 de octubre de 2024. \u201cNoucentisme vs Modernisme\u201d a cargo de Mita Casacuberta, Universidad de Girona.<\/li><li>16 de noviembre de 2024. \u201cEl arte ensangrentado: Saqueados y saqueadores durante el Tercer Reich\u201d a cargo de Imma Socias y Joan Santacana, Universidad de Barcelona.<\/li><li>14 de diciembre de 2024. \u201c\u00bfD\u00f3nde est\u00e1n las mujeres? Mapeando el g\u00e9nero y el patriarcado en Catalu\u00f1a (1924-2024)\u201d a cargo de Rosa Cerarols, Universidad Pompeu Fabra.<\/li><li>18 de enero de 2025. \u201cEducaci\u00f3n en Catalu\u00f1a: evidencias y perplejidades\u201d a cargo de Gregorio Luri, Universidad de Barcelona.<\/li><li>15 de febrero de 2025. \u201cEl turismo y los procesos de gentrificaci\u00f3n\u201d a cargo de Lola S\u00e1nchez Aguilera, Universidad de Barcelona.<\/li><li>15 de marzo de 2025. \u201cEl conflicto Israel-Palestina\u201d a cargo de Albert Garc\u00eda Balany\u00e0, Universidad Pompeu Fabra.<\/li><li>26 de abril de 2025. \u201cEl franquismo: una nueva perspectiva\u201d a cargo de Nicol\u00e1s Sesma, Universit\u00e9 Grenoble-Alpes.<\/li><li>17 de mayo de 2025. Salida comentada al cementerio de Montju\u00efc.<\/li><\/ul>\t\t\t\t\t\t<\/div>\n\t\t\t\t<\/div>\n\t\t\t\t<div class=\"elementor-element elementor-element-c78c805 elementor-widget elementor-widget-text-editor\" data-id=\"c78c805\" data-element_type=\"widget\" data-widget_type=\"text-editor.default\">\n\t\t\t\t<div class=\"elementor-widget-container\">\n\t\t\t\t\t\t\t<p>Inscripciones hasta el 30 de septiembre.<\/p>\t\t\t\t\t\t<\/div>\n\t\t\t\t<\/div>\n\t\t\t\t<div class=\"elementor-element elementor-element-1369aa8 elementor-align-center elementor-widget elementor-widget-button\" data-id=\"1369aa8\" data-element_type=\"widget\" data-widget_type=\"button.default\">\n\t\t\t\t<div class=\"elementor-widget-container\">\n\t\t\t\t\t<div class=\"elementor-button-wrapper\">\n\t\t\t<a class=\"elementor-button elementor-button-link elementor-size-sm\" href=\"https:\/\/eventum.upf.edu\/120153\/detail\/xxxiv-seminari-per-a-professors-d-historia-d-ies-josep-fontana.html\">\n\t\t\t\t\t\t<span class=\"elementor-button-content-wrapper\">\n\t\t\t\t\t\t<span class=\"elementor-button-text\">M\u00e1s informaci\u00f3n e INSCRIPCIONES<\/span>\n\t\t<\/span>\n\t\t\t\t\t<\/a>\n\t\t<\/div>\n\t\t\t\t<\/div>\n\t\t\t\t<\/div>\n\t\t\t\t\t<\/div>\n\t\t\t\t<\/div>\n\t\t\t\t\t\t\t<\/div>\n\t\t","protected":false},"excerpt":{"rendered":"<p>\u00a1Ya est\u00e1n abiertas las inscripciones para el XXXIV Seminario Josep Fontana! El objetivo de este seminario, organizado cada curso por el Instituto de Historia Jaume Vicens i Vives (IUHJVV) y el Grupo de Investigaci\u00f3n de Did\u00e1ctica de la Historia, la Geograf\u00eda y otras Ciencias Sociales &#8211; Comunicaci\u00f3n (DHIGECS-COM) de la Universidad de Barcelona, es ofrecer &#8230; <a title=\"\u00a1Inscripciones abiertas! XXXIV Seminario Josep Fontana curso 2024-2025\" class=\"read-more\" href=\"https:\/\/www.ub.edu\/dhigecscom\/inscripciones-abiertas-xxxiv-seminario-josep-fontana-curso-2024-2025\/\" aria-label=\"M\u00e1s en \u00a1Inscripciones abiertas! XXXIV Seminario Josep Fontana curso 2024-2025\">Leer m\u00e1s<\/a><\/p>\n","protected":false},"author":2,"featured_media":3059,"comment_status":"closed","ping_status":"open","sticky":false,"template":"","format":"standard","meta":{"footnotes":""},"categories":[4,1],"tags":[],"class_list":["post-3057","post","type-post","status-publish","format-standard","has-post-thumbnail","hentry","category-noticias","category-sin-categorizar"],"acf":[],"yoast_head":"<!-- This site is optimized with the Yoast SEO plugin v21.7 - https:\/\/yoast.com\/wordpress\/plugins\/seo\/ -->\n<title>\u00a1Inscripciones abiertas! XXXIV Seminario Josep Fontana curso 2024-2025 - Grup DHIGECS<\/title>\n<meta name=\"robots\" content=\"index, follow, max-snippet:-1, max-image-preview:large, max-video-preview:-1\" \/>\n<link rel=\"canonical\" href=\"https:\/\/www.ub.edu\/dhigecscom\/inscripciones-abiertas-xxxiv-seminario-josep-fontana-curso-2024-2025\/\" \/>\n<meta property=\"og:locale\" content=\"es_ES\" \/>\n<meta property=\"og:type\" content=\"article\" \/>\n<meta property=\"og:title\" content=\"\u00a1Inscripciones abiertas! XXXIV Seminario Josep Fontana curso 2024-2025 - Grup DHIGECS\" \/>\n<meta property=\"og:description\" content=\"\u00a1Ya est\u00e1n abiertas las inscripciones para el XXXIV Seminario Josep Fontana! El objetivo de este seminario, organizado cada curso por el Instituto de Historia Jaume Vicens i Vives (IUHJVV) y el Grupo de Investigaci\u00f3n de Did\u00e1ctica de la Historia, la Geograf\u00eda y otras Ciencias Sociales &#8211; Comunicaci\u00f3n (DHIGECS-COM) de la Universidad de Barcelona, es ofrecer ... Leer m\u00e1s\" \/>\n<meta property=\"og:url\" content=\"https:\/\/www.ub.edu\/dhigecscom\/inscripciones-abiertas-xxxiv-seminario-josep-fontana-curso-2024-2025\/\" \/>\n<meta property=\"og:site_name\" content=\"Grup DHIGECS\" \/>\n<meta property=\"article:published_time\" content=\"2024-09-12T12:36:31+00:00\" \/>\n<meta property=\"article:modified_time\" content=\"2024-09-12T12:46:44+00:00\" \/>\n<meta property=\"og:image\" content=\"https:\/\/www.ub.edu\/dhigecscom\/wp-content\/uploads\/2024\/09\/Imagen-destacada-horizontal-1.png\" \/>\n\t<meta property=\"og:image:width\" content=\"1200\" \/>\n\t<meta property=\"og:image:height\" content=\"642\" \/>\n\t<meta property=\"og:image:type\" content=\"image\/png\" \/>\n<meta name=\"author\" content=\"dhigecscom\" \/>\n<meta name=\"twitter:card\" content=\"summary_large_image\" \/>\n<meta name=\"twitter:label1\" content=\"Escrito por\" \/>\n\t<meta name=\"twitter:data1\" content=\"dhigecscom\" \/>\n\t<meta name=\"twitter:label2\" content=\"Tiempo de lectura\" \/>\n\t<meta name=\"twitter:data2\" content=\"2 minutos\" \/>\n<script type=\"application\/ld+json\" class=\"yoast-schema-graph\">{\"@context\":\"https:\/\/schema.org\",\"@graph\":[{\"@type\":\"Article\",\"@id\":\"https:\/\/www.ub.edu\/dhigecscom\/inscripciones-abiertas-xxxiv-seminario-josep-fontana-curso-2024-2025\/#article\",\"isPartOf\":{\"@id\":\"https:\/\/www.ub.edu\/dhigecscom\/inscripciones-abiertas-xxxiv-seminario-josep-fontana-curso-2024-2025\/\"},\"author\":{\"name\":\"dhigecscom\",\"@id\":\"https:\/\/www.ub.edu\/dhigecscom\/#\/schema\/person\/86bb42101a35923d0ad1d1c1324c12b3\"},\"headline\":\"\u00a1Inscripciones abiertas! XXXIV Seminario Josep Fontana curso 2024-2025\",\"datePublished\":\"2024-09-12T12:36:31+00:00\",\"dateModified\":\"2024-09-12T12:46:44+00:00\",\"mainEntityOfPage\":{\"@id\":\"https:\/\/www.ub.edu\/dhigecscom\/inscripciones-abiertas-xxxiv-seminario-josep-fontana-curso-2024-2025\/\"},\"wordCount\":283,\"publisher\":{\"@id\":\"https:\/\/www.ub.edu\/dhigecscom\/#organization\"},\"articleSection\":[\"Noticias\",\"Sin categorizar\"],\"inLanguage\":\"es\"},{\"@type\":\"WebPage\",\"@id\":\"https:\/\/www.ub.edu\/dhigecscom\/inscripciones-abiertas-xxxiv-seminario-josep-fontana-curso-2024-2025\/\",\"url\":\"https:\/\/www.ub.edu\/dhigecscom\/inscripciones-abiertas-xxxiv-seminario-josep-fontana-curso-2024-2025\/\",\"name\":\"\u00a1Inscripciones abiertas! XXXIV Seminario Josep Fontana curso 2024-2025 - Grup DHIGECS\",\"isPartOf\":{\"@id\":\"https:\/\/www.ub.edu\/dhigecscom\/#website\"},\"datePublished\":\"2024-09-12T12:36:31+00:00\",\"dateModified\":\"2024-09-12T12:46:44+00:00\",\"breadcrumb\":{\"@id\":\"https:\/\/www.ub.edu\/dhigecscom\/inscripciones-abiertas-xxxiv-seminario-josep-fontana-curso-2024-2025\/#breadcrumb\"},\"inLanguage\":\"es\",\"potentialAction\":[{\"@type\":\"ReadAction\",\"target\":[\"https:\/\/www.ub.edu\/dhigecscom\/inscripciones-abiertas-xxxiv-seminario-josep-fontana-curso-2024-2025\/\"]}]},{\"@type\":\"BreadcrumbList\",\"@id\":\"https:\/\/www.ub.edu\/dhigecscom\/inscripciones-abiertas-xxxiv-seminario-josep-fontana-curso-2024-2025\/#breadcrumb\",\"itemListElement\":[{\"@type\":\"ListItem\",\"position\":1,\"name\":\"Portada\",\"item\":\"https:\/\/www.ub.edu\/dhigecscom\/\"},{\"@type\":\"ListItem\",\"position\":2,\"name\":\"\u00a1Inscripciones abiertas! XXXIV Seminario Josep Fontana curso 2024-2025\"}]},{\"@type\":\"WebSite\",\"@id\":\"https:\/\/www.ub.edu\/dhigecscom\/#website\",\"url\":\"https:\/\/www.ub.edu\/dhigecscom\/\",\"name\":\"Grup DHIGECS\",\"description\":\"\",\"publisher\":{\"@id\":\"https:\/\/www.ub.edu\/dhigecscom\/#organization\"},\"potentialAction\":[{\"@type\":\"SearchAction\",\"target\":{\"@type\":\"EntryPoint\",\"urlTemplate\":\"https:\/\/www.ub.edu\/dhigecscom\/?s={search_term_string}\"},\"query-input\":\"required name=search_term_string\"}],\"inLanguage\":\"es\"},{\"@type\":\"Organization\",\"@id\":\"https:\/\/www.ub.edu\/dhigecscom\/#organization\",\"name\":\"Grup DHIGECS\",\"url\":\"https:\/\/www.ub.edu\/dhigecscom\/\",\"logo\":{\"@type\":\"ImageObject\",\"inLanguage\":\"es\",\"@id\":\"https:\/\/www.ub.edu\/dhigecscom\/#\/schema\/logo\/image\/\",\"url\":\"https:\/\/www.ub.edu\/dhigecscom\/wp-content\/uploads\/2023\/06\/Logo_Wh_01-Crop.png\",\"contentUrl\":\"https:\/\/www.ub.edu\/dhigecscom\/wp-content\/uploads\/2023\/06\/Logo_Wh_01-Crop.png\",\"width\":2077,\"height\":474,\"caption\":\"Grup DHIGECS\"},\"image\":{\"@id\":\"https:\/\/www.ub.edu\/dhigecscom\/#\/schema\/logo\/image\/\"}},{\"@type\":\"Person\",\"@id\":\"https:\/\/www.ub.edu\/dhigecscom\/#\/schema\/person\/86bb42101a35923d0ad1d1c1324c12b3\",\"name\":\"dhigecscom\",\"image\":{\"@type\":\"ImageObject\",\"inLanguage\":\"es\",\"@id\":\"https:\/\/www.ub.edu\/dhigecscom\/#\/schema\/person\/image\/\",\"url\":\"https:\/\/secure.gravatar.com\/avatar\/148ed4a7d1016b71f02a030a563866957d91d6df4286ebde75e571b0c1c4b425?s=96&d=mm&r=g\",\"contentUrl\":\"https:\/\/secure.gravatar.com\/avatar\/148ed4a7d1016b71f02a030a563866957d91d6df4286ebde75e571b0c1c4b425?s=96&d=mm&r=g\",\"caption\":\"dhigecscom\"},\"url\":\"https:\/\/www.ub.edu\/dhigecscom\/author\/dhigecscom\/\"}]}<\/script>\n<!-- \/ Yoast SEO plugin. -->","yoast_head_json":{"title":"\u00a1Inscripciones abiertas! XXXIV Seminario Josep Fontana curso 2024-2025 - Grup DHIGECS","robots":{"index":"index","follow":"follow","max-snippet":"max-snippet:-1","max-image-preview":"max-image-preview:large","max-video-preview":"max-video-preview:-1"},"canonical":"https:\/\/www.ub.edu\/dhigecscom\/inscripciones-abiertas-xxxiv-seminario-josep-fontana-curso-2024-2025\/","og_locale":"es_ES","og_type":"article","og_title":"\u00a1Inscripciones abiertas! XXXIV Seminario Josep Fontana curso 2024-2025 - Grup DHIGECS","og_description":"\u00a1Ya est\u00e1n abiertas las inscripciones para el XXXIV Seminario Josep Fontana! El objetivo de este seminario, organizado cada curso por el Instituto de Historia Jaume Vicens i Vives (IUHJVV) y el Grupo de Investigaci\u00f3n de Did\u00e1ctica de la Historia, la Geograf\u00eda y otras Ciencias Sociales &#8211; Comunicaci\u00f3n (DHIGECS-COM) de la Universidad de Barcelona, es ofrecer ... Leer m\u00e1s","og_url":"https:\/\/www.ub.edu\/dhigecscom\/inscripciones-abiertas-xxxiv-seminario-josep-fontana-curso-2024-2025\/","og_site_name":"Grup DHIGECS","article_published_time":"2024-09-12T12:36:31+00:00","article_modified_time":"2024-09-12T12:46:44+00:00","og_image":[{"width":1200,"height":642,"url":"https:\/\/www.ub.edu\/dhigecscom\/wp-content\/uploads\/2024\/09\/Imagen-destacada-horizontal-1.png","type":"image\/png"}],"author":"dhigecscom","twitter_card":"summary_large_image","twitter_misc":{"Escrito por":"dhigecscom","Tiempo de lectura":"2 minutos"},"schema":{"@context":"https:\/\/schema.org","@graph":[{"@type":"Article","@id":"https:\/\/www.ub.edu\/dhigecscom\/inscripciones-abiertas-xxxiv-seminario-josep-fontana-curso-2024-2025\/#article","isPartOf":{"@id":"https:\/\/www.ub.edu\/dhigecscom\/inscripciones-abiertas-xxxiv-seminario-josep-fontana-curso-2024-2025\/"},"author":{"name":"dhigecscom","@id":"https:\/\/www.ub.edu\/dhigecscom\/#\/schema\/person\/86bb42101a35923d0ad1d1c1324c12b3"},"headline":"\u00a1Inscripciones abiertas! XXXIV Seminario Josep Fontana curso 2024-2025","datePublished":"2024-09-12T12:36:31+00:00","dateModified":"2024-09-12T12:46:44+00:00","mainEntityOfPage":{"@id":"https:\/\/www.ub.edu\/dhigecscom\/inscripciones-abiertas-xxxiv-seminario-josep-fontana-curso-2024-2025\/"},"wordCount":283,"publisher":{"@id":"https:\/\/www.ub.edu\/dhigecscom\/#organization"},"articleSection":["Noticias","Sin categorizar"],"inLanguage":"es"},{"@type":"WebPage","@id":"https:\/\/www.ub.edu\/dhigecscom\/inscripciones-abiertas-xxxiv-seminario-josep-fontana-curso-2024-2025\/","url":"https:\/\/www.ub.edu\/dhigecscom\/inscripciones-abiertas-xxxiv-seminario-josep-fontana-curso-2024-2025\/","name":"\u00a1Inscripciones abiertas! XXXIV Seminario Josep Fontana curso 2024-2025 - Grup DHIGECS","isPartOf":{"@id":"https:\/\/www.ub.edu\/dhigecscom\/#website"},"datePublished":"2024-09-12T12:36:31+00:00","dateModified":"2024-09-12T12:46:44+00:00","breadcrumb":{"@id":"https:\/\/www.ub.edu\/dhigecscom\/inscripciones-abiertas-xxxiv-seminario-josep-fontana-curso-2024-2025\/#breadcrumb"},"inLanguage":"es","potentialAction":[{"@type":"ReadAction","target":["https:\/\/www.ub.edu\/dhigecscom\/inscripciones-abiertas-xxxiv-seminario-josep-fontana-curso-2024-2025\/"]}]},{"@type":"BreadcrumbList","@id":"https:\/\/www.ub.edu\/dhigecscom\/inscripciones-abiertas-xxxiv-seminario-josep-fontana-curso-2024-2025\/#breadcrumb","itemListElement":[{"@type":"ListItem","position":1,"name":"Portada","item":"https:\/\/www.ub.edu\/dhigecscom\/"},{"@type":"ListItem","position":2,"name":"\u00a1Inscripciones abiertas! XXXIV Seminario Josep Fontana curso 2024-2025"}]},{"@type":"WebSite","@id":"https:\/\/www.ub.edu\/dhigecscom\/#website","url":"https:\/\/www.ub.edu\/dhigecscom\/","name":"Grup DHIGECS","description":"","publisher":{"@id":"https:\/\/www.ub.edu\/dhigecscom\/#organization"},"potentialAction":[{"@type":"SearchAction","target":{"@type":"EntryPoint","urlTemplate":"https:\/\/www.ub.edu\/dhigecscom\/?s={search_term_string}"},"query-input":"required name=search_term_string"}],"inLanguage":"es"},{"@type":"Organization","@id":"https:\/\/www.ub.edu\/dhigecscom\/#organization","name":"Grup DHIGECS","url":"https:\/\/www.ub.edu\/dhigecscom\/","logo":{"@type":"ImageObject","inLanguage":"es","@id":"https:\/\/www.ub.edu\/dhigecscom\/#\/schema\/logo\/image\/","url":"https:\/\/www.ub.edu\/dhigecscom\/wp-content\/uploads\/2023\/06\/Logo_Wh_01-Crop.png","contentUrl":"https:\/\/www.ub.edu\/dhigecscom\/wp-content\/uploads\/2023\/06\/Logo_Wh_01-Crop.png","width":2077,"height":474,"caption":"Grup DHIGECS"},"image":{"@id":"https:\/\/www.ub.edu\/dhigecscom\/#\/schema\/logo\/image\/"}},{"@type":"Person","@id":"https:\/\/www.ub.edu\/dhigecscom\/#\/schema\/person\/86bb42101a35923d0ad1d1c1324c12b3","name":"dhigecscom","image":{"@type":"ImageObject","inLanguage":"es","@id":"https:\/\/www.ub.edu\/dhigecscom\/#\/schema\/person\/image\/","url":"https:\/\/secure.gravatar.com\/avatar\/148ed4a7d1016b71f02a030a563866957d91d6df4286ebde75e571b0c1c4b425?s=96&d=mm&r=g","contentUrl":"https:\/\/secure.gravatar.com\/avatar\/148ed4a7d1016b71f02a030a563866957d91d6df4286ebde75e571b0c1c4b425?s=96&d=mm&r=g","caption":"dhigecscom"},"url":"https:\/\/www.ub.edu\/dhigecscom\/author\/dhigecscom\/"}]}},"_links":{"self":[{"href":"https:\/\/www.ub.edu\/dhigecscom\/wp-json\/wp\/v2\/posts\/3057","targetHints":{"allow":["GET"]}}],"collection":[{"href":"https:\/\/www.ub.edu\/dhigecscom\/wp-json\/wp\/v2\/posts"}],"about":[{"href":"https:\/\/www.ub.edu\/dhigecscom\/wp-json\/wp\/v2\/types\/post"}],"author":[{"embeddable":true,"href":"https:\/\/www.ub.edu\/dhigecscom\/wp-json\/wp\/v2\/users\/2"}],"replies":[{"embeddable":true,"href":"https:\/\/www.ub.edu\/dhigecscom\/wp-json\/wp\/v2\/comments?post=3057"}],"version-history":[{"count":6,"href":"https:\/\/www.ub.edu\/dhigecscom\/wp-json\/wp\/v2\/posts\/3057\/revisions"}],"predecessor-version":[{"id":3066,"href":"https:\/\/www.ub.edu\/dhigecscom\/wp-json\/wp\/v2\/posts\/3057\/revisions\/3066"}],"wp:featuredmedia":[{"embeddable":true,"href":"https:\/\/www.ub.edu\/dhigecscom\/wp-json\/wp\/v2\/media\/3059"}],"wp:attachment":[{"href":"https:\/\/www.ub.edu\/dhigecscom\/wp-json\/wp\/v2\/media?parent=3057"}],"wp:term":[{"taxonomy":"category","embeddable":true,"href":"https:\/\/www.ub.edu\/dhigecscom\/wp-json\/wp\/v2\/categories?post=3057"},{"taxonomy":"post_tag","embeddable":true,"href":"https:\/\/www.ub.edu\/dhigecscom\/wp-json\/wp\/v2\/tags?post=3057"}],"curies":[{"name":"wp","href":"https:\/\/api.w.org\/{rel}","templated":true}]}}