{"id":3246,"date":"2024-12-19T13:36:56","date_gmt":"2024-12-19T13:36:56","guid":{"rendered":"https:\/\/www.ub.edu\/dhigecscom\/?p=3246"},"modified":"2024-12-19T14:21:30","modified_gmt":"2024-12-19T14:21:30","slug":"segunda-edicion-del-international-congress-on-media-gender-and-sexualities-representations-literacies-and-audiences","status":"publish","type":"post","link":"https:\/\/www.ub.edu\/dhigecscom\/segunda-edicion-del-international-congress-on-media-gender-and-sexualities-representations-literacies-and-audiences\/","title":{"rendered":"Segunda edici\u00f3n del International Congress on Media, Gender and Sexualities: Representations, Literacies and Audiences"},"content":{"rendered":"\t\t<div data-elementor-type=\"wp-post\" data-elementor-id=\"3246\" class=\"elementor elementor-3246\" data-elementor-post-type=\"post\">\n\t\t\t\t\t\t\t<div class=\"elementor-element elementor-element-486bf20 e-flex e-con-boxed e-con e-parent\" data-id=\"486bf20\" data-element_type=\"container\" data-settings=\"{&quot;container_type&quot;:&quot;flex&quot;,&quot;content_width&quot;:&quot;boxed&quot;}\" data-core-v316-plus=\"true\">\n\t\t\t\t\t<div class=\"e-con-inner\">\n\t\t\t\t<div class=\"elementor-element elementor-element-1036f30 elementor-widget elementor-widget-text-editor\" data-id=\"1036f30\" data-element_type=\"widget\" data-widget_type=\"text-editor.default\">\n\t\t\t\t<div class=\"elementor-widget-container\">\n\t\t\t<style>\/*! elementor - v3.18.0 - 08-12-2023 *\/\n.elementor-widget-text-editor.elementor-drop-cap-view-stacked .elementor-drop-cap{background-color:#69727d;color:#fff}.elementor-widget-text-editor.elementor-drop-cap-view-framed .elementor-drop-cap{color:#69727d;border:3px solid;background-color:transparent}.elementor-widget-text-editor:not(.elementor-drop-cap-view-default) .elementor-drop-cap{margin-top:8px}.elementor-widget-text-editor:not(.elementor-drop-cap-view-default) .elementor-drop-cap-letter{width:1em;height:1em}.elementor-widget-text-editor .elementor-drop-cap{float:left;text-align:center;line-height:1;font-size:50px}.elementor-widget-text-editor .elementor-drop-cap-letter{display:inline-block}<\/style>\t\t\t\t<div class=\"x_ewa-rteLine\"><span style=\"color: #000000;\" data-olk-copy-source=\"MessageBody\">La Facultad de Informaci\u00f3n y Medios Audiovisuales de la UB y el DHIGECS-COM, juntamente con la Universitat Aut\u00f2noma de Barcelona y la National University of Singapore organizan el<strong> II International Conference on Media, Gender, and Sexualities: Representations, Literacy, and Audiences<\/strong>, que se llevar\u00e1 a cabo en el Centro de Ciencias de Benasque Pedro Pascual (CCBPP) del <strong>8 al 12 de junio de 2025<\/strong>.<\/span><\/div><div class=\"x_ewa-rteLine\"><span style=\"color: #000000;\">\u00a0<\/span><\/div><div class=\"x_ewa-rteLine\"><span style=\"color: #000000;\">El \u00e9xito de la primera edici\u00f3n, realizada en junio de 2023, qued\u00f3 refrendado, en primer lugar, por el entusiasmo de sus contribuyentes, la calidad de las discusiones, y la prol\u00edfica producci\u00f3n cient\u00edfica, colaboraciones e ideas que surgieron de ella. Esto nos confirma que este congreso puede consolidarse como un espacio de referencia internacional para el debate en torno a los medios, los g\u00e9neros y las sexualidades, temas cada vez m\u00e1s presentes y necesarios en el debate p\u00fablico. El c\u00e1lido ambiente que se gener\u00f3 en aquella primera edici\u00f3n ha motivado al equipo organizador a desear consolidar los lazos fraternales que se forjaron, al tiempo que seguir impulsando nuevas oportunidades de di\u00e1logo y colaboraci\u00f3n.<\/span><\/div><div class=\"x_ewa-rteLine\"><span style=\"color: #000000;\">\u00a0<\/span><\/div><div class=\"x_ewa-rteLine\"><span style=\"color: #000000;\">Aunque todav\u00eda se est\u00e1 cerrando el programa definitivo, ya se ha confirmado la participaci\u00f3n de dos grandes referentes internacionales: el Dr. Paul Julian Smith (Profesor de la CUNY Graduate Center, Estados Unidos) y la Dra. Susan Stryker (Profesora de la Universidad de Standford, Estados Unidos).<\/span><\/div><div class=\"x_ewa-rteLine\"><span style=\"color: #000000;\">\u00a0<\/span><\/div><div class=\"x_ewa-rteLine\"><span style=\"color: #000000;\">Siguiendo el estilo de nuestro congreso, se ha abierto ya la llamada a participaciones de dos tipos:<\/span><\/div><div class=\"x_ewa-rteLine\"><span style=\"color: #000000;\">\u00a0<\/span><\/div><div class=\"x_ewa-rteLine\"><span style=\"color: #000000;\">1) Comunicaciones cient\u00edficas, a ser presentadas en sesiones din\u00e1micas de discusi\u00f3n, y<\/span><\/div><div class=\"x_ewa-rteLine\"><span style=\"color: #000000;\">2) Talleres o actividades creativas enfocadas a la pr\u00e1ctica o el desaf\u00edo de conocimientos.<\/span><\/div><div class=\"x_ewa-rteLine\"><span style=\"color: #000000;\">\u00a0<\/span><\/div><div class=\"x_ewa-rteLine\"><span style=\"color: #000000;\">La fecha l\u00edmite para enviar las propuestas es el <strong><span style=\"text-decoration: underline;\">31 de enero de 2025<\/span><\/strong>.<\/span><\/div><div class=\"x_ewa-rteLine\"><span style=\"color: #000000;\">\u00a0<\/span><\/div><div class=\"x_ewa-rteLine\"><span style=\"color: #000000;\">Toda la informaci\u00f3n detallada sobre esta edici\u00f3n puede consultarse en la web del congreso, adem\u00e1s de los enlaces para enviar el abstract de la contribuci\u00f3n, en:<\/span><\/div><div class=\"x_ewa-rteLine\"><span style=\"color: #000000;\"><a title=\"https:\/\/www.benasque.org\/2025media\/index_es.html\" href=\"https:\/\/www.benasque.org\/2025media\/index_es.html\" target=\"_blank\" rel=\"noopener noreferrer\" data-auth=\"NotApplicable\" data-linkindex=\"0\">https:\/\/www.benasque.org\/2025media\/index_es.html<\/a><\/span><\/div><div class=\"x_ewa-rteLine\"><span style=\"color: #000000;\">\u00a0<\/span><\/div><div class=\"x_ewa-rteLine\"><span style=\"color: #000000;\">Para dudas, escribir al correo de la organizaci\u00f3n:\u00a0<a title=\"mailto:congressmediagendersexuality@gmail.com\" href=\"mailto:congressmediagendersexuality@gmail.com\" data-linkindex=\"1\">congressmediagendersexuality@gmail.com<\/a><\/span><\/div><div class=\"x_ewa-rteLine\"><span style=\"color: #000000;\">\u00a0<\/span><\/div><div class=\"x_ewa-rteLine\"><span style=\"color: #000000;\">Si la duda es de inscripci\u00f3n, log\u00edstica, alojamiento o viajes, escrir a las compa\u00f1eras\/os del CCBPP:\u00a0<a title=\"mailto:info@benasque.org\" href=\"mailto:info@benasque.org\" data-linkindex=\"2\">info@benasque.org<\/a>.<\/span><\/div><div class=\"x_ewa-rteLine\"><span style=\"color: #000000;\">\u00a0<\/span><\/div><div class=\"x_ewa-rteLine\"><span style=\"color: #000000;\">Ojal\u00e1 puedas participar en la pr\u00f3xima edici\u00f3n del congreso de Benasque.<\/span><\/div><div class=\"x_ewa-rteLine\"><span style=\"color: #000000;\">\u00a0<\/span><\/div><div class=\"x_ewa-rteLine\"><span style=\"color: #000000;\">Sigue nuestras informaciones en:<\/span><\/div><ul><li class=\"x_ewa-rteLine\"><span style=\"color: #000000;\">Instagram (<a href=\"https:\/\/www.instagram.com\/ic_mgs\/\">@ic_mgs<\/a>)<\/span><\/li><li class=\"x_ewa-rteLine\"><span style=\"color: #000000;\">Bluesky (<a href=\"https:\/\/bsky.app\/profile\/icmgs.bsky.social\">@icmgs.bsky.social<\/a>)<\/span><\/li><li class=\"x_ewa-rteLine\"><a href=\"https:\/\/www.facebook.com\/intl.con.mgsbenasque\"><span style=\"color: #000000;\">Facebook\u00a0<\/span><\/a><\/li><\/ul><div class=\"x_ewa-rteLine\"><span style=\"color: #000000;\">\u00a0<\/span><\/div><div class=\"x_ewa-rteLine\"><span style=\"color: #000000;\">El congreso es posible gracias a dos proyectos:<\/span><\/div><div class=\"x_ewa-rteLine\"><span style=\"color: #000000;\">\u00a0<\/span><\/div><ul><li class=\"x_ewa-rteLine\"><span style=\"color: #000000;\">Tales from Sex, Media and Youth: Experiences of Young People Learning about Sexualities through Media (SEXMEDIA; CNS2023-145333; Financiado por MICIU\/AEI\/10.13039\/501100011033 y por la Uni\u00f3n Europea NextGenerationEU\/PRTR) de la Universitat de Barcelona, y<\/span><\/li><li class=\"x_ewa-rteLine\"><span style=\"color: #000000;\">\u00a0Observatory for Sexualities, Youth, and Media: Identifying Needs and Providing Solutions for Youth and Education, Healthcare, and Media Professionals (KALEIDOSCOPE; PID2023-146858OB-I00; Financiado por MICIU\/AEI\/10.13039\/501100011033 y por FEDER, UE) de la Universitat de Barcelona.<\/span><\/li><\/ul>\t\t\t\t\t\t<\/div>\n\t\t\t\t<\/div>\n\t\t\t\t\t<\/div>\n\t\t\t\t<\/div>\n\t\t<div class=\"elementor-element elementor-element-f8b089b e-flex e-con-boxed e-con e-parent\" data-id=\"f8b089b\" data-element_type=\"container\" data-settings=\"{&quot;container_type&quot;:&quot;flex&quot;,&quot;content_width&quot;:&quot;boxed&quot;}\" data-core-v316-plus=\"true\">\n\t\t\t\t\t<div class=\"e-con-inner\">\n\t\t\t\t<div class=\"elementor-element elementor-element-8d5e9b8 elementor--h-position-center elementor--v-position-middle elementor-arrows-position-inside elementor-pagination-position-inside elementor-widget elementor-widget-slides\" data-id=\"8d5e9b8\" data-element_type=\"widget\" data-settings=\"{&quot;navigation&quot;:&quot;both&quot;,&quot;autoplay&quot;:&quot;yes&quot;,&quot;pause_on_hover&quot;:&quot;yes&quot;,&quot;pause_on_interaction&quot;:&quot;yes&quot;,&quot;autoplay_speed&quot;:5000,&quot;infinite&quot;:&quot;yes&quot;,&quot;transition&quot;:&quot;slide&quot;,&quot;transition_speed&quot;:500}\" data-widget_type=\"slides.default\">\n\t\t\t\t<div class=\"elementor-widget-container\">\n\t\t\t<style>\/*! elementor-pro - v3.18.0 - 06-12-2023 *\/\n.elementor-slides .swiper-slide-bg{background-size:cover;background-position:50%;background-repeat:no-repeat;min-width:100%;min-height:100%}.elementor-slides .swiper-slide-inner{background-repeat:no-repeat;background-position:50%;position:absolute;top:0;left:0;bottom:0;right:0;padding:50px;margin:auto}.elementor-slides .swiper-slide-inner,.elementor-slides .swiper-slide-inner:hover{color:#fff;display:flex}.elementor-slides .swiper-slide-inner .elementor-background-overlay{position:absolute;z-index:0;top:0;bottom:0;left:0;right:0}.elementor-slides .swiper-slide-inner .elementor-slide-content{position:relative;z-index:1;width:100%}.elementor-slides .swiper-slide-inner .elementor-slide-heading{font-size:35px;font-weight:700;line-height:1}.elementor-slides .swiper-slide-inner .elementor-slide-description{font-size:17px;line-height:1.4}.elementor-slides .swiper-slide-inner .elementor-slide-description:not(:last-child),.elementor-slides .swiper-slide-inner .elementor-slide-heading:not(:last-child){margin-bottom:30px}.elementor-slides .swiper-slide-inner .elementor-slide-button{border:2px solid #fff;color:#fff;background:transparent;display:inline-block}.elementor-slides .swiper-slide-inner .elementor-slide-button,.elementor-slides .swiper-slide-inner .elementor-slide-button:hover{background:transparent;color:inherit;text-decoration:none}.elementor--v-position-top .swiper-slide-inner{align-items:flex-start}.elementor--v-position-bottom .swiper-slide-inner{align-items:flex-end}.elementor--v-position-middle .swiper-slide-inner{align-items:center}.elementor--h-position-left .swiper-slide-inner{justify-content:flex-start}.elementor--h-position-right .swiper-slide-inner{justify-content:flex-end}.elementor--h-position-center .swiper-slide-inner{justify-content:center}body.rtl .elementor-widget-slides .elementor-swiper-button-next{left:10px;right:auto}body.rtl .elementor-widget-slides .elementor-swiper-button-prev{right:10px;left:auto}.elementor-slides-wrapper div:not(.swiper-slide)>.swiper-slide-inner{display:none}@media (max-width:767px){.elementor-slides .swiper-slide-inner{padding:30px}.elementor-slides .swiper-slide-inner .elementor-slide-heading{font-size:23px;line-height:1;margin-bottom:15px}.elementor-slides .swiper-slide-inner .elementor-slide-description{font-size:13px;line-height:1.4;margin-bottom:15px}}<\/style>\t\t<div class=\"elementor-swiper\">\n\t\t\t<div class=\"elementor-slides-wrapper elementor-main-swiper swiper\" dir=\"ltr\" data-animation=\"fadeInUp\">\n\t\t\t\t<div class=\"swiper-wrapper elementor-slides\">\n\t\t\t\t\t\t\t\t\t\t<div class=\"elementor-repeater-item-9cce012 swiper-slide\"><div class=\"swiper-slide-bg\" role=\"img\"><\/div><a class=\"swiper-slide-inner\" href=\"https:\/\/www.benasque.org\/2025media\/index_es.html\"><div class=\"swiper-slide-contents\"><\/div><\/a><\/div><div class=\"elementor-repeater-item-860775f swiper-slide\"><div class=\"swiper-slide-bg\" role=\"img\"><\/div><a class=\"swiper-slide-inner\" href=\"https:\/\/www.benasque.org\/2025media\/index_es.html\"><div class=\"swiper-slide-contents\"><\/div><\/a><\/div><div class=\"elementor-repeater-item-eabc33c swiper-slide\"><div class=\"swiper-slide-bg\" role=\"img\"><\/div><a class=\"swiper-slide-inner\" href=\"https:\/\/www.benasque.org\/2025media\/index_es.html\"><div class=\"swiper-slide-contents\"><\/div><\/a><\/div><div class=\"elementor-repeater-item-3f7484a swiper-slide\"><div class=\"swiper-slide-bg\" role=\"img\"><\/div><a class=\"swiper-slide-inner\" href=\"https:\/\/www.benasque.org\/2025media\/index_es.html\"><div class=\"swiper-slide-contents\"><\/div><\/a><\/div>\t\t\t\t<\/div>\n\t\t\t\t\t\t\t\t\t\t\t\t\t\t\t<div class=\"swiper-pagination\"><\/div>\n\t\t\t\t\t\t\t\t\t\t\t\t\t\t\t\t<div class=\"elementor-swiper-button elementor-swiper-button-prev\" role=\"button\" tabindex=\"0\">\n\t\t\t\t\t\t\t<i aria-hidden=\"true\" class=\"eicon-chevron-left\"><\/i>\t\t\t\t\t\t\t<span class=\"elementor-screen-only\">Diapositiva anterior<\/span>\n\t\t\t\t\t\t<\/div>\n\t\t\t\t\t\t<div class=\"elementor-swiper-button elementor-swiper-button-next\" role=\"button\" tabindex=\"0\">\n\t\t\t\t\t\t\t<i aria-hidden=\"true\" class=\"eicon-chevron-right\"><\/i>\t\t\t\t\t\t\t<span class=\"elementor-screen-only\">Diapositiva siguiente<\/span>\n\t\t\t\t\t\t<\/div>\n\t\t\t\t\t\t\t\t\t\t\t\t<\/div>\n\t\t<\/div>\n\t\t\t\t<\/div>\n\t\t\t\t<\/div>\n\t\t\t\t\t<\/div>\n\t\t\t\t<\/div>\n\t\t\t\t\t\t\t<\/div>\n\t\t","protected":false},"excerpt":{"rendered":"<p>La Facultad de Informaci\u00f3n y Medios Audiovisuales de la UB y el DHIGECS-COM, juntamente con la Universitat Aut\u00f2noma de Barcelona y la National University of Singapore organizan el II International Conference on Media, Gender, and Sexualities: Representations, Literacy, and Audiences, que se llevar\u00e1 a cabo en el Centro de Ciencias de Benasque Pedro Pascual (CCBPP) &#8230; <a title=\"Segunda edici\u00f3n del International Congress on Media, Gender and Sexualities: Representations, Literacies and Audiences\" class=\"read-more\" href=\"https:\/\/www.ub.edu\/dhigecscom\/segunda-edicion-del-international-congress-on-media-gender-and-sexualities-representations-literacies-and-audiences\/\" aria-label=\"M\u00e1s en Segunda edici\u00f3n del International Congress on Media, Gender and Sexualities: Representations, Literacies and Audiences\">Leer m\u00e1s<\/a><\/p>\n","protected":false},"author":2,"featured_media":3247,"comment_status":"closed","ping_status":"open","sticky":false,"template":"","format":"standard","meta":{"footnotes":""},"categories":[4],"tags":[],"class_list":["post-3246","post","type-post","status-publish","format-standard","has-post-thumbnail","hentry","category-noticias"],"acf":[],"yoast_head":"<!-- This site is optimized with the Yoast SEO plugin v21.7 - https:\/\/yoast.com\/wordpress\/plugins\/seo\/ -->\n<title>Segunda edici\u00f3n del International Congress on Media, Gender and Sexualities: Representations, Literacies and Audiences - Grup DHIGECS<\/title>\n<meta name=\"robots\" content=\"index, follow, max-snippet:-1, max-image-preview:large, max-video-preview:-1\" \/>\n<link rel=\"canonical\" href=\"https:\/\/www.ub.edu\/dhigecscom\/segunda-edicion-del-international-congress-on-media-gender-and-sexualities-representations-literacies-and-audiences\/\" \/>\n<meta property=\"og:locale\" content=\"es_ES\" \/>\n<meta property=\"og:type\" content=\"article\" \/>\n<meta property=\"og:title\" content=\"Segunda edici\u00f3n del International Congress on Media, Gender and Sexualities: Representations, Literacies and Audiences - Grup DHIGECS\" \/>\n<meta property=\"og:description\" content=\"La Facultad de Informaci\u00f3n y Medios Audiovisuales de la UB y el DHIGECS-COM, juntamente con la Universitat Aut\u00f2noma de Barcelona y la National University of Singapore organizan el II International Conference on Media, Gender, and Sexualities: Representations, Literacy, and Audiences, que se llevar\u00e1 a cabo en el Centro de Ciencias de Benasque Pedro Pascual (CCBPP) ... Leer m\u00e1s\" \/>\n<meta property=\"og:url\" content=\"https:\/\/www.ub.edu\/dhigecscom\/segunda-edicion-del-international-congress-on-media-gender-and-sexualities-representations-literacies-and-audiences\/\" \/>\n<meta property=\"og:site_name\" content=\"Grup DHIGECS\" \/>\n<meta property=\"article:published_time\" content=\"2024-12-19T13:36:56+00:00\" \/>\n<meta property=\"article:modified_time\" content=\"2024-12-19T14:21:30+00:00\" \/>\n<meta property=\"og:image\" content=\"https:\/\/www.ub.edu\/dhigecscom\/wp-content\/uploads\/2024\/12\/imagen-web.png\" \/>\n\t<meta property=\"og:image:width\" content=\"1200\" \/>\n\t<meta property=\"og:image:height\" content=\"642\" \/>\n\t<meta property=\"og:image:type\" content=\"image\/png\" \/>\n<meta name=\"author\" content=\"dhigecscom\" \/>\n<meta name=\"twitter:card\" content=\"summary_large_image\" \/>\n<meta name=\"twitter:label1\" content=\"Escrito por\" \/>\n\t<meta name=\"twitter:data1\" content=\"dhigecscom\" \/>\n\t<meta name=\"twitter:label2\" content=\"Tiempo de lectura\" \/>\n\t<meta name=\"twitter:data2\" content=\"2 minutos\" \/>\n<script type=\"application\/ld+json\" class=\"yoast-schema-graph\">{\"@context\":\"https:\/\/schema.org\",\"@graph\":[{\"@type\":\"Article\",\"@id\":\"https:\/\/www.ub.edu\/dhigecscom\/segunda-edicion-del-international-congress-on-media-gender-and-sexualities-representations-literacies-and-audiences\/#article\",\"isPartOf\":{\"@id\":\"https:\/\/www.ub.edu\/dhigecscom\/segunda-edicion-del-international-congress-on-media-gender-and-sexualities-representations-literacies-and-audiences\/\"},\"author\":{\"name\":\"dhigecscom\",\"@id\":\"https:\/\/www.ub.edu\/dhigecscom\/#\/schema\/person\/86bb42101a35923d0ad1d1c1324c12b3\"},\"headline\":\"Segunda edici\u00f3n del International Congress on Media, Gender and Sexualities: Representations, Literacies and Audiences\",\"datePublished\":\"2024-12-19T13:36:56+00:00\",\"dateModified\":\"2024-12-19T14:21:30+00:00\",\"mainEntityOfPage\":{\"@id\":\"https:\/\/www.ub.edu\/dhigecscom\/segunda-edicion-del-international-congress-on-media-gender-and-sexualities-representations-literacies-and-audiences\/\"},\"wordCount\":487,\"publisher\":{\"@id\":\"https:\/\/www.ub.edu\/dhigecscom\/#organization\"},\"articleSection\":[\"Noticias\"],\"inLanguage\":\"es\"},{\"@type\":\"WebPage\",\"@id\":\"https:\/\/www.ub.edu\/dhigecscom\/segunda-edicion-del-international-congress-on-media-gender-and-sexualities-representations-literacies-and-audiences\/\",\"url\":\"https:\/\/www.ub.edu\/dhigecscom\/segunda-edicion-del-international-congress-on-media-gender-and-sexualities-representations-literacies-and-audiences\/\",\"name\":\"Segunda edici\u00f3n del International Congress on Media, Gender and Sexualities: Representations, Literacies and Audiences - Grup DHIGECS\",\"isPartOf\":{\"@id\":\"https:\/\/www.ub.edu\/dhigecscom\/#website\"},\"datePublished\":\"2024-12-19T13:36:56+00:00\",\"dateModified\":\"2024-12-19T14:21:30+00:00\",\"breadcrumb\":{\"@id\":\"https:\/\/www.ub.edu\/dhigecscom\/segunda-edicion-del-international-congress-on-media-gender-and-sexualities-representations-literacies-and-audiences\/#breadcrumb\"},\"inLanguage\":\"es\",\"potentialAction\":[{\"@type\":\"ReadAction\",\"target\":[\"https:\/\/www.ub.edu\/dhigecscom\/segunda-edicion-del-international-congress-on-media-gender-and-sexualities-representations-literacies-and-audiences\/\"]}]},{\"@type\":\"BreadcrumbList\",\"@id\":\"https:\/\/www.ub.edu\/dhigecscom\/segunda-edicion-del-international-congress-on-media-gender-and-sexualities-representations-literacies-and-audiences\/#breadcrumb\",\"itemListElement\":[{\"@type\":\"ListItem\",\"position\":1,\"name\":\"Portada\",\"item\":\"https:\/\/www.ub.edu\/dhigecscom\/\"},{\"@type\":\"ListItem\",\"position\":2,\"name\":\"Segunda edici\u00f3n del International Congress on Media, Gender and Sexualities: Representations, Literacies and Audiences\"}]},{\"@type\":\"WebSite\",\"@id\":\"https:\/\/www.ub.edu\/dhigecscom\/#website\",\"url\":\"https:\/\/www.ub.edu\/dhigecscom\/\",\"name\":\"Grup DHIGECS\",\"description\":\"\",\"publisher\":{\"@id\":\"https:\/\/www.ub.edu\/dhigecscom\/#organization\"},\"potentialAction\":[{\"@type\":\"SearchAction\",\"target\":{\"@type\":\"EntryPoint\",\"urlTemplate\":\"https:\/\/www.ub.edu\/dhigecscom\/?s={search_term_string}\"},\"query-input\":\"required name=search_term_string\"}],\"inLanguage\":\"es\"},{\"@type\":\"Organization\",\"@id\":\"https:\/\/www.ub.edu\/dhigecscom\/#organization\",\"name\":\"Grup DHIGECS\",\"url\":\"https:\/\/www.ub.edu\/dhigecscom\/\",\"logo\":{\"@type\":\"ImageObject\",\"inLanguage\":\"es\",\"@id\":\"https:\/\/www.ub.edu\/dhigecscom\/#\/schema\/logo\/image\/\",\"url\":\"https:\/\/www.ub.edu\/dhigecscom\/wp-content\/uploads\/2023\/06\/Logo_Wh_01-Crop.png\",\"contentUrl\":\"https:\/\/www.ub.edu\/dhigecscom\/wp-content\/uploads\/2023\/06\/Logo_Wh_01-Crop.png\",\"width\":2077,\"height\":474,\"caption\":\"Grup DHIGECS\"},\"image\":{\"@id\":\"https:\/\/www.ub.edu\/dhigecscom\/#\/schema\/logo\/image\/\"}},{\"@type\":\"Person\",\"@id\":\"https:\/\/www.ub.edu\/dhigecscom\/#\/schema\/person\/86bb42101a35923d0ad1d1c1324c12b3\",\"name\":\"dhigecscom\",\"image\":{\"@type\":\"ImageObject\",\"inLanguage\":\"es\",\"@id\":\"https:\/\/www.ub.edu\/dhigecscom\/#\/schema\/person\/image\/\",\"url\":\"https:\/\/secure.gravatar.com\/avatar\/148ed4a7d1016b71f02a030a563866957d91d6df4286ebde75e571b0c1c4b425?s=96&d=mm&r=g\",\"contentUrl\":\"https:\/\/secure.gravatar.com\/avatar\/148ed4a7d1016b71f02a030a563866957d91d6df4286ebde75e571b0c1c4b425?s=96&d=mm&r=g\",\"caption\":\"dhigecscom\"},\"url\":\"https:\/\/www.ub.edu\/dhigecscom\/author\/dhigecscom\/\"}]}<\/script>\n<!-- \/ Yoast SEO plugin. -->","yoast_head_json":{"title":"Segunda edici\u00f3n del International Congress on Media, Gender and Sexualities: Representations, Literacies and Audiences - Grup DHIGECS","robots":{"index":"index","follow":"follow","max-snippet":"max-snippet:-1","max-image-preview":"max-image-preview:large","max-video-preview":"max-video-preview:-1"},"canonical":"https:\/\/www.ub.edu\/dhigecscom\/segunda-edicion-del-international-congress-on-media-gender-and-sexualities-representations-literacies-and-audiences\/","og_locale":"es_ES","og_type":"article","og_title":"Segunda edici\u00f3n del International Congress on Media, Gender and Sexualities: Representations, Literacies and Audiences - Grup DHIGECS","og_description":"La Facultad de Informaci\u00f3n y Medios Audiovisuales de la UB y el DHIGECS-COM, juntamente con la Universitat Aut\u00f2noma de Barcelona y la National University of Singapore organizan el II International Conference on Media, Gender, and Sexualities: Representations, Literacy, and Audiences, que se llevar\u00e1 a cabo en el Centro de Ciencias de Benasque Pedro Pascual (CCBPP) ... Leer m\u00e1s","og_url":"https:\/\/www.ub.edu\/dhigecscom\/segunda-edicion-del-international-congress-on-media-gender-and-sexualities-representations-literacies-and-audiences\/","og_site_name":"Grup DHIGECS","article_published_time":"2024-12-19T13:36:56+00:00","article_modified_time":"2024-12-19T14:21:30+00:00","og_image":[{"width":1200,"height":642,"url":"https:\/\/www.ub.edu\/dhigecscom\/wp-content\/uploads\/2024\/12\/imagen-web.png","type":"image\/png"}],"author":"dhigecscom","twitter_card":"summary_large_image","twitter_misc":{"Escrito por":"dhigecscom","Tiempo de lectura":"2 minutos"},"schema":{"@context":"https:\/\/schema.org","@graph":[{"@type":"Article","@id":"https:\/\/www.ub.edu\/dhigecscom\/segunda-edicion-del-international-congress-on-media-gender-and-sexualities-representations-literacies-and-audiences\/#article","isPartOf":{"@id":"https:\/\/www.ub.edu\/dhigecscom\/segunda-edicion-del-international-congress-on-media-gender-and-sexualities-representations-literacies-and-audiences\/"},"author":{"name":"dhigecscom","@id":"https:\/\/www.ub.edu\/dhigecscom\/#\/schema\/person\/86bb42101a35923d0ad1d1c1324c12b3"},"headline":"Segunda edici\u00f3n del International Congress on Media, Gender and Sexualities: Representations, Literacies and Audiences","datePublished":"2024-12-19T13:36:56+00:00","dateModified":"2024-12-19T14:21:30+00:00","mainEntityOfPage":{"@id":"https:\/\/www.ub.edu\/dhigecscom\/segunda-edicion-del-international-congress-on-media-gender-and-sexualities-representations-literacies-and-audiences\/"},"wordCount":487,"publisher":{"@id":"https:\/\/www.ub.edu\/dhigecscom\/#organization"},"articleSection":["Noticias"],"inLanguage":"es"},{"@type":"WebPage","@id":"https:\/\/www.ub.edu\/dhigecscom\/segunda-edicion-del-international-congress-on-media-gender-and-sexualities-representations-literacies-and-audiences\/","url":"https:\/\/www.ub.edu\/dhigecscom\/segunda-edicion-del-international-congress-on-media-gender-and-sexualities-representations-literacies-and-audiences\/","name":"Segunda edici\u00f3n del International Congress on Media, Gender and Sexualities: Representations, Literacies and Audiences - Grup DHIGECS","isPartOf":{"@id":"https:\/\/www.ub.edu\/dhigecscom\/#website"},"datePublished":"2024-12-19T13:36:56+00:00","dateModified":"2024-12-19T14:21:30+00:00","breadcrumb":{"@id":"https:\/\/www.ub.edu\/dhigecscom\/segunda-edicion-del-international-congress-on-media-gender-and-sexualities-representations-literacies-and-audiences\/#breadcrumb"},"inLanguage":"es","potentialAction":[{"@type":"ReadAction","target":["https:\/\/www.ub.edu\/dhigecscom\/segunda-edicion-del-international-congress-on-media-gender-and-sexualities-representations-literacies-and-audiences\/"]}]},{"@type":"BreadcrumbList","@id":"https:\/\/www.ub.edu\/dhigecscom\/segunda-edicion-del-international-congress-on-media-gender-and-sexualities-representations-literacies-and-audiences\/#breadcrumb","itemListElement":[{"@type":"ListItem","position":1,"name":"Portada","item":"https:\/\/www.ub.edu\/dhigecscom\/"},{"@type":"ListItem","position":2,"name":"Segunda edici\u00f3n del International Congress on Media, Gender and Sexualities: Representations, Literacies and Audiences"}]},{"@type":"WebSite","@id":"https:\/\/www.ub.edu\/dhigecscom\/#website","url":"https:\/\/www.ub.edu\/dhigecscom\/","name":"Grup DHIGECS","description":"","publisher":{"@id":"https:\/\/www.ub.edu\/dhigecscom\/#organization"},"potentialAction":[{"@type":"SearchAction","target":{"@type":"EntryPoint","urlTemplate":"https:\/\/www.ub.edu\/dhigecscom\/?s={search_term_string}"},"query-input":"required name=search_term_string"}],"inLanguage":"es"},{"@type":"Organization","@id":"https:\/\/www.ub.edu\/dhigecscom\/#organization","name":"Grup DHIGECS","url":"https:\/\/www.ub.edu\/dhigecscom\/","logo":{"@type":"ImageObject","inLanguage":"es","@id":"https:\/\/www.ub.edu\/dhigecscom\/#\/schema\/logo\/image\/","url":"https:\/\/www.ub.edu\/dhigecscom\/wp-content\/uploads\/2023\/06\/Logo_Wh_01-Crop.png","contentUrl":"https:\/\/www.ub.edu\/dhigecscom\/wp-content\/uploads\/2023\/06\/Logo_Wh_01-Crop.png","width":2077,"height":474,"caption":"Grup DHIGECS"},"image":{"@id":"https:\/\/www.ub.edu\/dhigecscom\/#\/schema\/logo\/image\/"}},{"@type":"Person","@id":"https:\/\/www.ub.edu\/dhigecscom\/#\/schema\/person\/86bb42101a35923d0ad1d1c1324c12b3","name":"dhigecscom","image":{"@type":"ImageObject","inLanguage":"es","@id":"https:\/\/www.ub.edu\/dhigecscom\/#\/schema\/person\/image\/","url":"https:\/\/secure.gravatar.com\/avatar\/148ed4a7d1016b71f02a030a563866957d91d6df4286ebde75e571b0c1c4b425?s=96&d=mm&r=g","contentUrl":"https:\/\/secure.gravatar.com\/avatar\/148ed4a7d1016b71f02a030a563866957d91d6df4286ebde75e571b0c1c4b425?s=96&d=mm&r=g","caption":"dhigecscom"},"url":"https:\/\/www.ub.edu\/dhigecscom\/author\/dhigecscom\/"}]}},"_links":{"self":[{"href":"https:\/\/www.ub.edu\/dhigecscom\/wp-json\/wp\/v2\/posts\/3246","targetHints":{"allow":["GET"]}}],"collection":[{"href":"https:\/\/www.ub.edu\/dhigecscom\/wp-json\/wp\/v2\/posts"}],"about":[{"href":"https:\/\/www.ub.edu\/dhigecscom\/wp-json\/wp\/v2\/types\/post"}],"author":[{"embeddable":true,"href":"https:\/\/www.ub.edu\/dhigecscom\/wp-json\/wp\/v2\/users\/2"}],"replies":[{"embeddable":true,"href":"https:\/\/www.ub.edu\/dhigecscom\/wp-json\/wp\/v2\/comments?post=3246"}],"version-history":[{"count":12,"href":"https:\/\/www.ub.edu\/dhigecscom\/wp-json\/wp\/v2\/posts\/3246\/revisions"}],"predecessor-version":[{"id":3278,"href":"https:\/\/www.ub.edu\/dhigecscom\/wp-json\/wp\/v2\/posts\/3246\/revisions\/3278"}],"wp:featuredmedia":[{"embeddable":true,"href":"https:\/\/www.ub.edu\/dhigecscom\/wp-json\/wp\/v2\/media\/3247"}],"wp:attachment":[{"href":"https:\/\/www.ub.edu\/dhigecscom\/wp-json\/wp\/v2\/media?parent=3246"}],"wp:term":[{"taxonomy":"category","embeddable":true,"href":"https:\/\/www.ub.edu\/dhigecscom\/wp-json\/wp\/v2\/categories?post=3246"},{"taxonomy":"post_tag","embeddable":true,"href":"https:\/\/www.ub.edu\/dhigecscom\/wp-json\/wp\/v2\/tags?post=3246"}],"curies":[{"name":"wp","href":"https:\/\/api.w.org\/{rel}","templated":true}]}}