{"id":1957,"date":"2017-09-26T16:10:27","date_gmt":"2017-09-26T16:10:27","guid":{"rendered":"https:\/\/www.ub.edu\/drogodependencies\/es\/?p=1957"},"modified":"2017-09-26T16:10:27","modified_gmt":"2017-09-26T16:10:27","slug":"adolescencias-desamparadas-usos-drogas-inauguracion-del-2o-curso-del-master","status":"publish","type":"post","link":"https:\/\/www.ub.edu\/drogodependencies\/es\/adolescencias-desamparadas-usos-drogas-inauguracion-del-2o-curso-del-master\/","title":{"rendered":"Adolescencias desamparadas y usos de drogas: inauguraci\u00f3n del 2\u00ba curso del Master."},"content":{"rendered":"<h2 style=\"text-align: justify;\">El pr\u00f3ximo 20 de octubre tendr\u00e1 lugar la inauguraci\u00f3n del 2\u00ba curso del Master y el inicio del Experto en tratamiento con una conferencia del psic\u00f3logo y educador Jaume Funes.<\/h2>\n<p>&nbsp;<\/p>\n<p style=\"text-align: center;\"><a href=\"http:\/\/www.ub.edu\/drogodependencies\/wp-content\/uploads\/funes.jpg\"><img loading=\"lazy\" decoding=\"async\" class=\"alignnone size-full wp-image-1954\" src=\"http:\/\/www.ub.edu\/drogodependencies\/wp-content\/uploads\/funes.jpg\" alt=\"funes\" width=\"488\" height=\"274\" srcset=\"https:\/\/www.ub.edu\/drogodependencies\/wp-content\/uploads\/funes.jpg 488w, https:\/\/www.ub.edu\/drogodependencies\/wp-content\/uploads\/funes-300x168.jpg 300w, https:\/\/www.ub.edu\/drogodependencies\/wp-content\/uploads\/funes-450x253.jpg 450w\" sizes=\"auto, (max-width: 488px) 100vw, 488px\" \/><\/a><\/p>\n<p>&nbsp;<\/p>\n<p style=\"text-align: justify;\">El viernes por la ma\u00f1ana 20 de octubre dar\u00e1 inicio el 2\u00ba curso del <a href=\"http:\/\/www.ub.edu\/drogodependencies\/master-presencial\/\" target=\"_blank\">M\u00e1ster de Drogodependencias de la UB <\/a>con la novedad que este a\u00f1o se sumar\u00e1n alumnos de la <strong>1\u00aa edici\u00f3n del postgrado <a href=\"http:\/\/www.ub.edu\/drogodependencies\/curs-de-postgrau-expert-en-el-tractament-de-les-drogodependencies-i-daltres-addiccions\/\" target=\"_blank\">Experto en Tratamiento y otras adicciones<\/a><\/strong> con todas las plazas agotadas.<\/p>\n<p style=\"text-align: justify;\">El curso arrancar\u00e1 con una conferencia abierta a otros profesionales que lo deseen, del psic\u00f3logo <strong>Jaume Funes<\/strong> que abordar\u00e1 el tema de los adolescentes en el marco de la protecci\u00f3n tutelar, qu\u00e9 papel juega el consumo de drogas, como intervenir, etc. Al final de la sesi\u00f3n se har\u00e1 entrega a los alumnos de la \u00faltima edici\u00f3n (2014-2016) de los t\u00edtulos acreditativos del M\u00e1ster.<\/p>\n<h3 style=\"text-align: justify;\"><\/h3>\n<h3 style=\"text-align: justify;\"><strong>Programa:<\/strong><\/h3>\n<ul>\n<li style=\"text-align: justify;\">12:00 a 13:00 &#8211; Ponencia<strong> &#8220;Adolescencia y consumo de drogas en el marco del sistema de protecci\u00f3n de menores&#8221;. Jaume Funes Artiaga<\/strong><\/li>\n<li style=\"text-align: justify;\">13:15 a 13:45 &#8211; Entrega de diplomas a los alumnos de la 15\u00aa Promoci\u00f3n (2014-2016)<\/li>\n<\/ul>\n<p>&nbsp;<\/p>\n<blockquote>\n<p style=\"text-align: justify;\">M\u00e1s info e inscripci\u00f3n (gratuita) a:\u00a0<span style=\"color: #0000ff;\"> administra@formadrog.net<\/span><\/p>\n<\/blockquote>\n","protected":false},"excerpt":{"rendered":"<p>El pr\u00f3ximo 20 de octubre tendr\u00e1 lugar la inauguraci\u00f3n del 2\u00ba curso del Master y el inicio del Experto en tratamiento con una conferencia del psic\u00f3logo y educador Jaume Funes. &nbsp; &nbsp; El viernes por la ma\u00f1ana 20 de octubre dar\u00e1 inicio el 2\u00ba curso del M\u00e1ster de Drogodependencias de la UB con la novedad [&hellip;]<\/p>\n","protected":false},"author":3,"featured_media":1955,"comment_status":"open","ping_status":"open","sticky":false,"template":"","format":"standard","meta":{"footnotes":""},"categories":[25],"tags":[],"class_list":["post-1957","post","type-post","status-publish","format-standard","has-post-thumbnail","hentry","category-blog-es"],"yoast_head":"<!-- This site is optimized with the Yoast SEO plugin v27.2 - https:\/\/yoast.com\/product\/yoast-seo-wordpress\/ -->\n<title>Adolescencias desamparadas y usos de drogas: inauguraci\u00f3n del 2\u00ba curso del Master. - M\u00e1ster en Drogodependencias<\/title>\n<meta name=\"description\" content=\"El pr\u00f3ximo 20 de octubre tendr\u00e1 lugar la inauguraci\u00f3n del 2\u00ba curso del Master y el inicio del Experto en tratamiento con una conferencia del psic\u00f3logo y\" \/>\n<meta name=\"robots\" content=\"index, follow, max-snippet:-1, max-image-preview:large, max-video-preview:-1\" \/>\n<link rel=\"canonical\" href=\"https:\/\/www.ub.edu\/drogodependencies\/es\/adolescencias-desamparadas-usos-drogas-inauguracion-del-2o-curso-del-master\/\" \/>\n<meta name=\"twitter:label1\" content=\"Escrito por\" \/>\n\t<meta name=\"twitter:data1\" content=\"M\u00e0ster Drogodependencies\" \/>\n\t<meta name=\"twitter:label2\" content=\"Tiempo de lectura\" \/>\n\t<meta name=\"twitter:data2\" content=\"1 minuto\" \/>\n<script type=\"application\/ld+json\" class=\"yoast-schema-graph\">{\"@context\":\"https:\/\/schema.org\",\"@graph\":[{\"@type\":\"Article\",\"@id\":\"https:\/\/www.ub.edu\/drogodependencies\/es\/adolescencias-desamparadas-usos-drogas-inauguracion-del-2o-curso-del-master\/#article\",\"isPartOf\":{\"@id\":\"https:\/\/www.ub.edu\/drogodependencies\/es\/adolescencias-desamparadas-usos-drogas-inauguracion-del-2o-curso-del-master\/\"},\"author\":{\"name\":\"M\u00e0ster Drogodependencies\",\"@id\":\"https:\/\/www.ub.edu\/drogodependencies\/es\/#\/schema\/person\/4536239edcc3944c385b19ae36f1f2be\"},\"headline\":\"Adolescencias desamparadas y usos de drogas: inauguraci\u00f3n del 2\u00ba curso del Master.\",\"datePublished\":\"2017-09-26T16:10:27+00:00\",\"mainEntityOfPage\":{\"@id\":\"https:\/\/www.ub.edu\/drogodependencies\/es\/adolescencias-desamparadas-usos-drogas-inauguracion-del-2o-curso-del-master\/\"},\"wordCount\":209,\"commentCount\":0,\"image\":{\"@id\":\"https:\/\/www.ub.edu\/drogodependencies\/es\/adolescencias-desamparadas-usos-drogas-inauguracion-del-2o-curso-del-master\/#primaryimage\"},\"thumbnailUrl\":\"https:\/\/www.ub.edu\/drogodependencies\/wp-content\/uploads\/funes.jpg\",\"articleSection\":[\"blog\"],\"inLanguage\":\"es\",\"potentialAction\":[{\"@type\":\"CommentAction\",\"name\":\"Comment\",\"target\":[\"https:\/\/www.ub.edu\/drogodependencies\/es\/adolescencias-desamparadas-usos-drogas-inauguracion-del-2o-curso-del-master\/#respond\"]}]},{\"@type\":\"WebPage\",\"@id\":\"https:\/\/www.ub.edu\/drogodependencies\/es\/adolescencias-desamparadas-usos-drogas-inauguracion-del-2o-curso-del-master\/\",\"url\":\"https:\/\/www.ub.edu\/drogodependencies\/es\/adolescencias-desamparadas-usos-drogas-inauguracion-del-2o-curso-del-master\/\",\"name\":\"Adolescencias desamparadas y usos de drogas: inauguraci\u00f3n del 2\u00ba curso del Master. - M\u00e1ster en Drogodependencias\",\"isPartOf\":{\"@id\":\"https:\/\/www.ub.edu\/drogodependencies\/es\/#website\"},\"primaryImageOfPage\":{\"@id\":\"https:\/\/www.ub.edu\/drogodependencies\/es\/adolescencias-desamparadas-usos-drogas-inauguracion-del-2o-curso-del-master\/#primaryimage\"},\"image\":{\"@id\":\"https:\/\/www.ub.edu\/drogodependencies\/es\/adolescencias-desamparadas-usos-drogas-inauguracion-del-2o-curso-del-master\/#primaryimage\"},\"thumbnailUrl\":\"https:\/\/www.ub.edu\/drogodependencies\/wp-content\/uploads\/funes.jpg\",\"datePublished\":\"2017-09-26T16:10:27+00:00\",\"author\":{\"@id\":\"https:\/\/www.ub.edu\/drogodependencies\/es\/#\/schema\/person\/4536239edcc3944c385b19ae36f1f2be\"},\"description\":\"El pr\u00f3ximo 20 de octubre tendr\u00e1 lugar la inauguraci\u00f3n del 2\u00ba curso del Master y el inicio del Experto en tratamiento con una conferencia del psic\u00f3logo y\",\"breadcrumb\":{\"@id\":\"https:\/\/www.ub.edu\/drogodependencies\/es\/adolescencias-desamparadas-usos-drogas-inauguracion-del-2o-curso-del-master\/#breadcrumb\"},\"inLanguage\":\"es\",\"potentialAction\":[{\"@type\":\"ReadAction\",\"target\":[\"https:\/\/www.ub.edu\/drogodependencies\/es\/adolescencias-desamparadas-usos-drogas-inauguracion-del-2o-curso-del-master\/\"]}]},{\"@type\":\"ImageObject\",\"inLanguage\":\"es\",\"@id\":\"https:\/\/www.ub.edu\/drogodependencies\/es\/adolescencias-desamparadas-usos-drogas-inauguracion-del-2o-curso-del-master\/#primaryimage\",\"url\":\"https:\/\/www.ub.edu\/drogodependencies\/wp-content\/uploads\/funes.jpg\",\"contentUrl\":\"https:\/\/www.ub.edu\/drogodependencies\/wp-content\/uploads\/funes.jpg\",\"width\":488,\"height\":274},{\"@type\":\"BreadcrumbList\",\"@id\":\"https:\/\/www.ub.edu\/drogodependencies\/es\/adolescencias-desamparadas-usos-drogas-inauguracion-del-2o-curso-del-master\/#breadcrumb\",\"itemListElement\":[{\"@type\":\"ListItem\",\"position\":1,\"name\":\"Portada\",\"item\":\"https:\/\/www.ub.edu\/drogodependencies\/es\/inicio\/\"},{\"@type\":\"ListItem\",\"position\":2,\"name\":\"Adolescencias desamparadas y usos de drogas: inauguraci\u00f3n del 2\u00ba curso del Master.\"}]},{\"@type\":\"WebSite\",\"@id\":\"https:\/\/www.ub.edu\/drogodependencies\/es\/#website\",\"url\":\"https:\/\/www.ub.edu\/drogodependencies\/es\/\",\"name\":\"M\u00e1ster en Drogodependencias\",\"description\":\"M\u00e1ster Drogodependencias de la Universidad de Barcelona\",\"potentialAction\":[{\"@type\":\"SearchAction\",\"target\":{\"@type\":\"EntryPoint\",\"urlTemplate\":\"https:\/\/www.ub.edu\/drogodependencies\/es\/?s={search_term_string}\"},\"query-input\":{\"@type\":\"PropertyValueSpecification\",\"valueRequired\":true,\"valueName\":\"search_term_string\"}}],\"inLanguage\":\"es\"},{\"@type\":\"Person\",\"@id\":\"https:\/\/www.ub.edu\/drogodependencies\/es\/#\/schema\/person\/4536239edcc3944c385b19ae36f1f2be\",\"name\":\"M\u00e0ster Drogodependencies\",\"image\":{\"@type\":\"ImageObject\",\"inLanguage\":\"es\",\"@id\":\"https:\/\/secure.gravatar.com\/avatar\/9845e6c7efbf2e9b3dfd9b5d66eec0f37e979efba0307c76f80d79210dc1a9e4?s=96&d=mm&r=g\",\"url\":\"https:\/\/secure.gravatar.com\/avatar\/9845e6c7efbf2e9b3dfd9b5d66eec0f37e979efba0307c76f80d79210dc1a9e4?s=96&d=mm&r=g\",\"contentUrl\":\"https:\/\/secure.gravatar.com\/avatar\/9845e6c7efbf2e9b3dfd9b5d66eec0f37e979efba0307c76f80d79210dc1a9e4?s=96&d=mm&r=g\",\"caption\":\"M\u00e0ster Drogodependencies\"},\"url\":\"https:\/\/www.ub.edu\/drogodependencies\/es\/author\/masterweb\/\"}]}<\/script>\n<!-- \/ Yoast SEO plugin. -->","yoast_head_json":{"title":"Adolescencias desamparadas y usos de drogas: inauguraci\u00f3n del 2\u00ba curso del Master. - M\u00e1ster en Drogodependencias","description":"El pr\u00f3ximo 20 de octubre tendr\u00e1 lugar la inauguraci\u00f3n del 2\u00ba curso del Master y el inicio del Experto en tratamiento con una conferencia del psic\u00f3logo y","robots":{"index":"index","follow":"follow","max-snippet":"max-snippet:-1","max-image-preview":"max-image-preview:large","max-video-preview":"max-video-preview:-1"},"canonical":"https:\/\/www.ub.edu\/drogodependencies\/es\/adolescencias-desamparadas-usos-drogas-inauguracion-del-2o-curso-del-master\/","twitter_misc":{"Escrito por":"M\u00e0ster Drogodependencies","Tiempo de lectura":"1 minuto"},"schema":{"@context":"https:\/\/schema.org","@graph":[{"@type":"Article","@id":"https:\/\/www.ub.edu\/drogodependencies\/es\/adolescencias-desamparadas-usos-drogas-inauguracion-del-2o-curso-del-master\/#article","isPartOf":{"@id":"https:\/\/www.ub.edu\/drogodependencies\/es\/adolescencias-desamparadas-usos-drogas-inauguracion-del-2o-curso-del-master\/"},"author":{"name":"M\u00e0ster Drogodependencies","@id":"https:\/\/www.ub.edu\/drogodependencies\/es\/#\/schema\/person\/4536239edcc3944c385b19ae36f1f2be"},"headline":"Adolescencias desamparadas y usos de drogas: inauguraci\u00f3n del 2\u00ba curso del Master.","datePublished":"2017-09-26T16:10:27+00:00","mainEntityOfPage":{"@id":"https:\/\/www.ub.edu\/drogodependencies\/es\/adolescencias-desamparadas-usos-drogas-inauguracion-del-2o-curso-del-master\/"},"wordCount":209,"commentCount":0,"image":{"@id":"https:\/\/www.ub.edu\/drogodependencies\/es\/adolescencias-desamparadas-usos-drogas-inauguracion-del-2o-curso-del-master\/#primaryimage"},"thumbnailUrl":"https:\/\/www.ub.edu\/drogodependencies\/wp-content\/uploads\/funes.jpg","articleSection":["blog"],"inLanguage":"es","potentialAction":[{"@type":"CommentAction","name":"Comment","target":["https:\/\/www.ub.edu\/drogodependencies\/es\/adolescencias-desamparadas-usos-drogas-inauguracion-del-2o-curso-del-master\/#respond"]}]},{"@type":"WebPage","@id":"https:\/\/www.ub.edu\/drogodependencies\/es\/adolescencias-desamparadas-usos-drogas-inauguracion-del-2o-curso-del-master\/","url":"https:\/\/www.ub.edu\/drogodependencies\/es\/adolescencias-desamparadas-usos-drogas-inauguracion-del-2o-curso-del-master\/","name":"Adolescencias desamparadas y usos de drogas: inauguraci\u00f3n del 2\u00ba curso del Master. - M\u00e1ster en Drogodependencias","isPartOf":{"@id":"https:\/\/www.ub.edu\/drogodependencies\/es\/#website"},"primaryImageOfPage":{"@id":"https:\/\/www.ub.edu\/drogodependencies\/es\/adolescencias-desamparadas-usos-drogas-inauguracion-del-2o-curso-del-master\/#primaryimage"},"image":{"@id":"https:\/\/www.ub.edu\/drogodependencies\/es\/adolescencias-desamparadas-usos-drogas-inauguracion-del-2o-curso-del-master\/#primaryimage"},"thumbnailUrl":"https:\/\/www.ub.edu\/drogodependencies\/wp-content\/uploads\/funes.jpg","datePublished":"2017-09-26T16:10:27+00:00","author":{"@id":"https:\/\/www.ub.edu\/drogodependencies\/es\/#\/schema\/person\/4536239edcc3944c385b19ae36f1f2be"},"description":"El pr\u00f3ximo 20 de octubre tendr\u00e1 lugar la inauguraci\u00f3n del 2\u00ba curso del Master y el inicio del Experto en tratamiento con una conferencia del psic\u00f3logo y","breadcrumb":{"@id":"https:\/\/www.ub.edu\/drogodependencies\/es\/adolescencias-desamparadas-usos-drogas-inauguracion-del-2o-curso-del-master\/#breadcrumb"},"inLanguage":"es","potentialAction":[{"@type":"ReadAction","target":["https:\/\/www.ub.edu\/drogodependencies\/es\/adolescencias-desamparadas-usos-drogas-inauguracion-del-2o-curso-del-master\/"]}]},{"@type":"ImageObject","inLanguage":"es","@id":"https:\/\/www.ub.edu\/drogodependencies\/es\/adolescencias-desamparadas-usos-drogas-inauguracion-del-2o-curso-del-master\/#primaryimage","url":"https:\/\/www.ub.edu\/drogodependencies\/wp-content\/uploads\/funes.jpg","contentUrl":"https:\/\/www.ub.edu\/drogodependencies\/wp-content\/uploads\/funes.jpg","width":488,"height":274},{"@type":"BreadcrumbList","@id":"https:\/\/www.ub.edu\/drogodependencies\/es\/adolescencias-desamparadas-usos-drogas-inauguracion-del-2o-curso-del-master\/#breadcrumb","itemListElement":[{"@type":"ListItem","position":1,"name":"Portada","item":"https:\/\/www.ub.edu\/drogodependencies\/es\/inicio\/"},{"@type":"ListItem","position":2,"name":"Adolescencias desamparadas y usos de drogas: inauguraci\u00f3n del 2\u00ba curso del Master."}]},{"@type":"WebSite","@id":"https:\/\/www.ub.edu\/drogodependencies\/es\/#website","url":"https:\/\/www.ub.edu\/drogodependencies\/es\/","name":"M\u00e1ster en Drogodependencias","description":"M\u00e1ster Drogodependencias de la Universidad de Barcelona","potentialAction":[{"@type":"SearchAction","target":{"@type":"EntryPoint","urlTemplate":"https:\/\/www.ub.edu\/drogodependencies\/es\/?s={search_term_string}"},"query-input":{"@type":"PropertyValueSpecification","valueRequired":true,"valueName":"search_term_string"}}],"inLanguage":"es"},{"@type":"Person","@id":"https:\/\/www.ub.edu\/drogodependencies\/es\/#\/schema\/person\/4536239edcc3944c385b19ae36f1f2be","name":"M\u00e0ster Drogodependencies","image":{"@type":"ImageObject","inLanguage":"es","@id":"https:\/\/secure.gravatar.com\/avatar\/9845e6c7efbf2e9b3dfd9b5d66eec0f37e979efba0307c76f80d79210dc1a9e4?s=96&d=mm&r=g","url":"https:\/\/secure.gravatar.com\/avatar\/9845e6c7efbf2e9b3dfd9b5d66eec0f37e979efba0307c76f80d79210dc1a9e4?s=96&d=mm&r=g","contentUrl":"https:\/\/secure.gravatar.com\/avatar\/9845e6c7efbf2e9b3dfd9b5d66eec0f37e979efba0307c76f80d79210dc1a9e4?s=96&d=mm&r=g","caption":"M\u00e0ster Drogodependencies"},"url":"https:\/\/www.ub.edu\/drogodependencies\/es\/author\/masterweb\/"}]}},"_links":{"self":[{"href":"https:\/\/www.ub.edu\/drogodependencies\/es\/wp-json\/wp\/v2\/posts\/1957","targetHints":{"allow":["GET"]}}],"collection":[{"href":"https:\/\/www.ub.edu\/drogodependencies\/es\/wp-json\/wp\/v2\/posts"}],"about":[{"href":"https:\/\/www.ub.edu\/drogodependencies\/es\/wp-json\/wp\/v2\/types\/post"}],"author":[{"embeddable":true,"href":"https:\/\/www.ub.edu\/drogodependencies\/es\/wp-json\/wp\/v2\/users\/3"}],"replies":[{"embeddable":true,"href":"https:\/\/www.ub.edu\/drogodependencies\/es\/wp-json\/wp\/v2\/comments?post=1957"}],"version-history":[{"count":0,"href":"https:\/\/www.ub.edu\/drogodependencies\/es\/wp-json\/wp\/v2\/posts\/1957\/revisions"}],"wp:featuredmedia":[{"embeddable":true,"href":"https:\/\/www.ub.edu\/drogodependencies\/es\/wp-json\/wp\/v2\/media\/1955"}],"wp:attachment":[{"href":"https:\/\/www.ub.edu\/drogodependencies\/es\/wp-json\/wp\/v2\/media?parent=1957"}],"wp:term":[{"taxonomy":"category","embeddable":true,"href":"https:\/\/www.ub.edu\/drogodependencies\/es\/wp-json\/wp\/v2\/categories?post=1957"},{"taxonomy":"post_tag","embeddable":true,"href":"https:\/\/www.ub.edu\/drogodependencies\/es\/wp-json\/wp\/v2\/tags?post=1957"}],"curies":[{"name":"wp","href":"https:\/\/api.w.org\/{rel}","templated":true}]}}