{"id":2997,"date":"2024-05-13T15:17:59","date_gmt":"2024-05-13T15:17:59","guid":{"rendered":"https:\/\/www.ub.edu\/drogodependencies\/?p=2997"},"modified":"2024-05-13T15:17:59","modified_gmt":"2024-05-13T15:17:59","slug":"la-ii-jornada-del-portal-web-lasdrogas-info-tratara-sobre-las-adicciones-en-persones-de-edada-avanzada","status":"publish","type":"post","link":"https:\/\/www.ub.edu\/drogodependencies\/es\/la-ii-jornada-del-portal-web-lasdrogas-info-tratara-sobre-las-adicciones-en-persones-de-edada-avanzada\/","title":{"rendered":"La II Jornada del portal web LasDrogas.Info tratar\u00e1 sobre las adicciones en persones de edada avanzada."},"content":{"rendered":"<h3>El director del M\u00e0ster de Drogodependencias de la UB , Xavier Ferrer, realizar\u00e1 la ponencia principal de la jornada que se celebrar\u00e1 el 22 de mayo a las 16h en formato online.<\/h3>\n<p>A menudo, la poblaci\u00f3n que m\u00e1s preocupa en t\u00e9rminos de consumos de drogas suelen ser las personas j\u00f3venes, lo que lleva a que la intervenci\u00f3n con este grupo reciba la mayor parte de los presupuestos, jornadas y publicaciones en del sector. Sin embargo, son numerosos los servicios que, con distintos niveles de experiencia, han ido incorporando estrategias para mejorar la cobertura tambi\u00e9n en el otro extremo del espectro de edad. Por razones de justicia social, estas personas tienen los mismos derechos que el resto de la poblaci\u00f3n para recibir una atenci\u00f3n que tenga en cuenta sus particularidades, adem\u00e1s de que la relaci\u00f3n de esta franja de edad con las drogas ha ido cambiando con el tiempo.<\/p>\n<p>Por esta raz\u00f3n desde el portal web LasDrogasInfo han decidido dedicar las jornadas de este a\u00f1o a <strong>visibilizar la relaci\u00f3n que tienen las personas mayores con el consumo de drogas<\/strong>, as\u00ed como las buenas pr\u00e1cticas que se est\u00e1n desarrollando en la actualidad.<\/p>\n<p>Las jornadas tendr\u00e1n lugar el d\u00eda<strong>\u00a022 de mayo<\/strong>\u00a0de 2024 de\u00a0<strong>16:00h a 19:00h<\/strong>\u00a0en formato\u00a0<strong>online<\/strong>.<\/p>\n<p>Se requiere\u00a0<strong>inscripci\u00f3n previa<\/strong>\u00a0en este\u00a0<a href=\"https:\/\/docs.google.com\/forms\/d\/1pY4bLNMSNkXlayIChF1yKapyP5M8Fqd_rF0iqbku2w0\/edit\" target=\"_blank\" rel=\"noopener\">enlace<\/a>.<\/p>\n<p>El programa lo pod\u00e9is descargar en PDF en este\u00a0<a href=\"https:\/\/www.lasdrogas.info\/wp-content\/uploads\/2024\/05\/LDjornadas2-1.pdf\">enlace<\/a>.<\/p>\n<p><strong>PROGRAMA<\/strong><\/p>\n<p>16h \u2013 16:15 h Inauguraci\u00f3n y bienvenida<\/p>\n<ul>\n<li><strong>Joan Ramon Villalb\u00ed<\/strong>. Delegado del Gobierno para el Plan Nacional Sobre Drogas. Ministerio de Sanidad.<\/li>\n<li><strong>Joan Colom<\/strong>. Subdirector General d\u2019Addicions, VIH, ITS i Hepatitis V\u00edriques de Catalunya. Ag\u00e8ncia de Salut P\u00fablica de Catalunya.<\/li>\n<li><strong>Marta \u00c1lvarez<\/strong>. Directora \u00c1rea Adicciones, G\u00e9nero y Familias. Fundaci\u00f3n Salud y Comunidad (FSC).<\/li>\n<\/ul>\n<p>16:15h \u2013 17:15h Problemas entre personas consumidoras de drogas envejecidas prematuramente o de edad avanzada<\/p>\n<ul>\n<li><strong>Xavier Ferrer P\u00e9rez<\/strong>. Doctor en psicolog\u00eda, especialista en psicolog\u00eda cl\u00ednica. Experto en prevenci\u00f3n de las adicciones y otros problemas sociales. Director T\u00e9cnico de la Fundaci\u00f3n Salud y Comunidad. Director del M\u00e1ster en Drogodependencias de la Universitat de Barcelona.<\/li>\n<\/ul>\n<p>Modera: Marta Saiz. Periodista y redactora de Las Drogas Info<\/p>\n<p>17:15h \u2013 17:30h PAUSA<\/p>\n<p>17:30h \u2013 18:45h: Experiencias y buenas pr\u00e1cticas<\/p>\n<ul>\n<li><b>\u2018Adicciones, personas mayores y estigma\u2019. Gisela Hansen. \u00a0<\/b>Dra en Psicologia Cl\u00ednica. Profesora de la Universidad de Barcelona. Coordinadora del area de relaciones institucionales en Dianova Internacional.<\/li>\n<li><b>\u2018Abordaje del consumo de drogas en personas mayores en la atenci\u00f3n primaria\u2019.\u00a0Fernando Caudevilla.<\/b>\u00a0M\u00e9dico de Familia y Experto Universitario en Drogodependencias. Desde hace veinte a\u00f1os trabajo en distintos proyectos asistenciales, divulgaci\u00f3n, investigaci\u00f3n e intervenci\u00f3n en distintos \u00e1mbitos relacionados con las drogas.<\/li>\n<li><b>\u2018Red Internacional de Adultos Mayores Preventivos (RIAMP): G\u00e9nesis y objetivos\u2019. Javier Mart\u00edn Nieto.\u00a0<\/b>Miembro de la Junta\u00a0de la RIAMP.\u00a0\u00a0Consultor t\u00e9cnico de la red de Alianza de Donatarias de Adicciones de M\u00e9xico.<\/li>\n<\/ul>\n<p>Modera: David Tinoco Casadell\u00e0. Responsable de contenido de Las Drogas Info.<\/p>\n<p>18:45h Gu\u00edas y materiales espec\u00edficos<\/p>\n<p>&nbsp;<\/p>\n","protected":false},"excerpt":{"rendered":"<p>El director del M\u00e0ster de Drogodependencias de la UB , Xavier Ferrer, realizar\u00e1 la ponencia principal de la jornada que se celebrar\u00e1 el 22 de mayo a las 16h en formato online. A menudo, la poblaci\u00f3n que m\u00e1s preocupa en t\u00e9rminos de consumos de drogas suelen ser las personas j\u00f3venes, lo que lleva a que [&hellip;]<\/p>\n","protected":false},"author":3,"featured_media":2998,"comment_status":"open","ping_status":"open","sticky":false,"template":"","format":"standard","meta":{"footnotes":""},"categories":[44],"tags":[],"class_list":["post-2997","post","type-post","status-publish","format-standard","has-post-thumbnail","hentry","category-adicciones"],"yoast_head":"<!-- This site is optimized with the Yoast SEO plugin v27.2 - https:\/\/yoast.com\/product\/yoast-seo-wordpress\/ -->\n<title>La II Jornada del portal web LasDrogas.Info tratar\u00e1 sobre las adicciones en persones de edada avanzada. - M\u00e1ster en Drogodependencias<\/title>\n<meta name=\"description\" content=\"El director del M\u00e0ster de Drogodependencias de la UB , Xavier Ferrer, realizar\u00e1 la ponencia principal de la jornada que se celebrar\u00e1 el 22 de mayo a las\" \/>\n<meta name=\"robots\" content=\"index, follow, max-snippet:-1, max-image-preview:large, max-video-preview:-1\" \/>\n<link rel=\"canonical\" href=\"https:\/\/www.ub.edu\/drogodependencies\/es\/la-ii-jornada-del-portal-web-lasdrogas-info-tratara-sobre-las-adicciones-en-persones-de-edada-avanzada\/\" \/>\n<meta name=\"twitter:label1\" content=\"Escrito por\" \/>\n\t<meta name=\"twitter:data1\" content=\"M\u00e0ster Drogodependencies\" \/>\n\t<meta name=\"twitter:label2\" content=\"Tiempo de lectura\" \/>\n\t<meta name=\"twitter:data2\" content=\"3 minutos\" \/>\n<script type=\"application\/ld+json\" class=\"yoast-schema-graph\">{\"@context\":\"https:\/\/schema.org\",\"@graph\":[{\"@type\":\"Article\",\"@id\":\"https:\/\/www.ub.edu\/drogodependencies\/es\/la-ii-jornada-del-portal-web-lasdrogas-info-tratara-sobre-las-adicciones-en-persones-de-edada-avanzada\/#article\",\"isPartOf\":{\"@id\":\"https:\/\/www.ub.edu\/drogodependencies\/es\/la-ii-jornada-del-portal-web-lasdrogas-info-tratara-sobre-las-adicciones-en-persones-de-edada-avanzada\/\"},\"author\":{\"name\":\"M\u00e0ster Drogodependencies\",\"@id\":\"https:\/\/www.ub.edu\/drogodependencies\/es\/#\/schema\/person\/4536239edcc3944c385b19ae36f1f2be\"},\"headline\":\"La II Jornada del portal web LasDrogas.Info tratar\u00e1 sobre las adicciones en persones de edada avanzada.\",\"datePublished\":\"2024-05-13T15:17:59+00:00\",\"mainEntityOfPage\":{\"@id\":\"https:\/\/www.ub.edu\/drogodependencies\/es\/la-ii-jornada-del-portal-web-lasdrogas-info-tratara-sobre-las-adicciones-en-persones-de-edada-avanzada\/\"},\"wordCount\":528,\"commentCount\":0,\"image\":{\"@id\":\"https:\/\/www.ub.edu\/drogodependencies\/es\/la-ii-jornada-del-portal-web-lasdrogas-info-tratara-sobre-las-adicciones-en-persones-de-edada-avanzada\/#primaryimage\"},\"thumbnailUrl\":\"https:\/\/www.ub.edu\/drogodependencies\/wp-content\/uploads\/LDmayores-1123x640-1.png\",\"articleSection\":[\"Adicciones\"],\"inLanguage\":\"es\",\"potentialAction\":[{\"@type\":\"CommentAction\",\"name\":\"Comment\",\"target\":[\"https:\/\/www.ub.edu\/drogodependencies\/es\/la-ii-jornada-del-portal-web-lasdrogas-info-tratara-sobre-las-adicciones-en-persones-de-edada-avanzada\/#respond\"]}]},{\"@type\":\"WebPage\",\"@id\":\"https:\/\/www.ub.edu\/drogodependencies\/es\/la-ii-jornada-del-portal-web-lasdrogas-info-tratara-sobre-las-adicciones-en-persones-de-edada-avanzada\/\",\"url\":\"https:\/\/www.ub.edu\/drogodependencies\/es\/la-ii-jornada-del-portal-web-lasdrogas-info-tratara-sobre-las-adicciones-en-persones-de-edada-avanzada\/\",\"name\":\"La II Jornada del portal web LasDrogas.Info tratar\u00e1 sobre las adicciones en persones de edada avanzada. - M\u00e1ster en Drogodependencias\",\"isPartOf\":{\"@id\":\"https:\/\/www.ub.edu\/drogodependencies\/es\/#website\"},\"primaryImageOfPage\":{\"@id\":\"https:\/\/www.ub.edu\/drogodependencies\/es\/la-ii-jornada-del-portal-web-lasdrogas-info-tratara-sobre-las-adicciones-en-persones-de-edada-avanzada\/#primaryimage\"},\"image\":{\"@id\":\"https:\/\/www.ub.edu\/drogodependencies\/es\/la-ii-jornada-del-portal-web-lasdrogas-info-tratara-sobre-las-adicciones-en-persones-de-edada-avanzada\/#primaryimage\"},\"thumbnailUrl\":\"https:\/\/www.ub.edu\/drogodependencies\/wp-content\/uploads\/LDmayores-1123x640-1.png\",\"datePublished\":\"2024-05-13T15:17:59+00:00\",\"author\":{\"@id\":\"https:\/\/www.ub.edu\/drogodependencies\/es\/#\/schema\/person\/4536239edcc3944c385b19ae36f1f2be\"},\"description\":\"El director del M\u00e0ster de Drogodependencias de la UB , Xavier Ferrer, realizar\u00e1 la ponencia principal de la jornada que se celebrar\u00e1 el 22 de mayo a las\",\"breadcrumb\":{\"@id\":\"https:\/\/www.ub.edu\/drogodependencies\/es\/la-ii-jornada-del-portal-web-lasdrogas-info-tratara-sobre-las-adicciones-en-persones-de-edada-avanzada\/#breadcrumb\"},\"inLanguage\":\"es\",\"potentialAction\":[{\"@type\":\"ReadAction\",\"target\":[\"https:\/\/www.ub.edu\/drogodependencies\/es\/la-ii-jornada-del-portal-web-lasdrogas-info-tratara-sobre-las-adicciones-en-persones-de-edada-avanzada\/\"]}]},{\"@type\":\"ImageObject\",\"inLanguage\":\"es\",\"@id\":\"https:\/\/www.ub.edu\/drogodependencies\/es\/la-ii-jornada-del-portal-web-lasdrogas-info-tratara-sobre-las-adicciones-en-persones-de-edada-avanzada\/#primaryimage\",\"url\":\"https:\/\/www.ub.edu\/drogodependencies\/wp-content\/uploads\/LDmayores-1123x640-1.png\",\"contentUrl\":\"https:\/\/www.ub.edu\/drogodependencies\/wp-content\/uploads\/LDmayores-1123x640-1.png\",\"width\":1123,\"height\":640},{\"@type\":\"BreadcrumbList\",\"@id\":\"https:\/\/www.ub.edu\/drogodependencies\/es\/la-ii-jornada-del-portal-web-lasdrogas-info-tratara-sobre-las-adicciones-en-persones-de-edada-avanzada\/#breadcrumb\",\"itemListElement\":[{\"@type\":\"ListItem\",\"position\":1,\"name\":\"Portada\",\"item\":\"https:\/\/www.ub.edu\/drogodependencies\/es\/inicio\/\"},{\"@type\":\"ListItem\",\"position\":2,\"name\":\"La II Jornada del portal web LasDrogas.Info tratar\u00e1 sobre las adicciones en persones de edada avanzada.\"}]},{\"@type\":\"WebSite\",\"@id\":\"https:\/\/www.ub.edu\/drogodependencies\/es\/#website\",\"url\":\"https:\/\/www.ub.edu\/drogodependencies\/es\/\",\"name\":\"M\u00e1ster en Drogodependencias\",\"description\":\"M\u00e1ster Drogodependencias de la Universidad de Barcelona\",\"potentialAction\":[{\"@type\":\"SearchAction\",\"target\":{\"@type\":\"EntryPoint\",\"urlTemplate\":\"https:\/\/www.ub.edu\/drogodependencies\/es\/?s={search_term_string}\"},\"query-input\":{\"@type\":\"PropertyValueSpecification\",\"valueRequired\":true,\"valueName\":\"search_term_string\"}}],\"inLanguage\":\"es\"},{\"@type\":\"Person\",\"@id\":\"https:\/\/www.ub.edu\/drogodependencies\/es\/#\/schema\/person\/4536239edcc3944c385b19ae36f1f2be\",\"name\":\"M\u00e0ster Drogodependencies\",\"image\":{\"@type\":\"ImageObject\",\"inLanguage\":\"es\",\"@id\":\"https:\/\/secure.gravatar.com\/avatar\/9845e6c7efbf2e9b3dfd9b5d66eec0f37e979efba0307c76f80d79210dc1a9e4?s=96&d=mm&r=g\",\"url\":\"https:\/\/secure.gravatar.com\/avatar\/9845e6c7efbf2e9b3dfd9b5d66eec0f37e979efba0307c76f80d79210dc1a9e4?s=96&d=mm&r=g\",\"contentUrl\":\"https:\/\/secure.gravatar.com\/avatar\/9845e6c7efbf2e9b3dfd9b5d66eec0f37e979efba0307c76f80d79210dc1a9e4?s=96&d=mm&r=g\",\"caption\":\"M\u00e0ster Drogodependencies\"},\"url\":\"https:\/\/www.ub.edu\/drogodependencies\/es\/author\/masterweb\/\"}]}<\/script>\n<!-- \/ Yoast SEO plugin. -->","yoast_head_json":{"title":"La II Jornada del portal web LasDrogas.Info tratar\u00e1 sobre las adicciones en persones de edada avanzada. - M\u00e1ster en Drogodependencias","description":"El director del M\u00e0ster de Drogodependencias de la UB , Xavier Ferrer, realizar\u00e1 la ponencia principal de la jornada que se celebrar\u00e1 el 22 de mayo a las","robots":{"index":"index","follow":"follow","max-snippet":"max-snippet:-1","max-image-preview":"max-image-preview:large","max-video-preview":"max-video-preview:-1"},"canonical":"https:\/\/www.ub.edu\/drogodependencies\/es\/la-ii-jornada-del-portal-web-lasdrogas-info-tratara-sobre-las-adicciones-en-persones-de-edada-avanzada\/","twitter_misc":{"Escrito por":"M\u00e0ster Drogodependencies","Tiempo de lectura":"3 minutos"},"schema":{"@context":"https:\/\/schema.org","@graph":[{"@type":"Article","@id":"https:\/\/www.ub.edu\/drogodependencies\/es\/la-ii-jornada-del-portal-web-lasdrogas-info-tratara-sobre-las-adicciones-en-persones-de-edada-avanzada\/#article","isPartOf":{"@id":"https:\/\/www.ub.edu\/drogodependencies\/es\/la-ii-jornada-del-portal-web-lasdrogas-info-tratara-sobre-las-adicciones-en-persones-de-edada-avanzada\/"},"author":{"name":"M\u00e0ster Drogodependencies","@id":"https:\/\/www.ub.edu\/drogodependencies\/es\/#\/schema\/person\/4536239edcc3944c385b19ae36f1f2be"},"headline":"La II Jornada del portal web LasDrogas.Info tratar\u00e1 sobre las adicciones en persones de edada avanzada.","datePublished":"2024-05-13T15:17:59+00:00","mainEntityOfPage":{"@id":"https:\/\/www.ub.edu\/drogodependencies\/es\/la-ii-jornada-del-portal-web-lasdrogas-info-tratara-sobre-las-adicciones-en-persones-de-edada-avanzada\/"},"wordCount":528,"commentCount":0,"image":{"@id":"https:\/\/www.ub.edu\/drogodependencies\/es\/la-ii-jornada-del-portal-web-lasdrogas-info-tratara-sobre-las-adicciones-en-persones-de-edada-avanzada\/#primaryimage"},"thumbnailUrl":"https:\/\/www.ub.edu\/drogodependencies\/wp-content\/uploads\/LDmayores-1123x640-1.png","articleSection":["Adicciones"],"inLanguage":"es","potentialAction":[{"@type":"CommentAction","name":"Comment","target":["https:\/\/www.ub.edu\/drogodependencies\/es\/la-ii-jornada-del-portal-web-lasdrogas-info-tratara-sobre-las-adicciones-en-persones-de-edada-avanzada\/#respond"]}]},{"@type":"WebPage","@id":"https:\/\/www.ub.edu\/drogodependencies\/es\/la-ii-jornada-del-portal-web-lasdrogas-info-tratara-sobre-las-adicciones-en-persones-de-edada-avanzada\/","url":"https:\/\/www.ub.edu\/drogodependencies\/es\/la-ii-jornada-del-portal-web-lasdrogas-info-tratara-sobre-las-adicciones-en-persones-de-edada-avanzada\/","name":"La II Jornada del portal web LasDrogas.Info tratar\u00e1 sobre las adicciones en persones de edada avanzada. - M\u00e1ster en Drogodependencias","isPartOf":{"@id":"https:\/\/www.ub.edu\/drogodependencies\/es\/#website"},"primaryImageOfPage":{"@id":"https:\/\/www.ub.edu\/drogodependencies\/es\/la-ii-jornada-del-portal-web-lasdrogas-info-tratara-sobre-las-adicciones-en-persones-de-edada-avanzada\/#primaryimage"},"image":{"@id":"https:\/\/www.ub.edu\/drogodependencies\/es\/la-ii-jornada-del-portal-web-lasdrogas-info-tratara-sobre-las-adicciones-en-persones-de-edada-avanzada\/#primaryimage"},"thumbnailUrl":"https:\/\/www.ub.edu\/drogodependencies\/wp-content\/uploads\/LDmayores-1123x640-1.png","datePublished":"2024-05-13T15:17:59+00:00","author":{"@id":"https:\/\/www.ub.edu\/drogodependencies\/es\/#\/schema\/person\/4536239edcc3944c385b19ae36f1f2be"},"description":"El director del M\u00e0ster de Drogodependencias de la UB , Xavier Ferrer, realizar\u00e1 la ponencia principal de la jornada que se celebrar\u00e1 el 22 de mayo a las","breadcrumb":{"@id":"https:\/\/www.ub.edu\/drogodependencies\/es\/la-ii-jornada-del-portal-web-lasdrogas-info-tratara-sobre-las-adicciones-en-persones-de-edada-avanzada\/#breadcrumb"},"inLanguage":"es","potentialAction":[{"@type":"ReadAction","target":["https:\/\/www.ub.edu\/drogodependencies\/es\/la-ii-jornada-del-portal-web-lasdrogas-info-tratara-sobre-las-adicciones-en-persones-de-edada-avanzada\/"]}]},{"@type":"ImageObject","inLanguage":"es","@id":"https:\/\/www.ub.edu\/drogodependencies\/es\/la-ii-jornada-del-portal-web-lasdrogas-info-tratara-sobre-las-adicciones-en-persones-de-edada-avanzada\/#primaryimage","url":"https:\/\/www.ub.edu\/drogodependencies\/wp-content\/uploads\/LDmayores-1123x640-1.png","contentUrl":"https:\/\/www.ub.edu\/drogodependencies\/wp-content\/uploads\/LDmayores-1123x640-1.png","width":1123,"height":640},{"@type":"BreadcrumbList","@id":"https:\/\/www.ub.edu\/drogodependencies\/es\/la-ii-jornada-del-portal-web-lasdrogas-info-tratara-sobre-las-adicciones-en-persones-de-edada-avanzada\/#breadcrumb","itemListElement":[{"@type":"ListItem","position":1,"name":"Portada","item":"https:\/\/www.ub.edu\/drogodependencies\/es\/inicio\/"},{"@type":"ListItem","position":2,"name":"La II Jornada del portal web LasDrogas.Info tratar\u00e1 sobre las adicciones en persones de edada avanzada."}]},{"@type":"WebSite","@id":"https:\/\/www.ub.edu\/drogodependencies\/es\/#website","url":"https:\/\/www.ub.edu\/drogodependencies\/es\/","name":"M\u00e1ster en Drogodependencias","description":"M\u00e1ster Drogodependencias de la Universidad de Barcelona","potentialAction":[{"@type":"SearchAction","target":{"@type":"EntryPoint","urlTemplate":"https:\/\/www.ub.edu\/drogodependencies\/es\/?s={search_term_string}"},"query-input":{"@type":"PropertyValueSpecification","valueRequired":true,"valueName":"search_term_string"}}],"inLanguage":"es"},{"@type":"Person","@id":"https:\/\/www.ub.edu\/drogodependencies\/es\/#\/schema\/person\/4536239edcc3944c385b19ae36f1f2be","name":"M\u00e0ster Drogodependencies","image":{"@type":"ImageObject","inLanguage":"es","@id":"https:\/\/secure.gravatar.com\/avatar\/9845e6c7efbf2e9b3dfd9b5d66eec0f37e979efba0307c76f80d79210dc1a9e4?s=96&d=mm&r=g","url":"https:\/\/secure.gravatar.com\/avatar\/9845e6c7efbf2e9b3dfd9b5d66eec0f37e979efba0307c76f80d79210dc1a9e4?s=96&d=mm&r=g","contentUrl":"https:\/\/secure.gravatar.com\/avatar\/9845e6c7efbf2e9b3dfd9b5d66eec0f37e979efba0307c76f80d79210dc1a9e4?s=96&d=mm&r=g","caption":"M\u00e0ster Drogodependencies"},"url":"https:\/\/www.ub.edu\/drogodependencies\/es\/author\/masterweb\/"}]}},"_links":{"self":[{"href":"https:\/\/www.ub.edu\/drogodependencies\/es\/wp-json\/wp\/v2\/posts\/2997","targetHints":{"allow":["GET"]}}],"collection":[{"href":"https:\/\/www.ub.edu\/drogodependencies\/es\/wp-json\/wp\/v2\/posts"}],"about":[{"href":"https:\/\/www.ub.edu\/drogodependencies\/es\/wp-json\/wp\/v2\/types\/post"}],"author":[{"embeddable":true,"href":"https:\/\/www.ub.edu\/drogodependencies\/es\/wp-json\/wp\/v2\/users\/3"}],"replies":[{"embeddable":true,"href":"https:\/\/www.ub.edu\/drogodependencies\/es\/wp-json\/wp\/v2\/comments?post=2997"}],"version-history":[{"count":0,"href":"https:\/\/www.ub.edu\/drogodependencies\/es\/wp-json\/wp\/v2\/posts\/2997\/revisions"}],"wp:featuredmedia":[{"embeddable":true,"href":"https:\/\/www.ub.edu\/drogodependencies\/es\/wp-json\/wp\/v2\/media\/2998"}],"wp:attachment":[{"href":"https:\/\/www.ub.edu\/drogodependencies\/es\/wp-json\/wp\/v2\/media?parent=2997"}],"wp:term":[{"taxonomy":"category","embeddable":true,"href":"https:\/\/www.ub.edu\/drogodependencies\/es\/wp-json\/wp\/v2\/categories?post=2997"},{"taxonomy":"post_tag","embeddable":true,"href":"https:\/\/www.ub.edu\/drogodependencies\/es\/wp-json\/wp\/v2\/tags?post=2997"}],"curies":[{"name":"wp","href":"https:\/\/api.w.org\/{rel}","templated":true}]}}