{"id":1691,"date":"2016-10-18T15:56:55","date_gmt":"2016-10-18T15:56:55","guid":{"rendered":"https:\/\/www.ub.edu\/drogodependencies\/?p=1691"},"modified":"2016-10-27T07:25:15","modified_gmt":"2016-10-27T07:25:15","slug":"sessio-inaugural-master-drogodependencies-16a-edicio","status":"publish","type":"post","link":"https:\/\/www.ub.edu\/drogodependencies\/sessio-inaugural-master-drogodependencies-16a-edicio\/","title":{"rendered":"Sessi\u00f3 inaugural M\u00c0STER EN DROGODEPEND\u00c8NCIES, 16\u00aa edici\u00f3"},"content":{"rendered":"<h2 style=\"text-align: justify;\">La 16a edici\u00f3 del M\u00e0ster en Drogodepend\u00e8ncies de la UB s&#8217;iniciar\u00e0 amb una confer\u00e8ncia oberta de Teresa Laespada dedicada al consum de drogues en l&#8217;adolesc\u00e8ncia.<\/h2>\n<p>&nbsp;<\/p>\n<p><a href=\"http:\/\/www.ub.edu\/drogodependencies\/wp-content\/uploads\/teresa-laespada.jpg\"><img loading=\"lazy\" decoding=\"async\" class=\"size-full wp-image-1689 aligncenter\" src=\"http:\/\/www.ub.edu\/drogodependencies\/wp-content\/uploads\/teresa-laespada.jpg\" alt=\"teresa laespada\" width=\"680\" height=\"340\" srcset=\"https:\/\/www.ub.edu\/drogodependencies\/wp-content\/uploads\/teresa-laespada.jpg 680w, https:\/\/www.ub.edu\/drogodependencies\/wp-content\/uploads\/teresa-laespada-300x150.jpg 300w, https:\/\/www.ub.edu\/drogodependencies\/wp-content\/uploads\/teresa-laespada-450x225.jpg 450w\" sizes=\"auto, (max-width: 680px) 100vw, 680px\" \/><\/a><\/p>\n<p>&nbsp;<\/p>\n<p>&nbsp;<\/p>\n<p style=\"text-align: justify;\">La Direcci\u00f3 del Curs de Post-Grau <strong>&#8220;M\u00e0ster&#8221; en Drogodepend\u00e8ncies de la Universitat de Barcelona<\/strong> es complau a convidar-vos a la sessi\u00f3 inaugural de la 16a promoci\u00f3 de l&#8217;esmentat curs, el divendres 28 d&#8217;octubre de 2016, amb el seg\u00fcent programa:<\/p>\n<ul>\n<li style=\"text-align: justify;\">11.30 h .: Benvinguda a c\u00e0rrec de la Direcci\u00f3 del curs: <strong>Dr. Xavier Ferrer, Dr. Antoni Solanas.<\/strong><\/li>\n<li style=\"text-align: justify;\">12:00 h .: Confer\u00e8ncia-col\u00b7loqui a c\u00e0rrec del <strong>Dra. Maria Teresa Laespada<\/strong>:<br \/>\n<h3><strong>De quins factors dep\u00e8n realment el consum de drogues en l&#8217;adolesc\u00e8ncia i joventut? \u00bfQuins riscos posteriors implica aquest consum? Breu recorregut per la qual cosa mostra l&#8217;evid\u00e8ncia cient\u00edfica.<\/strong><\/h3>\n<\/li>\n<\/ul>\n<p style=\"text-align: justify;\"><strong>Maria Teresa Laespada<\/strong> \u00e9s Doctora en sociologia, professora titular de la Universitat de Deusto (Bilbao) i directora del M\u00e0ster en Drogodepend\u00e8ncies de l&#8217;esmentada universitat. En l&#8217;actualitat est\u00e0 en exced\u00e8ncia ja que \u00e9s Diputada Foral d&#8217;Ocupaci\u00f3, Inclusi\u00f3 Social i Igualtat en Bizkaia.<\/p>\n<ul>\n<li style=\"text-align: justify;\">13:15 h .: Cloenda de l&#8217;acte:<\/li>\n<\/ul>\n<p style=\"padding-left: 60px;\">\u00d8 <strong>Sr. Llu\u00eds Miret<\/strong>, Institut de Formaci\u00f3 Cont\u00ednua de la UB, entitat gestora del Curs,<\/p>\n<p style=\"text-align: justify; padding-left: 60px;\">\u00d8 <strong>Dr. Joan Colom<\/strong>, subdirector general de Drogodepend\u00e8ncies. Dpt. de Salut, Generalitat de Catalunya<\/p>\n<p style=\"text-align: justify; padding-left: 60px;\">\u00d8 <strong>Dr. Josep Batista<\/strong>, Deg\u00e0 de la Facultat de Psicologia de la UB, responsable de la Unitat Acad\u00e8mica titular del m\u00e0ster.<\/p>\n<p style=\"text-align: justify;\">L&#8217;acte es realitzar\u00e0 en els locals de l<strong>&#8216;Institut de Formaci\u00f3 Cont\u00ednua de la Universitat de Barcelona (IL3)<\/strong>, C \/ Ciutat de Granada, 131. (Metro: Gl\u00f2ries).<\/p>\n<p style=\"text-align: justify;\">Posteriorment se servir\u00e0 un petit refrigeri<\/p>\n<p style=\"text-align: justify;\">Per raons de previsi\u00f3 de l&#8217;espai disponible, <strong>\u00e9s important confirmar l&#8217;assist\u00e8ncia<\/strong> al correu administra@formadrog.net o al tel. 607.424.986<\/p>\n","protected":false},"excerpt":{"rendered":"<p>La 16a edici\u00f3 del M\u00e0ster en Drogodepend\u00e8ncies de la UB s&#8217;iniciar\u00e0 amb una confer\u00e8ncia oberta de Teresa Laespada dedicada al consum de drogues en l&#8217;adolesc\u00e8ncia. &nbsp; &nbsp; &nbsp; La Direcci\u00f3 del Curs de Post-Grau &#8220;M\u00e0ster&#8221; en Drogodepend\u00e8ncies de la Universitat de Barcelona es complau a convidar-vos a la sessi\u00f3 inaugural de la 16a promoci\u00f3 de [&hellip;]<\/p>\n","protected":false},"author":3,"featured_media":1689,"comment_status":"open","ping_status":"open","sticky":false,"template":"","format":"standard","meta":{"footnotes":""},"categories":[24],"tags":[],"class_list":["post-1691","post","type-post","status-publish","format-standard","has-post-thumbnail","hentry","category-blog"],"yoast_head":"<!-- This site is optimized with the Yoast SEO plugin v27.2 - https:\/\/yoast.com\/product\/yoast-seo-wordpress\/ -->\n<title>Sessi\u00f3 inaugural M\u00c0STER EN DROGODEPEND\u00c8NCIES, 16\u00aa edici\u00f3 - M\u00e1ster en Drogodependencias<\/title>\n<meta name=\"description\" content=\"La 16a edici\u00f3 del M\u00e0ster en Drogodepend\u00e8ncies de la UB s&#039;iniciar\u00e0 amb una confer\u00e8ncia oberta de Teresa Laespada dedicada al consum de drogues en\" \/>\n<meta name=\"robots\" content=\"index, follow, max-snippet:-1, max-image-preview:large, max-video-preview:-1\" \/>\n<link rel=\"canonical\" href=\"https:\/\/www.ub.edu\/drogodependencies\/sessio-inaugural-master-drogodependencies-16a-edicio\/\" \/>\n<meta name=\"twitter:label1\" content=\"Escrit per\" \/>\n\t<meta name=\"twitter:data1\" content=\"M\u00e0ster Drogodependencies\" \/>\n\t<meta name=\"twitter:label2\" content=\"Temps estimat de lectura\" \/>\n\t<meta name=\"twitter:data2\" content=\"1 minut\" \/>\n<script type=\"application\/ld+json\" class=\"yoast-schema-graph\">{\"@context\":\"https:\/\/schema.org\",\"@graph\":[{\"@type\":\"Article\",\"@id\":\"https:\/\/www.ub.edu\/drogodependencies\/sessio-inaugural-master-drogodependencies-16a-edicio\/#article\",\"isPartOf\":{\"@id\":\"https:\/\/www.ub.edu\/drogodependencies\/sessio-inaugural-master-drogodependencies-16a-edicio\/\"},\"author\":{\"name\":\"M\u00e0ster Drogodependencies\",\"@id\":\"https:\/\/www.ub.edu\/drogodependencies\/es\/#\/schema\/person\/4536239edcc3944c385b19ae36f1f2be\"},\"headline\":\"Sessi\u00f3 inaugural M\u00c0STER EN DROGODEPEND\u00c8NCIES, 16\u00aa edici\u00f3\",\"datePublished\":\"2016-10-18T15:56:55+00:00\",\"dateModified\":\"2016-10-27T07:25:15+00:00\",\"mainEntityOfPage\":{\"@id\":\"https:\/\/www.ub.edu\/drogodependencies\/sessio-inaugural-master-drogodependencies-16a-edicio\/\"},\"wordCount\":291,\"commentCount\":0,\"image\":{\"@id\":\"https:\/\/www.ub.edu\/drogodependencies\/sessio-inaugural-master-drogodependencies-16a-edicio\/#primaryimage\"},\"thumbnailUrl\":\"https:\/\/www.ub.edu\/drogodependencies\/wp-content\/uploads\/teresa-laespada.jpg\",\"articleSection\":[\"Blog\"],\"inLanguage\":\"ca\",\"potentialAction\":[{\"@type\":\"CommentAction\",\"name\":\"Comment\",\"target\":[\"https:\/\/www.ub.edu\/drogodependencies\/sessio-inaugural-master-drogodependencies-16a-edicio\/#respond\"]}]},{\"@type\":\"WebPage\",\"@id\":\"https:\/\/www.ub.edu\/drogodependencies\/sessio-inaugural-master-drogodependencies-16a-edicio\/\",\"url\":\"https:\/\/www.ub.edu\/drogodependencies\/sessio-inaugural-master-drogodependencies-16a-edicio\/\",\"name\":\"Sessi\u00f3 inaugural M\u00c0STER EN DROGODEPEND\u00c8NCIES, 16\u00aa edici\u00f3 - M\u00e1ster en Drogodependencias\",\"isPartOf\":{\"@id\":\"https:\/\/www.ub.edu\/drogodependencies\/es\/#website\"},\"primaryImageOfPage\":{\"@id\":\"https:\/\/www.ub.edu\/drogodependencies\/sessio-inaugural-master-drogodependencies-16a-edicio\/#primaryimage\"},\"image\":{\"@id\":\"https:\/\/www.ub.edu\/drogodependencies\/sessio-inaugural-master-drogodependencies-16a-edicio\/#primaryimage\"},\"thumbnailUrl\":\"https:\/\/www.ub.edu\/drogodependencies\/wp-content\/uploads\/teresa-laespada.jpg\",\"datePublished\":\"2016-10-18T15:56:55+00:00\",\"dateModified\":\"2016-10-27T07:25:15+00:00\",\"author\":{\"@id\":\"https:\/\/www.ub.edu\/drogodependencies\/es\/#\/schema\/person\/4536239edcc3944c385b19ae36f1f2be\"},\"description\":\"La 16a edici\u00f3 del M\u00e0ster en Drogodepend\u00e8ncies de la UB s'iniciar\u00e0 amb una confer\u00e8ncia oberta de Teresa Laespada dedicada al consum de drogues en\",\"breadcrumb\":{\"@id\":\"https:\/\/www.ub.edu\/drogodependencies\/sessio-inaugural-master-drogodependencies-16a-edicio\/#breadcrumb\"},\"inLanguage\":\"ca\",\"potentialAction\":[{\"@type\":\"ReadAction\",\"target\":[\"https:\/\/www.ub.edu\/drogodependencies\/sessio-inaugural-master-drogodependencies-16a-edicio\/\"]}]},{\"@type\":\"ImageObject\",\"inLanguage\":\"ca\",\"@id\":\"https:\/\/www.ub.edu\/drogodependencies\/sessio-inaugural-master-drogodependencies-16a-edicio\/#primaryimage\",\"url\":\"https:\/\/www.ub.edu\/drogodependencies\/wp-content\/uploads\/teresa-laespada.jpg\",\"contentUrl\":\"https:\/\/www.ub.edu\/drogodependencies\/wp-content\/uploads\/teresa-laespada.jpg\",\"width\":680,\"height\":340},{\"@type\":\"BreadcrumbList\",\"@id\":\"https:\/\/www.ub.edu\/drogodependencies\/sessio-inaugural-master-drogodependencies-16a-edicio\/#breadcrumb\",\"itemListElement\":[{\"@type\":\"ListItem\",\"position\":1,\"name\":\"Portada\",\"item\":\"https:\/\/www.ub.edu\/drogodependencies\/inici\/\"},{\"@type\":\"ListItem\",\"position\":2,\"name\":\"Sessi\u00f3 inaugural M\u00c0STER EN DROGODEPEND\u00c8NCIES, 16\u00aa edici\u00f3\"}]},{\"@type\":\"WebSite\",\"@id\":\"https:\/\/www.ub.edu\/drogodependencies\/es\/#website\",\"url\":\"https:\/\/www.ub.edu\/drogodependencies\/es\/\",\"name\":\"M\u00e1ster en Drogodependencias\",\"description\":\"M\u00e1ster Drogodependencias de la Universidad de Barcelona\",\"potentialAction\":[{\"@type\":\"SearchAction\",\"target\":{\"@type\":\"EntryPoint\",\"urlTemplate\":\"https:\/\/www.ub.edu\/drogodependencies\/es\/?s={search_term_string}\"},\"query-input\":{\"@type\":\"PropertyValueSpecification\",\"valueRequired\":true,\"valueName\":\"search_term_string\"}}],\"inLanguage\":\"ca\"},{\"@type\":\"Person\",\"@id\":\"https:\/\/www.ub.edu\/drogodependencies\/es\/#\/schema\/person\/4536239edcc3944c385b19ae36f1f2be\",\"name\":\"M\u00e0ster Drogodependencies\",\"image\":{\"@type\":\"ImageObject\",\"inLanguage\":\"ca\",\"@id\":\"https:\/\/secure.gravatar.com\/avatar\/9845e6c7efbf2e9b3dfd9b5d66eec0f37e979efba0307c76f80d79210dc1a9e4?s=96&d=mm&r=g\",\"url\":\"https:\/\/secure.gravatar.com\/avatar\/9845e6c7efbf2e9b3dfd9b5d66eec0f37e979efba0307c76f80d79210dc1a9e4?s=96&d=mm&r=g\",\"contentUrl\":\"https:\/\/secure.gravatar.com\/avatar\/9845e6c7efbf2e9b3dfd9b5d66eec0f37e979efba0307c76f80d79210dc1a9e4?s=96&d=mm&r=g\",\"caption\":\"M\u00e0ster Drogodependencies\"},\"url\":\"https:\/\/www.ub.edu\/drogodependencies\/author\/masterweb\/\"}]}<\/script>\n<!-- \/ Yoast SEO plugin. -->","yoast_head_json":{"title":"Sessi\u00f3 inaugural M\u00c0STER EN DROGODEPEND\u00c8NCIES, 16\u00aa edici\u00f3 - M\u00e1ster en Drogodependencias","description":"La 16a edici\u00f3 del M\u00e0ster en Drogodepend\u00e8ncies de la UB s'iniciar\u00e0 amb una confer\u00e8ncia oberta de Teresa Laespada dedicada al consum de drogues en","robots":{"index":"index","follow":"follow","max-snippet":"max-snippet:-1","max-image-preview":"max-image-preview:large","max-video-preview":"max-video-preview:-1"},"canonical":"https:\/\/www.ub.edu\/drogodependencies\/sessio-inaugural-master-drogodependencies-16a-edicio\/","twitter_misc":{"Escrit per":"M\u00e0ster Drogodependencies","Temps estimat de lectura":"1 minut"},"schema":{"@context":"https:\/\/schema.org","@graph":[{"@type":"Article","@id":"https:\/\/www.ub.edu\/drogodependencies\/sessio-inaugural-master-drogodependencies-16a-edicio\/#article","isPartOf":{"@id":"https:\/\/www.ub.edu\/drogodependencies\/sessio-inaugural-master-drogodependencies-16a-edicio\/"},"author":{"name":"M\u00e0ster Drogodependencies","@id":"https:\/\/www.ub.edu\/drogodependencies\/es\/#\/schema\/person\/4536239edcc3944c385b19ae36f1f2be"},"headline":"Sessi\u00f3 inaugural M\u00c0STER EN DROGODEPEND\u00c8NCIES, 16\u00aa edici\u00f3","datePublished":"2016-10-18T15:56:55+00:00","dateModified":"2016-10-27T07:25:15+00:00","mainEntityOfPage":{"@id":"https:\/\/www.ub.edu\/drogodependencies\/sessio-inaugural-master-drogodependencies-16a-edicio\/"},"wordCount":291,"commentCount":0,"image":{"@id":"https:\/\/www.ub.edu\/drogodependencies\/sessio-inaugural-master-drogodependencies-16a-edicio\/#primaryimage"},"thumbnailUrl":"https:\/\/www.ub.edu\/drogodependencies\/wp-content\/uploads\/teresa-laespada.jpg","articleSection":["Blog"],"inLanguage":"ca","potentialAction":[{"@type":"CommentAction","name":"Comment","target":["https:\/\/www.ub.edu\/drogodependencies\/sessio-inaugural-master-drogodependencies-16a-edicio\/#respond"]}]},{"@type":"WebPage","@id":"https:\/\/www.ub.edu\/drogodependencies\/sessio-inaugural-master-drogodependencies-16a-edicio\/","url":"https:\/\/www.ub.edu\/drogodependencies\/sessio-inaugural-master-drogodependencies-16a-edicio\/","name":"Sessi\u00f3 inaugural M\u00c0STER EN DROGODEPEND\u00c8NCIES, 16\u00aa edici\u00f3 - M\u00e1ster en Drogodependencias","isPartOf":{"@id":"https:\/\/www.ub.edu\/drogodependencies\/es\/#website"},"primaryImageOfPage":{"@id":"https:\/\/www.ub.edu\/drogodependencies\/sessio-inaugural-master-drogodependencies-16a-edicio\/#primaryimage"},"image":{"@id":"https:\/\/www.ub.edu\/drogodependencies\/sessio-inaugural-master-drogodependencies-16a-edicio\/#primaryimage"},"thumbnailUrl":"https:\/\/www.ub.edu\/drogodependencies\/wp-content\/uploads\/teresa-laespada.jpg","datePublished":"2016-10-18T15:56:55+00:00","dateModified":"2016-10-27T07:25:15+00:00","author":{"@id":"https:\/\/www.ub.edu\/drogodependencies\/es\/#\/schema\/person\/4536239edcc3944c385b19ae36f1f2be"},"description":"La 16a edici\u00f3 del M\u00e0ster en Drogodepend\u00e8ncies de la UB s'iniciar\u00e0 amb una confer\u00e8ncia oberta de Teresa Laespada dedicada al consum de drogues en","breadcrumb":{"@id":"https:\/\/www.ub.edu\/drogodependencies\/sessio-inaugural-master-drogodependencies-16a-edicio\/#breadcrumb"},"inLanguage":"ca","potentialAction":[{"@type":"ReadAction","target":["https:\/\/www.ub.edu\/drogodependencies\/sessio-inaugural-master-drogodependencies-16a-edicio\/"]}]},{"@type":"ImageObject","inLanguage":"ca","@id":"https:\/\/www.ub.edu\/drogodependencies\/sessio-inaugural-master-drogodependencies-16a-edicio\/#primaryimage","url":"https:\/\/www.ub.edu\/drogodependencies\/wp-content\/uploads\/teresa-laespada.jpg","contentUrl":"https:\/\/www.ub.edu\/drogodependencies\/wp-content\/uploads\/teresa-laespada.jpg","width":680,"height":340},{"@type":"BreadcrumbList","@id":"https:\/\/www.ub.edu\/drogodependencies\/sessio-inaugural-master-drogodependencies-16a-edicio\/#breadcrumb","itemListElement":[{"@type":"ListItem","position":1,"name":"Portada","item":"https:\/\/www.ub.edu\/drogodependencies\/inici\/"},{"@type":"ListItem","position":2,"name":"Sessi\u00f3 inaugural M\u00c0STER EN DROGODEPEND\u00c8NCIES, 16\u00aa edici\u00f3"}]},{"@type":"WebSite","@id":"https:\/\/www.ub.edu\/drogodependencies\/es\/#website","url":"https:\/\/www.ub.edu\/drogodependencies\/es\/","name":"M\u00e1ster en Drogodependencias","description":"M\u00e1ster Drogodependencias de la Universidad de Barcelona","potentialAction":[{"@type":"SearchAction","target":{"@type":"EntryPoint","urlTemplate":"https:\/\/www.ub.edu\/drogodependencies\/es\/?s={search_term_string}"},"query-input":{"@type":"PropertyValueSpecification","valueRequired":true,"valueName":"search_term_string"}}],"inLanguage":"ca"},{"@type":"Person","@id":"https:\/\/www.ub.edu\/drogodependencies\/es\/#\/schema\/person\/4536239edcc3944c385b19ae36f1f2be","name":"M\u00e0ster Drogodependencies","image":{"@type":"ImageObject","inLanguage":"ca","@id":"https:\/\/secure.gravatar.com\/avatar\/9845e6c7efbf2e9b3dfd9b5d66eec0f37e979efba0307c76f80d79210dc1a9e4?s=96&d=mm&r=g","url":"https:\/\/secure.gravatar.com\/avatar\/9845e6c7efbf2e9b3dfd9b5d66eec0f37e979efba0307c76f80d79210dc1a9e4?s=96&d=mm&r=g","contentUrl":"https:\/\/secure.gravatar.com\/avatar\/9845e6c7efbf2e9b3dfd9b5d66eec0f37e979efba0307c76f80d79210dc1a9e4?s=96&d=mm&r=g","caption":"M\u00e0ster Drogodependencies"},"url":"https:\/\/www.ub.edu\/drogodependencies\/author\/masterweb\/"}]}},"_links":{"self":[{"href":"https:\/\/www.ub.edu\/drogodependencies\/wp-json\/wp\/v2\/posts\/1691","targetHints":{"allow":["GET"]}}],"collection":[{"href":"https:\/\/www.ub.edu\/drogodependencies\/wp-json\/wp\/v2\/posts"}],"about":[{"href":"https:\/\/www.ub.edu\/drogodependencies\/wp-json\/wp\/v2\/types\/post"}],"author":[{"embeddable":true,"href":"https:\/\/www.ub.edu\/drogodependencies\/wp-json\/wp\/v2\/users\/3"}],"replies":[{"embeddable":true,"href":"https:\/\/www.ub.edu\/drogodependencies\/wp-json\/wp\/v2\/comments?post=1691"}],"version-history":[{"count":0,"href":"https:\/\/www.ub.edu\/drogodependencies\/wp-json\/wp\/v2\/posts\/1691\/revisions"}],"wp:featuredmedia":[{"embeddable":true,"href":"https:\/\/www.ub.edu\/drogodependencies\/wp-json\/wp\/v2\/media\/1689"}],"wp:attachment":[{"href":"https:\/\/www.ub.edu\/drogodependencies\/wp-json\/wp\/v2\/media?parent=1691"}],"wp:term":[{"taxonomy":"category","embeddable":true,"href":"https:\/\/www.ub.edu\/drogodependencies\/wp-json\/wp\/v2\/categories?post=1691"},{"taxonomy":"post_tag","embeddable":true,"href":"https:\/\/www.ub.edu\/drogodependencies\/wp-json\/wp\/v2\/tags?post=1691"}],"curies":[{"name":"wp","href":"https:\/\/api.w.org\/{rel}","templated":true}]}}