{"id":2459,"date":"2022-01-23T12:43:48","date_gmt":"2022-01-23T12:43:48","guid":{"rendered":"https:\/\/www.ub.edu\/drogodependencies\/?p=2459"},"modified":"2022-05-18T18:31:39","modified_gmt":"2022-05-18T18:31:39","slug":"oberta-la-preinscripcio-la-19a-edicio-del-master-drogodependencies-la-ub","status":"publish","type":"post","link":"https:\/\/www.ub.edu\/drogodependencies\/oberta-la-preinscripcio-la-19a-edicio-del-master-drogodependencies-la-ub\/","title":{"rendered":"Oberta la preinscripci\u00f3 de la 21a edici\u00f3 del M\u00e0ster de Drogodepend\u00e8ncies de la UB."},"content":{"rendered":"<h4><strong>La propera edici\u00f3 que s&#8217;iniciar\u00e0 a octubre de 2022, concentrar\u00e0 les seves classes en horari de divendres mat\u00ed i tarda.\u00a0\u00a0<\/strong><\/h4>\n<p>&nbsp;<\/p>\n<p><img loading=\"lazy\" decoding=\"async\" class=\"alignnone size-full wp-image-1903 aligncenter\" src=\"http:\/\/www.ub.edu\/drogodependencies\/wp-content\/uploads\/logo-ub-cat.png\" alt=\"logo-ub-cat\" width=\"800\" height=\"60\" srcset=\"https:\/\/www.ub.edu\/drogodependencies\/wp-content\/uploads\/logo-ub-cat.png 800w, https:\/\/www.ub.edu\/drogodependencies\/wp-content\/uploads\/logo-ub-cat-300x23.png 300w, https:\/\/www.ub.edu\/drogodependencies\/wp-content\/uploads\/logo-ub-cat-705x53.png 705w, https:\/\/www.ub.edu\/drogodependencies\/wp-content\/uploads\/logo-ub-cat-450x34.png 450w\" sizes=\"auto, (max-width: 800px) 100vw, 800px\" \/><\/p>\n<p style=\"text-align: justify;\">Per a una apropiada intervenci\u00f3 professional en el camp de l\u2019ab\u00fas i depend\u00e8ncia de les drogues, calen uns coneixements i unes habilitats que, a hores d\u2019ara, no hi s\u00f3n prou desenvolupats en cap dels estudis de grau existents. Conscients d\u2019aquesta necessitat, a partir de la <strong>c\u00e0tedra de Psicobiologia de la Universitat de Barcelona<\/strong> es va organitzar un postgrau espec\u00edfic sobre aquesta mat\u00e8ria, el <strong>M\u00e0ster en Drogodepend\u00e8ncies,<\/strong> que va comen\u00e7ar a impartir-se el curs <strong>1986-1987<\/strong>, havent estat el primer en el seu g\u00e8nere de l\u2019estat espanyol i tamb\u00e9 d\u2019Europa, \u201cex aequo\u201d amb el creat el mateix curs a la<strong> Universitat de Londres.<\/strong><\/p>\n<p style=\"text-align: justify;\">Sempre s\u2019ha caracteritzat per una <strong>\u00e0mplia participaci\u00f3 de professorat expert<\/strong> en la mat\u00e8ria provinents de la pr\u00e0ctica professional assistencial i preventiva, complementada amb la visi\u00f3 anal\u00edtica de diferents professors universitaris. Alguns dels <strong>m\u00e9s de 70 professors i professores<\/strong> que participen en el M\u00e0ster s\u00f3n : <strong>Domingo Comas<\/strong> (Fundaci\u00f3n Atenea), <strong>Marta Torrens<\/strong> (Hospital del Mar), <strong>Rafael Maldonado<\/strong> (Universitat Pompeu Fabra), <strong>Miquel Casas<\/strong> (Hospital Vall d&#8217;Hebr\u00f3n),\u00a0<strong>Mireia Ventura<\/strong> (Energy Control &#8211; ABD), <strong>Xavier Ferrer<\/strong> (Fundaci\u00f3 Salut i Comunitat),<strong> Joan Colom<\/strong> (Subdirecci\u00f3 General Drogodepend\u00e8ncies de Cat.), <strong>Gemma Altell<\/strong> (G360), <strong>Fernando Caudevilla<\/strong> (SEMFyC), <strong>Ernesto Sierra<\/strong> (Creu Roja), <strong>Toni Gar\u00edn<\/strong> (FSC), <strong>Toni Gual<\/strong> (Hospital Cl\u00ednic), <strong>Gregor Burkhart<\/strong> (Observatori Europeu de Drogues i Toxicomanies ),<strong> Otger Amatller<\/strong> (FSC) o <b>Maria Palac\u00edn <\/b>(UB), entre molts d\u2019altres i amb el suport de la <strong>Subdirecci\u00f3 General de Drogodepend\u00e8ncies de l&#8217;Ag\u00e8ncia de Salut P\u00fablica de Catalunya<\/strong>.<\/p>\n<blockquote>\n<h4 style=\"text-align: justify;\"><em><strong>Tamb\u00e9 ha destacat per l\u2019amplitud i varietat de les pr\u00e0ctiques ofertes en una xarxa de centres seleccionats, sota la supervisi\u00f3 de tutors qualificats.<\/strong><\/em><\/h4>\n<\/blockquote>\n<p style=\"text-align: justify;\">El seu programa es diferencia d\u2019altres propostes similars per haver intentat sempre mantenir un bon balan\u00e7 entre teoria i pr\u00e0ctica, amb una proporci\u00f3 aproximada de <strong>quatre hores de pr\u00e0ctica per cada tres de teoria<\/strong>.<\/p>\n<p>Els <strong>principals objectius<\/strong> del M\u00e0ster s\u00f3n:<\/p>\n<ul>\n<li>Proporcionar una formaci\u00f3 te\u00f2rica i pr\u00e0ctica prou \u00e0mplia i pluridisciplinar, que faciliti una comprensi\u00f3 integral del fenomen del consum i la depend\u00e8ncia de drogues.<\/li>\n<li>Qualificar als participants per a l\u2019exercici pr\u00e0ctic de la seva funci\u00f3 professional especialitzada respecte de les drogodepend\u00e8ncies, en les \u00e0rees de tractament, reinserci\u00f3, prevenci\u00f3, etc., proporcionant los hi les habilitats necess\u00e0ries.<\/li>\n<li>En relaci\u00f3 al punt anterior, facilitar que els propis alumnes puguin analitzar i modificar, si s\u2019escau, les seves actituds, consum i\/o depend\u00e8ncia de determinades subst\u00e0ncies (p.ex. del tabac).<\/li>\n<li>Fer con\u00e8ixer els dispositius i recursos disponibles per a la intervenci\u00f3 en drogodepend\u00e8ncies a la nostra comunitat, i orientar per a la seva correcta utilitzaci\u00f3.<\/li>\n<li>Introduir als participants en la recerca aplicada al camp de les drogodepend\u00e8ncies.<\/li>\n<li>Introduir als alumnes en les t\u00e8cniques de gesti\u00f3 i planificaci\u00f3 de serveis i al treball interdisciplinari.<\/li>\n<li>Complementar una formaci\u00f3 b\u00e0sica homog\u00e8nia per a tots els participants amb un posterior aprofundiment en \u00e0rees concretes, en funci\u00f3 de la professi\u00f3 i de les motivacions de cadasc\u00fa.<\/li>\n<li>El M\u00e0ster t\u00e9 una durada de dos anys acad\u00e8mics, que es desenvolupen durant els mesos d\u2019Octubre a Juny, ambd\u00f3s inclosos.<\/li>\n<\/ul>\n<p>&nbsp;<\/p>\n<h4><strong>Dades d\u2019inter\u00e8s :<\/strong><\/h4>\n<ul>\n<li><strong>Inici octubre 2022 fins juny 2024.<\/strong><\/li>\n<li><strong>Horari teoria: divendres mat\u00ed de 10 a 14h i tarda de 15 a 19h.<\/strong><\/li>\n<li><strong>Format presencial (si les mesures sanit\u00e0ries vers el covid19 ho permeten, en cas contrari, es realitza la teoria via streaming en directe).<\/strong><\/li>\n<li><strong>90 cr\u00e8dits ECTS amb 500h de pr\u00e0ctiques.<\/strong><\/li>\n<li><strong>40 centres on poder realitzar pr\u00e0ctiques.<\/strong><\/li>\n<li><strong>M\u00e9s de 600 professionals formats.<\/strong><\/li>\n<li><strong>Reconegut pel Departament de Salut de la Generalitat de Catalunya.<\/strong><\/li>\n<\/ul>\n<p>&nbsp;<\/p>\n<blockquote>\n<h1><strong><a href=\"http:\/\/www.ub.edu\/drogodependencies\/preinscripcion-en-el-master\/\">Preinscriu-te!<\/a><\/strong><\/h1>\n<\/blockquote>\n","protected":false},"excerpt":{"rendered":"<p>La propera edici\u00f3 que s&#8217;iniciar\u00e0 a octubre de 2022, concentrar\u00e0 les seves classes en horari de divendres mat\u00ed i tarda.\u00a0\u00a0 &nbsp; Per a una apropiada intervenci\u00f3 professional en el camp de l\u2019ab\u00fas i depend\u00e8ncia de les drogues, calen uns coneixements i unes habilitats que, a hores d\u2019ara, no hi s\u00f3n prou desenvolupats en cap dels [&hellip;]<\/p>\n","protected":false},"author":3,"featured_media":2463,"comment_status":"open","ping_status":"open","sticky":false,"template":"","format":"standard","meta":{"footnotes":""},"categories":[24],"tags":[],"class_list":["post-2459","post","type-post","status-publish","format-standard","has-post-thumbnail","hentry","category-blog"],"yoast_head":"<!-- This site is optimized with the Yoast SEO plugin v27.2 - https:\/\/yoast.com\/product\/yoast-seo-wordpress\/ -->\n<title>Oberta la preinscripci\u00f3 de la 21a edici\u00f3 del M\u00e0ster de Drogodepend\u00e8ncies de la UB. - M\u00e1ster en Drogodependencias<\/title>\n<meta name=\"description\" content=\"La propera edici\u00f3 que s&#039;iniciar\u00e0 a octubre de 2022, concentrar\u00e0 les seves classes en horari de divendres mat\u00ed i tarda.\u00a0\u00a0 &nbsp; Per a una apropiada\" \/>\n<meta name=\"robots\" content=\"index, follow, max-snippet:-1, max-image-preview:large, max-video-preview:-1\" \/>\n<link rel=\"canonical\" href=\"https:\/\/www.ub.edu\/drogodependencies\/oberta-la-preinscripcio-la-19a-edicio-del-master-drogodependencies-la-ub\/\" \/>\n<meta name=\"twitter:label1\" content=\"Escrit per\" \/>\n\t<meta name=\"twitter:data1\" content=\"M\u00e0ster Drogodependencies\" \/>\n\t<meta name=\"twitter:label2\" content=\"Temps estimat de lectura\" \/>\n\t<meta name=\"twitter:data2\" content=\"3 minuts\" \/>\n<script type=\"application\/ld+json\" class=\"yoast-schema-graph\">{\"@context\":\"https:\/\/schema.org\",\"@graph\":[{\"@type\":\"Article\",\"@id\":\"https:\/\/www.ub.edu\/drogodependencies\/oberta-la-preinscripcio-la-19a-edicio-del-master-drogodependencies-la-ub\/#article\",\"isPartOf\":{\"@id\":\"https:\/\/www.ub.edu\/drogodependencies\/oberta-la-preinscripcio-la-19a-edicio-del-master-drogodependencies-la-ub\/\"},\"author\":{\"name\":\"M\u00e0ster Drogodependencies\",\"@id\":\"https:\/\/www.ub.edu\/drogodependencies\/es\/#\/schema\/person\/4536239edcc3944c385b19ae36f1f2be\"},\"headline\":\"Oberta la preinscripci\u00f3 de la 21a edici\u00f3 del M\u00e0ster de Drogodepend\u00e8ncies de la UB.\",\"datePublished\":\"2022-01-23T12:43:48+00:00\",\"dateModified\":\"2022-05-18T18:31:39+00:00\",\"mainEntityOfPage\":{\"@id\":\"https:\/\/www.ub.edu\/drogodependencies\/oberta-la-preinscripcio-la-19a-edicio-del-master-drogodependencies-la-ub\/\"},\"wordCount\":653,\"commentCount\":0,\"image\":{\"@id\":\"https:\/\/www.ub.edu\/drogodependencies\/oberta-la-preinscripcio-la-19a-edicio-del-master-drogodependencies-la-ub\/#primaryimage\"},\"thumbnailUrl\":\"https:\/\/www.ub.edu\/drogodependencies\/wp-content\/uploads\/master-drogodependencias-ub.png\",\"articleSection\":[\"Blog\"],\"inLanguage\":\"ca\",\"potentialAction\":[{\"@type\":\"CommentAction\",\"name\":\"Comment\",\"target\":[\"https:\/\/www.ub.edu\/drogodependencies\/oberta-la-preinscripcio-la-19a-edicio-del-master-drogodependencies-la-ub\/#respond\"]}]},{\"@type\":\"WebPage\",\"@id\":\"https:\/\/www.ub.edu\/drogodependencies\/oberta-la-preinscripcio-la-19a-edicio-del-master-drogodependencies-la-ub\/\",\"url\":\"https:\/\/www.ub.edu\/drogodependencies\/oberta-la-preinscripcio-la-19a-edicio-del-master-drogodependencies-la-ub\/\",\"name\":\"Oberta la preinscripci\u00f3 de la 21a edici\u00f3 del M\u00e0ster de Drogodepend\u00e8ncies de la UB. - M\u00e1ster en Drogodependencias\",\"isPartOf\":{\"@id\":\"https:\/\/www.ub.edu\/drogodependencies\/es\/#website\"},\"primaryImageOfPage\":{\"@id\":\"https:\/\/www.ub.edu\/drogodependencies\/oberta-la-preinscripcio-la-19a-edicio-del-master-drogodependencies-la-ub\/#primaryimage\"},\"image\":{\"@id\":\"https:\/\/www.ub.edu\/drogodependencies\/oberta-la-preinscripcio-la-19a-edicio-del-master-drogodependencies-la-ub\/#primaryimage\"},\"thumbnailUrl\":\"https:\/\/www.ub.edu\/drogodependencies\/wp-content\/uploads\/master-drogodependencias-ub.png\",\"datePublished\":\"2022-01-23T12:43:48+00:00\",\"dateModified\":\"2022-05-18T18:31:39+00:00\",\"author\":{\"@id\":\"https:\/\/www.ub.edu\/drogodependencies\/es\/#\/schema\/person\/4536239edcc3944c385b19ae36f1f2be\"},\"description\":\"La propera edici\u00f3 que s'iniciar\u00e0 a octubre de 2022, concentrar\u00e0 les seves classes en horari de divendres mat\u00ed i tarda.\u00a0\u00a0 &nbsp; Per a una apropiada\",\"breadcrumb\":{\"@id\":\"https:\/\/www.ub.edu\/drogodependencies\/oberta-la-preinscripcio-la-19a-edicio-del-master-drogodependencies-la-ub\/#breadcrumb\"},\"inLanguage\":\"ca\",\"potentialAction\":[{\"@type\":\"ReadAction\",\"target\":[\"https:\/\/www.ub.edu\/drogodependencies\/oberta-la-preinscripcio-la-19a-edicio-del-master-drogodependencies-la-ub\/\"]}]},{\"@type\":\"ImageObject\",\"inLanguage\":\"ca\",\"@id\":\"https:\/\/www.ub.edu\/drogodependencies\/oberta-la-preinscripcio-la-19a-edicio-del-master-drogodependencies-la-ub\/#primaryimage\",\"url\":\"https:\/\/www.ub.edu\/drogodependencies\/wp-content\/uploads\/master-drogodependencias-ub.png\",\"contentUrl\":\"https:\/\/www.ub.edu\/drogodependencies\/wp-content\/uploads\/master-drogodependencias-ub.png\",\"width\":400,\"height\":216},{\"@type\":\"BreadcrumbList\",\"@id\":\"https:\/\/www.ub.edu\/drogodependencies\/oberta-la-preinscripcio-la-19a-edicio-del-master-drogodependencies-la-ub\/#breadcrumb\",\"itemListElement\":[{\"@type\":\"ListItem\",\"position\":1,\"name\":\"Portada\",\"item\":\"https:\/\/www.ub.edu\/drogodependencies\/inici\/\"},{\"@type\":\"ListItem\",\"position\":2,\"name\":\"Oberta la preinscripci\u00f3 de la 21a edici\u00f3 del M\u00e0ster de Drogodepend\u00e8ncies de la UB.\"}]},{\"@type\":\"WebSite\",\"@id\":\"https:\/\/www.ub.edu\/drogodependencies\/es\/#website\",\"url\":\"https:\/\/www.ub.edu\/drogodependencies\/es\/\",\"name\":\"M\u00e1ster en Drogodependencias\",\"description\":\"M\u00e1ster Drogodependencias de la Universidad de Barcelona\",\"potentialAction\":[{\"@type\":\"SearchAction\",\"target\":{\"@type\":\"EntryPoint\",\"urlTemplate\":\"https:\/\/www.ub.edu\/drogodependencies\/es\/?s={search_term_string}\"},\"query-input\":{\"@type\":\"PropertyValueSpecification\",\"valueRequired\":true,\"valueName\":\"search_term_string\"}}],\"inLanguage\":\"ca\"},{\"@type\":\"Person\",\"@id\":\"https:\/\/www.ub.edu\/drogodependencies\/es\/#\/schema\/person\/4536239edcc3944c385b19ae36f1f2be\",\"name\":\"M\u00e0ster Drogodependencies\",\"image\":{\"@type\":\"ImageObject\",\"inLanguage\":\"ca\",\"@id\":\"https:\/\/secure.gravatar.com\/avatar\/9845e6c7efbf2e9b3dfd9b5d66eec0f37e979efba0307c76f80d79210dc1a9e4?s=96&d=mm&r=g\",\"url\":\"https:\/\/secure.gravatar.com\/avatar\/9845e6c7efbf2e9b3dfd9b5d66eec0f37e979efba0307c76f80d79210dc1a9e4?s=96&d=mm&r=g\",\"contentUrl\":\"https:\/\/secure.gravatar.com\/avatar\/9845e6c7efbf2e9b3dfd9b5d66eec0f37e979efba0307c76f80d79210dc1a9e4?s=96&d=mm&r=g\",\"caption\":\"M\u00e0ster Drogodependencies\"},\"url\":\"https:\/\/www.ub.edu\/drogodependencies\/author\/masterweb\/\"}]}<\/script>\n<!-- \/ Yoast SEO plugin. -->","yoast_head_json":{"title":"Oberta la preinscripci\u00f3 de la 21a edici\u00f3 del M\u00e0ster de Drogodepend\u00e8ncies de la UB. - M\u00e1ster en Drogodependencias","description":"La propera edici\u00f3 que s'iniciar\u00e0 a octubre de 2022, concentrar\u00e0 les seves classes en horari de divendres mat\u00ed i tarda.\u00a0\u00a0 &nbsp; Per a una apropiada","robots":{"index":"index","follow":"follow","max-snippet":"max-snippet:-1","max-image-preview":"max-image-preview:large","max-video-preview":"max-video-preview:-1"},"canonical":"https:\/\/www.ub.edu\/drogodependencies\/oberta-la-preinscripcio-la-19a-edicio-del-master-drogodependencies-la-ub\/","twitter_misc":{"Escrit per":"M\u00e0ster Drogodependencies","Temps estimat de lectura":"3 minuts"},"schema":{"@context":"https:\/\/schema.org","@graph":[{"@type":"Article","@id":"https:\/\/www.ub.edu\/drogodependencies\/oberta-la-preinscripcio-la-19a-edicio-del-master-drogodependencies-la-ub\/#article","isPartOf":{"@id":"https:\/\/www.ub.edu\/drogodependencies\/oberta-la-preinscripcio-la-19a-edicio-del-master-drogodependencies-la-ub\/"},"author":{"name":"M\u00e0ster Drogodependencies","@id":"https:\/\/www.ub.edu\/drogodependencies\/es\/#\/schema\/person\/4536239edcc3944c385b19ae36f1f2be"},"headline":"Oberta la preinscripci\u00f3 de la 21a edici\u00f3 del M\u00e0ster de Drogodepend\u00e8ncies de la UB.","datePublished":"2022-01-23T12:43:48+00:00","dateModified":"2022-05-18T18:31:39+00:00","mainEntityOfPage":{"@id":"https:\/\/www.ub.edu\/drogodependencies\/oberta-la-preinscripcio-la-19a-edicio-del-master-drogodependencies-la-ub\/"},"wordCount":653,"commentCount":0,"image":{"@id":"https:\/\/www.ub.edu\/drogodependencies\/oberta-la-preinscripcio-la-19a-edicio-del-master-drogodependencies-la-ub\/#primaryimage"},"thumbnailUrl":"https:\/\/www.ub.edu\/drogodependencies\/wp-content\/uploads\/master-drogodependencias-ub.png","articleSection":["Blog"],"inLanguage":"ca","potentialAction":[{"@type":"CommentAction","name":"Comment","target":["https:\/\/www.ub.edu\/drogodependencies\/oberta-la-preinscripcio-la-19a-edicio-del-master-drogodependencies-la-ub\/#respond"]}]},{"@type":"WebPage","@id":"https:\/\/www.ub.edu\/drogodependencies\/oberta-la-preinscripcio-la-19a-edicio-del-master-drogodependencies-la-ub\/","url":"https:\/\/www.ub.edu\/drogodependencies\/oberta-la-preinscripcio-la-19a-edicio-del-master-drogodependencies-la-ub\/","name":"Oberta la preinscripci\u00f3 de la 21a edici\u00f3 del M\u00e0ster de Drogodepend\u00e8ncies de la UB. - M\u00e1ster en Drogodependencias","isPartOf":{"@id":"https:\/\/www.ub.edu\/drogodependencies\/es\/#website"},"primaryImageOfPage":{"@id":"https:\/\/www.ub.edu\/drogodependencies\/oberta-la-preinscripcio-la-19a-edicio-del-master-drogodependencies-la-ub\/#primaryimage"},"image":{"@id":"https:\/\/www.ub.edu\/drogodependencies\/oberta-la-preinscripcio-la-19a-edicio-del-master-drogodependencies-la-ub\/#primaryimage"},"thumbnailUrl":"https:\/\/www.ub.edu\/drogodependencies\/wp-content\/uploads\/master-drogodependencias-ub.png","datePublished":"2022-01-23T12:43:48+00:00","dateModified":"2022-05-18T18:31:39+00:00","author":{"@id":"https:\/\/www.ub.edu\/drogodependencies\/es\/#\/schema\/person\/4536239edcc3944c385b19ae36f1f2be"},"description":"La propera edici\u00f3 que s'iniciar\u00e0 a octubre de 2022, concentrar\u00e0 les seves classes en horari de divendres mat\u00ed i tarda.\u00a0\u00a0 &nbsp; Per a una apropiada","breadcrumb":{"@id":"https:\/\/www.ub.edu\/drogodependencies\/oberta-la-preinscripcio-la-19a-edicio-del-master-drogodependencies-la-ub\/#breadcrumb"},"inLanguage":"ca","potentialAction":[{"@type":"ReadAction","target":["https:\/\/www.ub.edu\/drogodependencies\/oberta-la-preinscripcio-la-19a-edicio-del-master-drogodependencies-la-ub\/"]}]},{"@type":"ImageObject","inLanguage":"ca","@id":"https:\/\/www.ub.edu\/drogodependencies\/oberta-la-preinscripcio-la-19a-edicio-del-master-drogodependencies-la-ub\/#primaryimage","url":"https:\/\/www.ub.edu\/drogodependencies\/wp-content\/uploads\/master-drogodependencias-ub.png","contentUrl":"https:\/\/www.ub.edu\/drogodependencies\/wp-content\/uploads\/master-drogodependencias-ub.png","width":400,"height":216},{"@type":"BreadcrumbList","@id":"https:\/\/www.ub.edu\/drogodependencies\/oberta-la-preinscripcio-la-19a-edicio-del-master-drogodependencies-la-ub\/#breadcrumb","itemListElement":[{"@type":"ListItem","position":1,"name":"Portada","item":"https:\/\/www.ub.edu\/drogodependencies\/inici\/"},{"@type":"ListItem","position":2,"name":"Oberta la preinscripci\u00f3 de la 21a edici\u00f3 del M\u00e0ster de Drogodepend\u00e8ncies de la UB."}]},{"@type":"WebSite","@id":"https:\/\/www.ub.edu\/drogodependencies\/es\/#website","url":"https:\/\/www.ub.edu\/drogodependencies\/es\/","name":"M\u00e1ster en Drogodependencias","description":"M\u00e1ster Drogodependencias de la Universidad de Barcelona","potentialAction":[{"@type":"SearchAction","target":{"@type":"EntryPoint","urlTemplate":"https:\/\/www.ub.edu\/drogodependencies\/es\/?s={search_term_string}"},"query-input":{"@type":"PropertyValueSpecification","valueRequired":true,"valueName":"search_term_string"}}],"inLanguage":"ca"},{"@type":"Person","@id":"https:\/\/www.ub.edu\/drogodependencies\/es\/#\/schema\/person\/4536239edcc3944c385b19ae36f1f2be","name":"M\u00e0ster Drogodependencies","image":{"@type":"ImageObject","inLanguage":"ca","@id":"https:\/\/secure.gravatar.com\/avatar\/9845e6c7efbf2e9b3dfd9b5d66eec0f37e979efba0307c76f80d79210dc1a9e4?s=96&d=mm&r=g","url":"https:\/\/secure.gravatar.com\/avatar\/9845e6c7efbf2e9b3dfd9b5d66eec0f37e979efba0307c76f80d79210dc1a9e4?s=96&d=mm&r=g","contentUrl":"https:\/\/secure.gravatar.com\/avatar\/9845e6c7efbf2e9b3dfd9b5d66eec0f37e979efba0307c76f80d79210dc1a9e4?s=96&d=mm&r=g","caption":"M\u00e0ster Drogodependencies"},"url":"https:\/\/www.ub.edu\/drogodependencies\/author\/masterweb\/"}]}},"_links":{"self":[{"href":"https:\/\/www.ub.edu\/drogodependencies\/wp-json\/wp\/v2\/posts\/2459","targetHints":{"allow":["GET"]}}],"collection":[{"href":"https:\/\/www.ub.edu\/drogodependencies\/wp-json\/wp\/v2\/posts"}],"about":[{"href":"https:\/\/www.ub.edu\/drogodependencies\/wp-json\/wp\/v2\/types\/post"}],"author":[{"embeddable":true,"href":"https:\/\/www.ub.edu\/drogodependencies\/wp-json\/wp\/v2\/users\/3"}],"replies":[{"embeddable":true,"href":"https:\/\/www.ub.edu\/drogodependencies\/wp-json\/wp\/v2\/comments?post=2459"}],"version-history":[{"count":0,"href":"https:\/\/www.ub.edu\/drogodependencies\/wp-json\/wp\/v2\/posts\/2459\/revisions"}],"wp:featuredmedia":[{"embeddable":true,"href":"https:\/\/www.ub.edu\/drogodependencies\/wp-json\/wp\/v2\/media\/2463"}],"wp:attachment":[{"href":"https:\/\/www.ub.edu\/drogodependencies\/wp-json\/wp\/v2\/media?parent=2459"}],"wp:term":[{"taxonomy":"category","embeddable":true,"href":"https:\/\/www.ub.edu\/drogodependencies\/wp-json\/wp\/v2\/categories?post=2459"},{"taxonomy":"post_tag","embeddable":true,"href":"https:\/\/www.ub.edu\/drogodependencies\/wp-json\/wp\/v2\/tags?post=2459"}],"curies":[{"name":"wp","href":"https:\/\/api.w.org\/{rel}","templated":true}]}}