{"id":2131,"date":"2022-10-28T11:56:28","date_gmt":"2022-10-28T11:56:28","guid":{"rendered":"https:\/\/www.ub.edu\/edap\/?p=2131"},"modified":"2022-10-28T11:56:28","modified_gmt":"2022-10-28T11:56:28","slug":"edap-presenta-la-catedra-ub-diba-de-comunicacion-clara-aplicada-a-las-administraciones-publicas-en-cartagena","status":"publish","type":"post","link":"https:\/\/www.ub.edu\/edap\/?p=2131","title":{"rendered":"EDAP presenta la C\u00e1tedra UB-DIBA de Comunicaci\u00f3n Clara aplicada a las Administraciones P\u00fablicas en Cartagena"},"content":{"rendered":"<p>La Dra. Mar Forment present\u00f3 la C\u00e1tedra UB-DIBA el pasado septiembre en el marco del VII Congreso Internacional de Transparencia y Gobierno Abierto, celebrado en Cartagena (Murcia). Uno de los aspectos que comparti\u00f3 Forment, miembro de EDAP y vicedirectora de esta c\u00e1tedra, fue el plan general de desarrollo, que prev\u00e9 tres ejes de actuaci\u00f3n general en los tres pr\u00f3ximos a\u00f1os:<\/p>\n<p><a href=\"https:\/\/i0.wp.com\/www.ub.edu\/edap\/wp-content\/uploads\/2022\/10\/Imagen2.png?ssl=1\"><img loading=\"lazy\" data-attachment-id=\"2133\" data-permalink=\"https:\/\/www.ub.edu\/edap\/?attachment_id=2133\" data-orig-file=\"https:\/\/i0.wp.com\/www.ub.edu\/edap\/wp-content\/uploads\/2022\/10\/Imagen2.png?fit=240%2C320&amp;ssl=1\" data-orig-size=\"240,320\" data-comments-opened=\"1\" data-image-meta=\"{&quot;aperture&quot;:&quot;0&quot;,&quot;credit&quot;:&quot;&quot;,&quot;camera&quot;:&quot;&quot;,&quot;caption&quot;:&quot;&quot;,&quot;created_timestamp&quot;:&quot;0&quot;,&quot;copyright&quot;:&quot;&quot;,&quot;focal_length&quot;:&quot;0&quot;,&quot;iso&quot;:&quot;0&quot;,&quot;shutter_speed&quot;:&quot;0&quot;,&quot;title&quot;:&quot;&quot;,&quot;orientation&quot;:&quot;0&quot;}\" data-image-title=\"Imagen2\" data-image-description=\"\" data-image-caption=\"\" data-medium-file=\"https:\/\/i0.wp.com\/www.ub.edu\/edap\/wp-content\/uploads\/2022\/10\/Imagen2.png?fit=225%2C300&amp;ssl=1\" data-large-file=\"https:\/\/i0.wp.com\/www.ub.edu\/edap\/wp-content\/uploads\/2022\/10\/Imagen2.png?fit=240%2C320&amp;ssl=1\" class=\"aligncenter size-full wp-image-2133\" src=\"https:\/\/i0.wp.com\/www.ub.edu\/edap\/wp-content\/uploads\/2022\/10\/Imagen2.png?resize=240%2C320&#038;ssl=1\" alt=\"\" width=\"240\" height=\"320\" srcset=\"https:\/\/i0.wp.com\/www.ub.edu\/edap\/wp-content\/uploads\/2022\/10\/Imagen2.png?w=240&amp;ssl=1 240w, https:\/\/i0.wp.com\/www.ub.edu\/edap\/wp-content\/uploads\/2022\/10\/Imagen2.png?resize=225%2C300&amp;ssl=1 225w\" sizes=\"(max-width: 240px) 100vw, 240px\" data-recalc-dims=\"1\" \/><\/a><\/p>\n<p>En primer lugar, el an\u00e1lisis de la calidad de la comunicaci\u00f3n en el mundo local, en general, y en los organismos de gesti\u00f3n tributaria, en particular; en segundo lugar, proponer actividades y estudios con los que se obtengan mejoras en procesos, formularios, documentos, etc. que sean de aplicaci\u00f3n directa en la comunicaci\u00f3n de las administraciones p\u00fablicas del mundo local para el ejercicio ciudadano del derecho a entender; y la difusi\u00f3n local, nacional e internacional del conocimiento generado, especialmente en los municipios de la provincia de Barcelona. Estos ejes se materializar\u00e1n en actuaciones concretas de formaci\u00f3n, invesigaci\u00f3n y divulgaci\u00f3n y transferencia del conocimiento.<\/p>\n<p>Adem\u00e1s de la intervenci\u00f3n de Mar Forment, el Dr. Fernando Polanco y el Dr. Marc Bay\u00e9s, participaron tambi\u00e9n en el congreso, presentando algunas de las l\u00edneas de invegaci\u00f3n del grupo EDAP, al que tambi\u00e9n pertenecen.<\/p>\n<p><a href=\"https:\/\/i0.wp.com\/www.ub.edu\/edap\/wp-content\/uploads\/2022\/10\/Imagen3.jpg?ssl=1\"><img loading=\"lazy\" data-attachment-id=\"2134\" data-permalink=\"https:\/\/www.ub.edu\/edap\/?attachment_id=2134\" data-orig-file=\"https:\/\/i0.wp.com\/www.ub.edu\/edap\/wp-content\/uploads\/2022\/10\/Imagen3.jpg?fit=247%2C297&amp;ssl=1\" data-orig-size=\"247,297\" data-comments-opened=\"1\" data-image-meta=\"{&quot;aperture&quot;:&quot;0&quot;,&quot;credit&quot;:&quot;&quot;,&quot;camera&quot;:&quot;&quot;,&quot;caption&quot;:&quot;&quot;,&quot;created_timestamp&quot;:&quot;0&quot;,&quot;copyright&quot;:&quot;&quot;,&quot;focal_length&quot;:&quot;0&quot;,&quot;iso&quot;:&quot;0&quot;,&quot;shutter_speed&quot;:&quot;0&quot;,&quot;title&quot;:&quot;&quot;,&quot;orientation&quot;:&quot;0&quot;}\" data-image-title=\"Imagen3\" data-image-description=\"\" data-image-caption=\"\" data-medium-file=\"https:\/\/i0.wp.com\/www.ub.edu\/edap\/wp-content\/uploads\/2022\/10\/Imagen3.jpg?fit=247%2C297&amp;ssl=1\" data-large-file=\"https:\/\/i0.wp.com\/www.ub.edu\/edap\/wp-content\/uploads\/2022\/10\/Imagen3.jpg?fit=247%2C297&amp;ssl=1\" class=\"aligncenter size-full wp-image-2134\" src=\"https:\/\/i0.wp.com\/www.ub.edu\/edap\/wp-content\/uploads\/2022\/10\/Imagen3.jpg?resize=247%2C297&#038;ssl=1\" alt=\"\" width=\"247\" height=\"297\" data-recalc-dims=\"1\" \/><\/a><\/p>\n<p>Polanco intervino con una ponencia, titulada <em>Ling\u00fc\u00edstica conductual y lenguaje claro: el uso estrat\u00e9gico del lenguaje al servicio de una buena administraci\u00f3n<\/em>, en la que abord\u00f3 la acci\u00f3n ling\u00fc\u00edstica orientada especialmente a la comunicaci\u00f3n de la administraci\u00f3n y a las pol\u00edticas p\u00fablicas. Su reflexi\u00f3n apunta que esta acci\u00f3n ling\u00fc\u00edstica deviene una forma de nudging que contribuye a mejorar esta comunicaci\u00f3n y pol\u00edticas p\u00fablicas y da respuesta a la exigencia democr\u00e1tica de transparencia en la comunicaci\u00f3n entre la Administraci\u00f3n y la ciudadan\u00eda.<\/p>\n<p><a href=\"https:\/\/i0.wp.com\/www.ub.edu\/edap\/wp-content\/uploads\/2022\/10\/Imagen4.jpg?ssl=1\"><img loading=\"lazy\" data-attachment-id=\"2135\" data-permalink=\"https:\/\/www.ub.edu\/edap\/?attachment_id=2135\" data-orig-file=\"https:\/\/i0.wp.com\/www.ub.edu\/edap\/wp-content\/uploads\/2022\/10\/Imagen4.jpg?fit=485%2C461&amp;ssl=1\" data-orig-size=\"485,461\" data-comments-opened=\"1\" data-image-meta=\"{&quot;aperture&quot;:&quot;0&quot;,&quot;credit&quot;:&quot;&quot;,&quot;camera&quot;:&quot;&quot;,&quot;caption&quot;:&quot;&quot;,&quot;created_timestamp&quot;:&quot;0&quot;,&quot;copyright&quot;:&quot;&quot;,&quot;focal_length&quot;:&quot;0&quot;,&quot;iso&quot;:&quot;0&quot;,&quot;shutter_speed&quot;:&quot;0&quot;,&quot;title&quot;:&quot;&quot;,&quot;orientation&quot;:&quot;0&quot;}\" data-image-title=\"Imagen4\" data-image-description=\"\" data-image-caption=\"\" data-medium-file=\"https:\/\/i0.wp.com\/www.ub.edu\/edap\/wp-content\/uploads\/2022\/10\/Imagen4.jpg?fit=300%2C285&amp;ssl=1\" data-large-file=\"https:\/\/i0.wp.com\/www.ub.edu\/edap\/wp-content\/uploads\/2022\/10\/Imagen4.jpg?fit=485%2C461&amp;ssl=1\" class=\"aligncenter size-full wp-image-2135\" src=\"https:\/\/i0.wp.com\/www.ub.edu\/edap\/wp-content\/uploads\/2022\/10\/Imagen4.jpg?resize=485%2C461&#038;ssl=1\" alt=\"\" width=\"485\" height=\"461\" srcset=\"https:\/\/i0.wp.com\/www.ub.edu\/edap\/wp-content\/uploads\/2022\/10\/Imagen4.jpg?resize=485%2C461&#038;ssl=1 485w, https:\/\/www.ub.edu\/edap\/wp-content\/uploads\/2022\/10\/Imagen4-480x456.jpg 480w\" sizes=\"(min-width: 0px) and (max-width: 480px) 480px, (min-width: 481px) 485px, 100vw\" data-recalc-dims=\"1\" \/><\/a><\/p>\n<p>Por su parte, Bay\u00e9s, que titul\u00f3 su intervenci\u00f3n <em>\u00bfC\u00f3mo quiere conseguir la Administraci\u00f3n hablar claro a la ciudadan\u00eda? Iniciativas de impacto para la clarificaci\u00f3n de documentos<\/em>, present\u00f3 un mapeo de los nodos o estructuras por medio de las cuales se vehiculan el complejo universo de inciativas de clarificaci\u00f3n que se llevan a cabo en la actualidad y sugiri\u00f3 algunas reflexiones en torno a sus implicaciones.<\/p>\n<p>El congreso tambi\u00e9n fue el lugar id\u00f3neo para <em>desvirtualizar<\/em> y compartir mesa y caf\u00e9 con algunas de las personas que en la actualidad contribuyen a mejorar la calidad de la comunicaci\u00f3n administrativa.<\/p>\n","protected":false},"excerpt":{"rendered":"<p>La Dra. Mar Forment present\u00f3 la C\u00e1tedra UB-DIBA el pasado septiembre en el marco del VII Congreso Internacional de Transparencia y Gobierno Abierto, celebrado en Cartagena (Murcia). Uno de los aspectos que comparti\u00f3 Forment, miembro de EDAP y vicedirectora de esta c\u00e1tedra, fue el plan general de desarrollo, que prev\u00e9 tres ejes de actuaci\u00f3n general [&hellip;]<\/p>\n","protected":false},"author":4,"featured_media":2132,"comment_status":"open","ping_status":"open","sticky":false,"template":"","format":"standard","meta":{"_et_pb_use_builder":"","_et_pb_old_content":"","_et_gb_content_width":"","spay_email":"","jetpack_publicize_message":"","jetpack_is_tweetstorm":false,"jetpack_publicize_feature_enabled":true},"categories":[114,131,115,132],"tags":[134,138,113,102,105,139,136,137,135,140,133],"jetpack_publicize_connections":[],"jetpack_featured_media_url":"https:\/\/i0.wp.com\/www.ub.edu\/edap\/wp-content\/uploads\/2022\/10\/Cartagena.jpg?fit=266%2C199&ssl=1","jetpack_sharing_enabled":true,"jetpack_shortlink":"https:\/\/wp.me\/p7JAGE-yn","jetpack-related-posts":[{"id":3162,"url":"https:\/\/www.ub.edu\/edap\/?p=3162","url_meta":{"origin":2131,"position":0},"title":"Nominada la C\u00e1tedra UB DIBA de Comunicaci\u00f3n Clara Aplicada a las Administraciones P\u00fablicas a la categor\u00eda Buen gobierno de los Premios NovaGob Excelencia","date":"1 juny 2024","format":false,"excerpt":"Nominan la C\u00e1tedra UB DIBA de Comunicaci\u00f3n Clara a los Premios NovaGob Excelencia 2024 en la categor\u00eda Buen gobierno. Para conocer a los ganadores de esta convocatoria, NovaGob ha propuesto abrir las votaciones al p\u00fablico general hasta el 7 de junio. Si usted quiere apoyar la candidatura de la C\u00e1tedra\u2026","rel":"","context":"In &quot;C\u00e1tedra UB-DIBA&quot;","img":{"alt_text":"","src":"https:\/\/i0.wp.com\/www.ub.edu\/edap\/wp-content\/uploads\/2024\/03\/DIBA_POSITIVA-e1711103178529.jpg?fit=900%2C356&ssl=1&resize=350%2C200","width":350,"height":200},"classes":[]},{"id":2728,"url":"https:\/\/www.ub.edu\/edap\/?p=2728","url_meta":{"origin":2131,"position":1},"title":"Ultiman los detalles para la celebraci\u00f3n de las jornadas de Comunicaci\u00f3n Tributaria Clara","date":"8 octubre 2023","format":false,"excerpt":"Miembros del Comit\u00e9 de direcci\u00f3n de la C\u00e1tedra UB DIBA de Comunicaci\u00f3n Clara Aplicada a las Administraciones P\u00fablicas se re\u00fanen con los equipos que colaboran con la organizaci\u00f3n de las Jornadas de comunicaci\u00f3n tributaria clara. La reuni\u00f3n, itinerante, ha transcurrido por las instalaciones del Paraninfo de la Escuela Industrial, un\u2026","rel":"","context":"In &quot;C\u00e1tedra UB-DIBA&quot;","img":{"alt_text":"","src":"https:\/\/i0.wp.com\/www.ub.edu\/edap\/wp-content\/uploads\/2023\/10\/f7bc3a31-694a-4590-ae02-201cbad4d5c3.jpg?fit=1200%2C900&ssl=1&resize=350%2C200","width":350,"height":200},"classes":[]},{"id":2690,"url":"https:\/\/www.ub.edu\/edap\/?p=2690","url_meta":{"origin":2131,"position":2},"title":"Mar Forment participa en la mesa redonda \u00abLa accesibilidad y el derecho a entender\u00bb","date":"7 juliol 2023","format":false,"excerpt":"El \u00c1rea de Igualdad y Sostenibilidad Social de la Diputaci\u00f3n de Barcelona ha organizado la 32a edici\u00f3n de la Escola d'Estiu, un espacio de reflexi\u00f3n, intercambio y conocimiento sobre las pol\u00edticas sociales locales para profesionales de los municipios de la provincia de Barcelona . Durante una semana, del 3 al\u2026","rel":"","context":"In &quot;C\u00e1tedra UB-DIBA&quot;","img":{"alt_text":"","src":"https:\/\/i0.wp.com\/www.ub.edu\/edap\/wp-content\/uploads\/2023\/07\/Foto-taula-rodona-DIBA.png?fit=1024%2C512&ssl=1&resize=350%2C200","width":350,"height":200},"classes":[]},{"id":3080,"url":"https:\/\/www.ub.edu\/edap\/?p=3080","url_meta":{"origin":2131,"position":3},"title":"La C\u00e1tedra UB DIBA en la Red Panhisp\u00e1nica del Lenguaje Claro","date":"22 mar\u00e7 2024","format":false,"excerpt":"La Real Academia Espa\u00f1ola incorpora formalmente el 18 de marzo de 2024 la C\u00e1tedra UB DIBA de Comunicaci\u00f3n Clara Aplicada a las Administraciones P\u00fablicas a la Red Panhisp\u00e1nica de Lenguaje Claro. Estrella Montol\u00edo Dur\u00e1n actuar\u00e1 como delegada de la instituci\u00f3n a los efectos de las actividades e iniciativas de la\u2026","rel":"","context":"In &quot;C\u00e1tedra UB-DIBA&quot;","img":{"alt_text":"","src":"https:\/\/i0.wp.com\/www.ub.edu\/edap\/wp-content\/uploads\/2024\/03\/DIBA_POSITIVA-e1711103178529.jpg?fit=900%2C356&ssl=1&resize=350%2C200","width":350,"height":200},"classes":[]},{"id":2596,"url":"https:\/\/www.ub.edu\/edap\/?p=2596","url_meta":{"origin":2131,"position":4},"title":"La C\u00e1tedra UB DIBA de Comunicaci\u00f3n Clara Aplicada a las Administraciones P\u00fablicas celebra sus primeras jornadas en Barcelona","date":"15 maig 2023","format":false,"excerpt":"La C\u00e1tedra UB DIBA ha organizado unas jornadas formativas en Barcelona los d\u00edas 4 y 5 de mayo , tituladas \"El dret a entendre. Per qu\u00e8 \u00e9s necessari que les administracions p\u00fabliques s\u2019adrecin de manera clara a la ciutadania\". Este evento, inaugurado por autoridades de la DIBA, ha iniciado con\u2026","rel":"","context":"In &quot;C\u00e1tedra UB-DIBA&quot;","img":{"alt_text":"","src":"https:\/\/i0.wp.com\/www.ub.edu\/edap\/wp-content\/uploads\/2023\/05\/1684183245986-scaled.jpg?fit=904%2C1200&ssl=1&resize=350%2C200","width":350,"height":200},"classes":[]},{"id":3063,"url":"https:\/\/www.ub.edu\/edap\/?p=3063","url_meta":{"origin":2131,"position":5},"title":"M.\u00aa \u00c1ngeles Garc\u00eda, con los referentes de lenguaje claro de la Generalitat de Catalunya","date":"13 mar\u00e7 2024","format":false,"excerpt":"La Escola d'Administraci\u00f3 P\u00fablica de Catalunya ha inaugurado hoy la primera edici\u00f3n del Taller de comunicaci\u00f3n clara dirigido a los referentes de lenguaje claro de cada departamento, que organiza la Direcci\u00f3 General de Serveis Digitals i Experi\u00e8ncia Ciutadana y financia el Fons de Formaci\u00f3 Cont\u00ednua de Catalunya. El taller, en\u2026","rel":"","context":"In &quot;C\u00e1tedra UB-DIBA&quot;","img":{"alt_text":"","src":"https:\/\/i0.wp.com\/www.ub.edu\/edap\/wp-content\/uploads\/2024\/03\/ref-2.jpg?fit=900%2C1200&ssl=1&resize=350%2C200","width":350,"height":200},"classes":[]}],"_links":{"self":[{"href":"https:\/\/www.ub.edu\/edap\/index.php?rest_route=\/wp\/v2\/posts\/2131"}],"collection":[{"href":"https:\/\/www.ub.edu\/edap\/index.php?rest_route=\/wp\/v2\/posts"}],"about":[{"href":"https:\/\/www.ub.edu\/edap\/index.php?rest_route=\/wp\/v2\/types\/post"}],"author":[{"embeddable":true,"href":"https:\/\/www.ub.edu\/edap\/index.php?rest_route=\/wp\/v2\/users\/4"}],"replies":[{"embeddable":true,"href":"https:\/\/www.ub.edu\/edap\/index.php?rest_route=%2Fwp%2Fv2%2Fcomments&post=2131"}],"version-history":[{"count":1,"href":"https:\/\/www.ub.edu\/edap\/index.php?rest_route=\/wp\/v2\/posts\/2131\/revisions"}],"predecessor-version":[{"id":2136,"href":"https:\/\/www.ub.edu\/edap\/index.php?rest_route=\/wp\/v2\/posts\/2131\/revisions\/2136"}],"wp:featuredmedia":[{"embeddable":true,"href":"https:\/\/www.ub.edu\/edap\/index.php?rest_route=\/wp\/v2\/media\/2132"}],"wp:attachment":[{"href":"https:\/\/www.ub.edu\/edap\/index.php?rest_route=%2Fwp%2Fv2%2Fmedia&parent=2131"}],"wp:term":[{"taxonomy":"category","embeddable":true,"href":"https:\/\/www.ub.edu\/edap\/index.php?rest_route=%2Fwp%2Fv2%2Fcategories&post=2131"},{"taxonomy":"post_tag","embeddable":true,"href":"https:\/\/www.ub.edu\/edap\/index.php?rest_route=%2Fwp%2Fv2%2Ftags&post=2131"}],"curies":[{"name":"wp","href":"https:\/\/api.w.org\/{rel}","templated":true}]}}