{"id":2632,"date":"2023-05-23T07:37:00","date_gmt":"2023-05-23T07:37:00","guid":{"rendered":"https:\/\/www.ub.edu\/edap\/?p=2632"},"modified":"2023-06-06T07:57:37","modified_gmt":"2023-06-06T07:57:37","slug":"cilpe-2023-invita-a-estrella-montolio-a-formar-parte-de-la-mesa-comunicacion-clara-la-busqueda-de-la-sencillez-en-un-mundo-complejo","status":"publish","type":"post","link":"https:\/\/www.ub.edu\/edap\/?p=2632","title":{"rendered":"CILPE 2023 invita a Estrella Montol\u00edo a formar parte de la mesa Comunicaci\u00f3n clara: la b\u00fasqueda de la sencillez en un mundo complejo"},"content":{"rendered":"\n<p>La Conferencia Internacional de las Lenguas Portuguesa y Espa\u00f1ola, bajo el t\u00edtulo LENGUAS, COMUNICACI\u00d3N, EDUCACI\u00d3N INTERCULTURAL, DIVERSIDAD, celebra su tercera edici\u00f3n en Paraguay (Asunci\u00f3n) los d\u00edas 23 y 24 de mayo. <\/p>\n\n\n\n<p><strong>Estrella Montol\u00edo<\/strong> interviene en la mesa Comunicaci\u00f3n clara: la b\u00fasqueda de la sencillez en un mundo complejo,  junto a <strong>Bernardo Neri Farina<\/strong>, Academia Paraguaya de la Lengua (Paraguay), <strong>Claudia Andrea Poblete Olmedo<\/strong>, Pontificia Universidad Cat\u00f3lica de Valparaiso (Chile) y <strong>Fernando Bernab\u00e9 Rocca<\/strong>, Red de Lenguaje Claro (Argentina). La mesa ha contado, adem\u00e1s, con la moderaci\u00f3n de  <strong>Manuel Fuentes Garc\u00eda,&nbsp;<\/strong>periodista de la Agencia EFE para las Am\u00e9ricas.<\/p>\n\n\n\n<figure class=\"wp-block-image size-large\"><a href=\"https:\/\/i0.wp.com\/www.ub.edu\/edap\/wp-content\/uploads\/2023\/06\/Image-scaled.jpeg?ssl=1\"><img loading=\"lazy\" width=\"1024\" height=\"768\" data-attachment-id=\"2635\" data-permalink=\"https:\/\/www.ub.edu\/edap\/?attachment_id=2635\" data-orig-file=\"https:\/\/i0.wp.com\/www.ub.edu\/edap\/wp-content\/uploads\/2023\/06\/Image-scaled.jpeg?fit=2560%2C1920&amp;ssl=1\" data-orig-size=\"2560,1920\" data-comments-opened=\"1\" data-image-meta=\"{&quot;aperture&quot;:&quot;1.8&quot;,&quot;credit&quot;:&quot;&quot;,&quot;camera&quot;:&quot;iPhone 11&quot;,&quot;caption&quot;:&quot;&quot;,&quot;created_timestamp&quot;:&quot;1684944390&quot;,&quot;copyright&quot;:&quot;&quot;,&quot;focal_length&quot;:&quot;4.25&quot;,&quot;iso&quot;:&quot;80&quot;,&quot;shutter_speed&quot;:&quot;0.01&quot;,&quot;title&quot;:&quot;&quot;,&quot;orientation&quot;:&quot;1&quot;}\" data-image-title=\"Image\" data-image-description=\"\" data-image-caption=\"\" data-medium-file=\"https:\/\/i0.wp.com\/www.ub.edu\/edap\/wp-content\/uploads\/2023\/06\/Image-scaled.jpeg?fit=300%2C225&amp;ssl=1\" data-large-file=\"https:\/\/i0.wp.com\/www.ub.edu\/edap\/wp-content\/uploads\/2023\/06\/Image-scaled.jpeg?fit=1024%2C768&amp;ssl=1\" src=\"https:\/\/i0.wp.com\/www.ub.edu\/edap\/wp-content\/uploads\/2023\/06\/Image.jpeg?resize=1024%2C768&#038;ssl=1\" alt=\"\" class=\"wp-image-2635\" srcset=\"https:\/\/www.ub.edu\/edap\/wp-content\/uploads\/2023\/06\/Image-980x735.jpeg 980w, https:\/\/www.ub.edu\/edap\/wp-content\/uploads\/2023\/06\/Image-480x360.jpeg 480w\" sizes=\"(min-width: 0px) and (max-width: 480px) 480px, (min-width: 481px) and (max-width: 980px) 980px, (min-width: 981px) 1024px, 100vw\" data-recalc-dims=\"1\" \/><\/a><\/figure>\n\n\n\n<p>En la sesi\u00f3n se han abordado algunos de los retos del lenguaje claro en la Administraci\u00f3n p\u00fablica. Son retos trasladables a cuestiones concretas, entre otras: \u00bfc\u00f3mo acercar al p\u00fablico lo que su ayuntamiento\/municipalidad\/prefectura quiere decirle? \u00bfC\u00f3mo lograr que la informaci\u00f3n p\u00fablica sea entendible? \u00bfQu\u00e9 queda por hacer para que la comunicaci\u00f3n p\u00fablica sea accesible e inclusiva? \u00bfc\u00f3mo desarrollar estrategias de comunicaci\u00f3n efectivas en un mundo complejo?<\/p>\n\n\n\n<p><\/p>\n","protected":false},"excerpt":{"rendered":"<p>La Conferencia Internacional de las Lenguas Portuguesa y Espa\u00f1ola, bajo el t\u00edtulo LENGUAS, COMUNICACI\u00d3N, EDUCACI\u00d3N INTERCULTURAL, DIVERSIDAD, celebra su tercera edici\u00f3n en Paraguay (Asunci\u00f3n) los d\u00edas 23 y 24 de mayo. Estrella Montol\u00edo interviene en la mesa Comunicaci\u00f3n clara: la b\u00fasqueda de la sencillez en un mundo complejo, junto a Bernardo Neri Farina, Academia Paraguaya [&hellip;]<\/p>\n","protected":false},"author":5,"featured_media":2634,"comment_status":"open","ping_status":"open","sticky":false,"template":"","format":"standard","meta":{"_et_pb_use_builder":"off","_et_pb_old_content":"","_et_gb_content_width":"","spay_email":"","jetpack_publicize_message":"","jetpack_is_tweetstorm":false,"jetpack_publicize_feature_enabled":true},"categories":[131,115,38,141,175,8],"tags":[180,118,104,113,105],"jetpack_publicize_connections":[],"jetpack_featured_media_url":"https:\/\/i0.wp.com\/www.ub.edu\/edap\/wp-content\/uploads\/2023\/06\/WhatsApp-Image-2023-05-24-at-21.16.54.jpeg?fit=1600%2C900&ssl=1","jetpack_sharing_enabled":true,"jetpack_shortlink":"https:\/\/wp.me\/p7JAGE-Gs","jetpack-related-posts":[{"id":2186,"url":"https:\/\/www.ub.edu\/edap\/?p=2186","url_meta":{"origin":2632,"position":0},"title":"Estrella Montol\u00edo participa en el ciclo de conferencias que organiza la Escuela Abierta de la Ciudadan\u00eda en Vitoria Gasteiz","date":"10 novembre 2022","format":false,"excerpt":"Estrella Montol\u00edo ha presentado hoy en el Ayuntamiento de Vitoria\/Gasteiz una nueva conferencia dedicada a la comunicaci\u00f3n institucional con el t\u00edtulo \u00bfHabla claro la Administraci\u00f3n p\u00fablica? Estrella ha disertado sobre sobre la importancia de la comunicaci\u00f3n clara como la mejor herramienta para acercar la ciudadan\u00eda a la Administraci\u00f3n y generar\u2026","rel":"","context":"In &quot;Comunicaci\u00f3n clara&quot;","img":{"alt_text":"","src":"https:\/\/i0.wp.com\/www.ub.edu\/edap\/wp-content\/uploads\/2022\/11\/EM-1.png?fit=678%2C322&ssl=1&resize=350%2C200","width":350,"height":200},"classes":[]},{"id":2658,"url":"https:\/\/www.ub.edu\/edap\/?p=2658","url_meta":{"origin":2632,"position":1},"title":"Estrella Montol\u00edo gana el Premio Archiletras al desempe\u00f1o profesional","date":"28 juny 2023","format":false,"excerpt":"Los Premios Archiletras reconocen la trayectoria profesional de Estrella Montol\u00edo en la velada que se ha celebrado en Madrid este 27 de junio. @cristinagallach, comisionada Especial para la Alianza por la Nueva Econom\u00eda de la Lengua y Olaf Mestrich Moles, de @caixabank fueron los encargados de dar el reconocimiento a\u2026","rel":"","context":"In &quot;Comunicaci\u00f3n clara&quot;","img":{"alt_text":"","src":"https:\/\/i0.wp.com\/www.ub.edu\/edap\/wp-content\/uploads\/2023\/06\/PremiadosArchiletras2023.png?fit=709%2C390&ssl=1&resize=350%2C200","width":350,"height":200},"classes":[]},{"id":2606,"url":"https:\/\/www.ub.edu\/edap\/?p=2606","url_meta":{"origin":2632,"position":2},"title":"Estrella Montol\u00edo, ponente invitada en las Jornadas de formaci\u00f3n directiva (Galicia &#8211; Asturias \u2013 Cantabria) de la Agencia Tributaria","date":"16 maig 2023","format":false,"excerpt":"La Agencia Tributaria espa\u00f1ola (AEAT) celebra las Jornadas de formaci\u00f3n directiva los d\u00edas 20 y 21 de abril en el Palacio de la Magdalena, en Santander. Estrella ha intervenido en una mesa redonda en la que ha presentado datos relevantes relacionados con la encuesta que los profesionales del Organismo de\u2026","rel":"","context":"In &quot;C\u00e1tedra UB-DIBA&quot;","img":{"alt_text":"","src":"https:\/\/i0.wp.com\/www.ub.edu\/edap\/wp-content\/uploads\/2023\/05\/WhatsApp-Image-2023-05-24-at-19.26.46-1.jpeg?fit=1200%2C758&ssl=1&resize=350%2C200","width":350,"height":200},"classes":[]},{"id":2572,"url":"https:\/\/www.ub.edu\/edap\/?p=2572","url_meta":{"origin":2632,"position":3},"title":"Nuevas publicaciones de Estrella Montol\u00edo en El Ciervo y en The Conversation","date":"27 abril 2023","format":false,"excerpt":"Estrella Montol\u00edo publica en El Ciervo el manifiesto \u201cPor un lenguaje claro en la Administraci\u00f3n\u201d, originalmente publicado en Archiletras a inicios de 2022, y el art\u00edculo divulgativo \u201cLa dificultad de entender el lenguaje que utilizan las Administraciones p\u00fablicas\u201d en The Conversation, una versi\u00f3n del cual ya hab\u00eda sido publicada en\u2026","rel":"","context":"In &quot;Comunicaci\u00f3n clara&quot;","img":{"alt_text":"","src":"https:\/\/i0.wp.com\/www.ub.edu\/edap\/wp-content\/uploads\/2023\/04\/Publicaciones.jpg?fit=612%2C409&ssl=1&resize=350%2C200","width":350,"height":200},"classes":[]},{"id":3086,"url":"https:\/\/www.ub.edu\/edap\/?p=3086","url_meta":{"origin":2632,"position":4},"title":"EDAP vuelve a coordinar y a impartir formaci\u00f3n en escritura judicial clara y oratoria para la Fiscal\u00eda General del Estado","date":"3 abril 2024","format":false,"excerpt":"La\u00a0Fiscal\u00eda General del Estado\u00a0sigue promoviendo en sus comunicaciones el uso de un lenguaje claro que garantice el derecho ciudadano a entender a las Administraciones. Por segundo a\u00f1o consecutivo, y dentro del Plan de Formaci\u00f3n de la Carrera Fiscal, Estrella Montol\u00edo ha coordinado una formaci\u00f3n en escritura judicial clara y oratoria\u2026","rel":"","context":"In &quot;Comunicaci\u00f3n clara&quot;","img":{"alt_text":"","src":"https:\/\/i0.wp.com\/www.ub.edu\/edap\/wp-content\/uploads\/2024\/04\/Fiscales_2024.jpg?fit=1200%2C900&ssl=1&resize=350%2C200","width":350,"height":200},"classes":[]},{"id":3080,"url":"https:\/\/www.ub.edu\/edap\/?p=3080","url_meta":{"origin":2632,"position":5},"title":"La C\u00e1tedra UB DIBA en la Red Panhisp\u00e1nica del Lenguaje Claro","date":"22 mar\u00e7 2024","format":false,"excerpt":"La Real Academia Espa\u00f1ola incorpora formalmente el 18 de marzo de 2024 la C\u00e1tedra UB DIBA de Comunicaci\u00f3n Clara Aplicada a las Administraciones P\u00fablicas a la Red Panhisp\u00e1nica de Lenguaje Claro. Estrella Montol\u00edo Dur\u00e1n actuar\u00e1 como delegada de la instituci\u00f3n a los efectos de las actividades e iniciativas de la\u2026","rel":"","context":"In &quot;C\u00e1tedra UB-DIBA&quot;","img":{"alt_text":"","src":"https:\/\/i0.wp.com\/www.ub.edu\/edap\/wp-content\/uploads\/2024\/03\/DIBA_POSITIVA-e1711103178529.jpg?fit=900%2C356&ssl=1&resize=350%2C200","width":350,"height":200},"classes":[]}],"_links":{"self":[{"href":"https:\/\/www.ub.edu\/edap\/index.php?rest_route=\/wp\/v2\/posts\/2632"}],"collection":[{"href":"https:\/\/www.ub.edu\/edap\/index.php?rest_route=\/wp\/v2\/posts"}],"about":[{"href":"https:\/\/www.ub.edu\/edap\/index.php?rest_route=\/wp\/v2\/types\/post"}],"author":[{"embeddable":true,"href":"https:\/\/www.ub.edu\/edap\/index.php?rest_route=\/wp\/v2\/users\/5"}],"replies":[{"embeddable":true,"href":"https:\/\/www.ub.edu\/edap\/index.php?rest_route=%2Fwp%2Fv2%2Fcomments&post=2632"}],"version-history":[{"count":3,"href":"https:\/\/www.ub.edu\/edap\/index.php?rest_route=\/wp\/v2\/posts\/2632\/revisions"}],"predecessor-version":[{"id":2642,"href":"https:\/\/www.ub.edu\/edap\/index.php?rest_route=\/wp\/v2\/posts\/2632\/revisions\/2642"}],"wp:featuredmedia":[{"embeddable":true,"href":"https:\/\/www.ub.edu\/edap\/index.php?rest_route=\/wp\/v2\/media\/2634"}],"wp:attachment":[{"href":"https:\/\/www.ub.edu\/edap\/index.php?rest_route=%2Fwp%2Fv2%2Fmedia&parent=2632"}],"wp:term":[{"taxonomy":"category","embeddable":true,"href":"https:\/\/www.ub.edu\/edap\/index.php?rest_route=%2Fwp%2Fv2%2Fcategories&post=2632"},{"taxonomy":"post_tag","embeddable":true,"href":"https:\/\/www.ub.edu\/edap\/index.php?rest_route=%2Fwp%2Fv2%2Ftags&post=2632"}],"curies":[{"name":"wp","href":"https:\/\/api.w.org\/{rel}","templated":true}]}}