{"id":3615,"date":"2026-03-23T17:00:53","date_gmt":"2026-03-23T17:00:53","guid":{"rendered":"https:\/\/www.ub.edu\/edap\/?p=3615"},"modified":"2026-04-13T21:36:50","modified_gmt":"2026-04-13T21:36:50","slug":"la-comision-de-bioetica-de-la-universidad-de-barcelona-emite-dictamen-favorable-al-proyecto-comunicacion-tributaria-clara","status":"publish","type":"post","link":"https:\/\/www.ub.edu\/edap\/?p=3615","title":{"rendered":"La Comisi\u00f3n de Bio\u00e9tica de la Universidad de Barcelona emite dictamen favorable al proyecto Comunicaci\u00f3n Tributaria Clara"},"content":{"rendered":"\n<p>La Comisi\u00f3n de Bio\u00e9tica de la Universidad de Barcelona ha emitido un dictamen favorable al proyecto de investigaci\u00f3n Comunicaci\u00f3n Tributaria Clara. Estudio y Clarificaci\u00f3n del Discurso Empleado en el Procedimiento de Aplazamiento y Fraccionamiento de Deudas, dirigido por Estrella Montol\u00edo Dur\u00e1n.<\/p>\n\n\n\n<p>El proyecto fue evaluado por primera vez durante la sesi\u00f3n ordinaria de la Comisi\u00f3n celebrada el <strong>29 de enero de 2026<\/strong>, en la que se revisaron sus aspectos metodol\u00f3gicos, \u00e9ticos y legales. En aquel momento, el \u00f3rgano evaluador formul\u00f3 una serie de observaciones que deb\u00edan ser incorporadas a la documentaci\u00f3n para poder avanzar hacia un dictamen positivo.<\/p>\n\n\n\n<p>Tras la entrega de la documentaci\u00f3n revisada por parte de la investigadora principal, la Secretar\u00eda T\u00e9cnica de la Comisi\u00f3n llev\u00f3 a cabo una nueva evaluaci\u00f3n. Una vez verificados los ajustes solicitados, el proyecto obtuvo finalmente el dictamen favorable con fecha 23 de marzo de 2026.<\/p>\n\n\n\n<p>Con este aval, el equipo investigador podr\u00e1 continuar con el trabajo previsto, orientado al an\u00e1lisis, descripci\u00f3n y mejora del discurso tributario utilizado en los procedimientos tributarios de solicitud de aplazamiento y fraccionamiento de deudas. El proyecto se enmarca en las iniciativas actuales de fomento de la comunicaci\u00f3n clara en la Administraci\u00f3n p\u00fablica.<\/p>\n","protected":false},"excerpt":{"rendered":"<p>La Comisi\u00f3n de Bio\u00e9tica de la Universidad de Barcelona ha emitido un dictamen favorable al proyecto de investigaci\u00f3n Comunicaci\u00f3n Tributaria Clara. Estudio y Clarificaci\u00f3n del Discurso Empleado en el Procedimiento de Aplazamiento y Fraccionamiento de Deudas, dirigido por Estrella Montol\u00edo Dur\u00e1n. El proyecto fue evaluado por primera vez durante la sesi\u00f3n ordinaria de la Comisi\u00f3n [&hellip;]<\/p>\n","protected":false},"author":5,"featured_media":3616,"comment_status":"open","ping_status":"open","sticky":false,"template":"","format":"standard","meta":{"_et_pb_use_builder":"off","_et_pb_old_content":"","_et_gb_content_width":"","spay_email":"","jetpack_publicize_message":"","jetpack_is_tweetstorm":false,"jetpack_publicize_feature_enabled":true},"categories":[1],"tags":[118,104,113,105],"jetpack_publicize_connections":[],"jetpack_featured_media_url":"https:\/\/i0.wp.com\/www.ub.edu\/edap\/wp-content\/uploads\/2026\/04\/baner-laboratori-biologia-comissio-bioetica-2023-3_0-e1776116028629.jpg?fit=336%2C127&ssl=1","jetpack_sharing_enabled":true,"jetpack_shortlink":"https:\/\/wp.me\/p7JAGE-Wj","jetpack-related-posts":[{"id":3191,"url":"https:\/\/www.ub.edu\/edap\/?p=3191","url_meta":{"origin":3615,"position":0},"title":"Concedido el proyecto de investigaci\u00f3n I+D+i Comunicaci\u00f3n Tributaria Clara. Estudio y Clarificaci\u00f3n del Discurso Empleado en el Procedimiento de Aplazamiento y Fraccionamiento de Deudas, liderado por Estrella Montol\u00edo","date":"24 juliol 2024","format":false,"excerpt":"\u00a1Estamos de celebraci\u00f3n! El proyecto de investigaci\u00f3n Comunicaci\u00f3n Tributaria Clara. Estudio y Clarificaci\u00f3n del Discurso Empleado en el Procedimiento de Aplazamiento y Fraccionamiento de Deudas, liderado por Estrella Montol\u00edo, ya est\u00e1 en marcha. Ha obtenido una financiaci\u00f3n de 114.875 \u20ac del Ministerio de Ciencia, Innovaci\u00f3n y Universidades (Gobierno de Espa\u00f1a)\u2026","rel":"","context":"In &quot;Comunicaci\u00f3n clara&quot;","img":{"alt_text":"","src":"https:\/\/i0.wp.com\/www.ub.edu\/edap\/wp-content\/uploads\/2024\/08\/PresentacionProyecto.jpg?fit=852%2C688&ssl=1&resize=350%2C200","width":350,"height":200},"classes":[]},{"id":3506,"url":"https:\/\/www.ub.edu\/edap\/?p=3506","url_meta":{"origin":3615,"position":1},"title":"Hacia una comunicaci\u00f3n tributaria m\u00e1s clara: presentaci\u00f3n del libro &#8220;Comunicaci\u00f3n tributaria clara Una aproximaci\u00f3n interdisciplinar&#8221;","date":"21 octubre 2025","format":false,"excerpt":"Presentamos en l\u00ednea Comunicaci\u00f3n Tributaria Clara. Una aproximaci\u00f3n interdisciplinar. La presentaci\u00f3n tendr\u00e1 lugar el pr\u00f3ximo 27 de octubre a las 17:00 (Buenos Aires) \/ 22:00 (Espa\u00f1a). Inscripci\u00f3n previa: https:\/\/us02web.zoom.us\/meeting\/register\/SXg1G4stQxmSLHSGmEGf0Q#\/registration Este volumen, que presentamos por primera vez en Hispanoam\u00e9rica, es fruto del proyecto de investigaci\u00f3n El Derecho a Entender la Comunicaci\u00f3n\u2026","rel":"","context":"In &quot;C\u00e1tedra UB-DIBA&quot;","img":{"alt_text":"","src":"https:\/\/i0.wp.com\/www.ub.edu\/edap\/wp-content\/uploads\/2025\/10\/WhatsApp-Image-2025-10-21-at-08.06.30.jpeg?fit=851%2C1200&ssl=1&resize=350%2C200","width":350,"height":200},"classes":[]},{"id":2606,"url":"https:\/\/www.ub.edu\/edap\/?p=2606","url_meta":{"origin":3615,"position":2},"title":"Estrella Montol\u00edo, ponente invitada en las Jornadas de formaci\u00f3n directiva (Galicia &#8211; Asturias \u2013 Cantabria) de la Agencia Tributaria","date":"16 maig 2023","format":false,"excerpt":"La Agencia Tributaria espa\u00f1ola (AEAT) celebra las Jornadas de formaci\u00f3n directiva los d\u00edas 20 y 21 de abril en el Palacio de la Magdalena, en Santander. Estrella ha intervenido en una mesa redonda en la que ha presentado datos relevantes relacionados con la encuesta que los profesionales del Organismo de\u2026","rel":"","context":"In &quot;C\u00e1tedra UB-DIBA&quot;","img":{"alt_text":"","src":"https:\/\/i0.wp.com\/www.ub.edu\/edap\/wp-content\/uploads\/2023\/05\/WhatsApp-Image-2023-05-24-at-19.26.46-1.jpeg?fit=1200%2C758&ssl=1&resize=350%2C200","width":350,"height":200},"classes":[]},{"id":2728,"url":"https:\/\/www.ub.edu\/edap\/?p=2728","url_meta":{"origin":3615,"position":3},"title":"Ultiman los detalles para la celebraci\u00f3n de las jornadas de Comunicaci\u00f3n Tributaria Clara","date":"8 octubre 2023","format":false,"excerpt":"Miembros del Comit\u00e9 de direcci\u00f3n de la C\u00e1tedra UB DIBA de Comunicaci\u00f3n Clara Aplicada a las Administraciones P\u00fablicas se re\u00fanen con los equipos que colaboran con la organizaci\u00f3n de las Jornadas de comunicaci\u00f3n tributaria clara. La reuni\u00f3n, itinerante, ha transcurrido por las instalaciones del Paraninfo de la Escuela Industrial, un\u2026","rel":"","context":"In &quot;C\u00e1tedra UB-DIBA&quot;","img":{"alt_text":"","src":"https:\/\/i0.wp.com\/www.ub.edu\/edap\/wp-content\/uploads\/2023\/10\/f7bc3a31-694a-4590-ae02-201cbad4d5c3.jpg?fit=1200%2C900&ssl=1&resize=350%2C200","width":350,"height":200},"classes":[]},{"id":3364,"url":"https:\/\/www.ub.edu\/edap\/?p=3364","url_meta":{"origin":3615,"position":4},"title":"Presentamos la publicaci\u00f3n Comunicaci\u00f3n tributaria clara. Una aproximaci\u00f3n interdisciplinar","date":"10 desembre 2024","format":false,"excerpt":"El Instituto de Estudios Fiscales de Madrid ha acogido hoy la presentaci\u00f3n del volumen Comunicaci\u00f3n tributaria clara. Una aproximaci\u00f3n interdisciplinar, dirigido por nuestra investigadora principal Estrella Montol\u00edo. La publicaci\u00f3n recoge los resultados de los estudios de 16 investigadores que se han acercado al concepto de comunicaci\u00f3n tributaria clara desde tres\u2026","rel":"","context":"In &quot;Comunicaci\u00f3n clara&quot;","img":{"alt_text":"","src":"https:\/\/i0.wp.com\/www.ub.edu\/edap\/wp-content\/uploads\/2025\/02\/WhatsApp-Image-2024-12-10-at-17.26.21.jpeg?fit=1052%2C1200&ssl=1&resize=350%2C200","width":350,"height":200},"classes":[]},{"id":3032,"url":"https:\/\/www.ub.edu\/edap\/?p=3032","url_meta":{"origin":3615,"position":5},"title":"\u00c9xito en la jornada &#8220;Opinions i creences sobre comunicaci\u00f3 tribut\u00e0ria&#8221;","date":"23 febrer 2024","format":false,"excerpt":"La C\u00e1tedra UB-DIBA de Comunicaci\u00f3n Clara Aplicada a las Administraciones P\u00fablicas, que dirige Estrella Montol\u00edo, ha reunido esta ma\u00f1ana a 300 profesionales del Organismo de Gesti\u00f3n Tributaria (ORGT) al servicio de la atenci\u00f3n ciudadana en un jornada que se ha presentado con el t\u00edtulo: Opinions i creences sobre comunicaci\u00f3 tribut\u00e0ria.\u2026","rel":"","context":"In &quot;C\u00e1tedra UB-DIBA&quot;","img":{"alt_text":"","src":"https:\/\/i0.wp.com\/www.ub.edu\/edap\/wp-content\/uploads\/2024\/02\/DSC_0475-scaled.jpg?fit=1200%2C800&ssl=1&resize=350%2C200","width":350,"height":200},"classes":[]}],"_links":{"self":[{"href":"https:\/\/www.ub.edu\/edap\/index.php?rest_route=\/wp\/v2\/posts\/3615"}],"collection":[{"href":"https:\/\/www.ub.edu\/edap\/index.php?rest_route=\/wp\/v2\/posts"}],"about":[{"href":"https:\/\/www.ub.edu\/edap\/index.php?rest_route=\/wp\/v2\/types\/post"}],"author":[{"embeddable":true,"href":"https:\/\/www.ub.edu\/edap\/index.php?rest_route=\/wp\/v2\/users\/5"}],"replies":[{"embeddable":true,"href":"https:\/\/www.ub.edu\/edap\/index.php?rest_route=%2Fwp%2Fv2%2Fcomments&post=3615"}],"version-history":[{"count":1,"href":"https:\/\/www.ub.edu\/edap\/index.php?rest_route=\/wp\/v2\/posts\/3615\/revisions"}],"predecessor-version":[{"id":3617,"href":"https:\/\/www.ub.edu\/edap\/index.php?rest_route=\/wp\/v2\/posts\/3615\/revisions\/3617"}],"wp:featuredmedia":[{"embeddable":true,"href":"https:\/\/www.ub.edu\/edap\/index.php?rest_route=\/wp\/v2\/media\/3616"}],"wp:attachment":[{"href":"https:\/\/www.ub.edu\/edap\/index.php?rest_route=%2Fwp%2Fv2%2Fmedia&parent=3615"}],"wp:term":[{"taxonomy":"category","embeddable":true,"href":"https:\/\/www.ub.edu\/edap\/index.php?rest_route=%2Fwp%2Fv2%2Fcategories&post=3615"},{"taxonomy":"post_tag","embeddable":true,"href":"https:\/\/www.ub.edu\/edap\/index.php?rest_route=%2Fwp%2Fv2%2Ftags&post=3615"}],"curies":[{"name":"wp","href":"https:\/\/api.w.org\/{rel}","templated":true}]}}