{"id":3618,"date":"2026-04-21T08:22:13","date_gmt":"2026-04-21T08:22:13","guid":{"rendered":"https:\/\/www.ub.edu\/edap\/?p=3618"},"modified":"2026-04-21T08:22:19","modified_gmt":"2026-04-21T08:22:19","slug":"irene-yufera-reflexiona-sobre-la-comunicacion-administrativa-en-quimera-revista-de-literatura","status":"publish","type":"post","link":"https:\/\/www.ub.edu\/edap\/?p=3618","title":{"rendered":"Irene Y\u00fafera reflexiona sobre la comunicaci\u00f3n administrativa en Quimera. Revista de literatura"},"content":{"rendered":"\n<p>Irene Y\u00fafera publica en el n\u00famero de abril de Quimera. Revista de literatura (#508) un art\u00edculo en que analiza c\u00f3mo el lenguaje administrativo puede generar exclusi\u00f3n e indefensi\u00f3n, y defiende la comunicaci\u00f3n clara como transformaci\u00f3n profunda que sit\u00faa a la ciudadan\u00eda en el centro.<\/p>\n\n\n\n<p>El texto parte de una idea contundente: la creaci\u00f3n y el funcionamiento del Estado son, en gran medida, procesos ling\u00fc\u00edsticos. La vida en com\u00fan, la convivencia y el ejercicio del poder se articulan a trav\u00e9s de palabras y documentos; por eso, lenguaje, realidad social y poder son dif\u00edciles de separar.<\/p>\n\n\n\n<p>La Administraci\u00f3n contempor\u00e1nea es la mayor m\u00e1quina de producci\u00f3n documental. Una parte de esa producci\u00f3n se dirige a la ciudadan\u00eda para informarla y, sobre todo, para que act\u00fae (haga tr\u00e1mites, responda, cumpla obligaciones). El problema aparece cuando esa comunicaci\u00f3n falla porque los textos no se entienden.<\/p>\n\n\n\n<p>El art\u00edculo pone de manifiesto que la incomprensi\u00f3n de textos administrativos afecta a nuestros derechos y que, aunque existan profesionales que \u201ctraduzcan\u201d esos textos, su mediaci\u00f3n implica tiempo y coste, y no todo el mundo puede pagarlo. Adem\u00e1s, un lenguaje cr\u00edptico alimenta la desafecci\u00f3n pol\u00edtica, la desconfianza y la sensaci\u00f3n de desinformaci\u00f3n.<\/p>\n\n\n\n<p>Y\u00fafera alude al trabajo valioso del grupo de investigaci\u00f3n EDAP, de la Universidad de Barcelona, que disecciona problemas t\u00edpicos en documentos administrativos, los analiza, propone mejoras. La investigadora, miembro de EDAP, se\u00f1ala aspectos cr\u00edticos que deben abordarse con solidez, como la intenci\u00f3n comunicativa y la relaci\u00f3n entre emisor y destinatario. En este sentido, como principio de mejora, propone construir el texto como un di\u00e1logo nosotros\u2013usted, con tono cort\u00e9s, que favorezca la confianza y la transparencia.<\/p>\n\n\n\n<p>La autora se\u00f1ala la incertidumbre que producen ciertos mensajes ambiguos, critica t\u00edtulos opacos (\u201cc\u00e9dula de citaci\u00f3n\u201d, \u201cprovidencia de apremio\u201d, etc.) y propone una soluci\u00f3n concreta: mantener el t\u00edtulo t\u00e9cnico si hace falta por seguridad jur\u00eddica, pero a\u00f1adir un subt\u00edtulo claro, y al inicio exponer el prop\u00f3sito y el contenido esencial del documento con claridad y concisi\u00f3n. Tambi\u00e9n tiene en cuenta un problema de arquitectura informativa: el orden en que se presenta la informaci\u00f3n no se adapta a las expectativas del lector, lo que dificulta que este localice lo importante.<\/p>\n\n\n\n<p>Se menciona en el art\u00edculo un rasgo igualmente interesante del\u00a0<em>burocrat\u00e9s<\/em>: la acumulaci\u00f3n de condicionales. Esta acumulaci\u00f3n crea demasiados \u201cmundos posibles\u201d. Montol\u00edo ya hablaba del poder de los \u201csi\u2026\u201d; y Bay\u00e9s (EDAP) lo actualiza como \u201cmultiverso\u201d en el discurso tributario en una de sus investigaciones recientes. Justamente, el art\u00edculo muestra un ejemplo de notificaci\u00f3n de deuda con varios \u201csi\u2026\u201d encadenados, que obligan al ciudadano a construir mentalmente escenarios complejos.<\/p>\n\n\n\n<p>El texto concluye reforzando la idea pol\u00edtica de fondo: el Estado necesita que la ciudadan\u00eda comprenda para poder ejercer derechos y cumplir obligaciones. Por eso, la comunicaci\u00f3n clara no es un adorno: es parte del funcionamiento democr\u00e1tico y del acceso igualitario a la Administraci\u00f3n.<\/p>\n","protected":false},"excerpt":{"rendered":"<p>Irene Y\u00fafera publica en el n\u00famero de abril de Quimera. Revista de literatura (#508) un art\u00edculo en que analiza c\u00f3mo el lenguaje administrativo puede generar exclusi\u00f3n e indefensi\u00f3n, y defiende la comunicaci\u00f3n clara como transformaci\u00f3n profunda que sit\u00faa a la ciudadan\u00eda en el centro. El texto parte de una idea contundente: la creaci\u00f3n y el [&hellip;]<\/p>\n","protected":false},"author":5,"featured_media":3622,"comment_status":"open","ping_status":"open","sticky":false,"template":"","format":"standard","meta":{"_et_pb_use_builder":"off","_et_pb_old_content":"","_et_gb_content_width":"","spay_email":"","jetpack_publicize_message":"","jetpack_is_tweetstorm":false,"jetpack_publicize_feature_enabled":true},"categories":[115,183,174,175,1,132],"tags":[118,178],"jetpack_publicize_connections":[],"jetpack_featured_media_url":"https:\/\/i0.wp.com\/www.ub.edu\/edap\/wp-content\/uploads\/2026\/04\/Captura-de-pantalla-2026-04-21-101851.jpg?fit=1051%2C712&ssl=1","jetpack_sharing_enabled":true,"jetpack_shortlink":"https:\/\/wp.me\/p7JAGE-Wm","jetpack-related-posts":[{"id":2602,"url":"https:\/\/www.ub.edu\/edap\/?p=2602","url_meta":{"origin":3618,"position":0},"title":"L&#8217;Ajuntament de L&#8217;Hospitalet forma a su personal en Comunicaci\u00f3n Clara","date":"15 maig 2023","format":false,"excerpt":"El Ayuntamiento de Hospitalet de Llobregat organiza sesiones de Comunicaci\u00f3n clara para personal directivo, jur\u00eddico, t\u00e9cnico y administrativo durante los meses de abril y mayo. La sesi\u00f3n de abril, dirigida a una audiencia formada por directivos municipales, ha contado con la intervenci\u00f3n de Estrella Montol\u00edo y M.\u00c1ngeles Garcia Asensio. La\u2026","rel":"","context":"In &quot;Comunicaci\u00f3n clara&quot;","img":{"alt_text":"","src":"https:\/\/i0.wp.com\/www.ub.edu\/edap\/wp-content\/uploads\/2023\/05\/logoLHPositiuNegreCen.png?fit=599%2C260&ssl=1&resize=350%2C200","width":350,"height":200},"classes":[]},{"id":3068,"url":"https:\/\/www.ub.edu\/edap\/?p=3068","url_meta":{"origin":3618,"position":1},"title":"Desarrollando competencias para la comunicaci\u00f3n administrativa clara","date":"21 mar\u00e7 2024","format":false,"excerpt":"M\u00aa \u00c1ngeles Garc\u00eda Asensio y Jorge Franganillo, investigadores agregados a la C\u00e1tedra UB DIBA de Comunicaci\u00f3n Clara Aplicada a las Administraciones P\u00fablicas, junto con Irene Y\u00fafera, profesora de la Facultad de Educaci\u00f3n y coautora de la \u00a0Gu\u00eda para el uso de un lenguaje m\u00e1s inclusivo e igualitario, han impartido el\u2026","rel":"","context":"In &quot;C\u00e1tedra UB-DIBA&quot;","img":{"alt_text":"","src":"https:\/\/i0.wp.com\/www.ub.edu\/edap\/wp-content\/uploads\/2024\/03\/iaap-lenguaje-claro-256-4.png?fit=777%2C636&ssl=1&resize=350%2C200","width":350,"height":200},"classes":[]},{"id":3494,"url":"https:\/\/www.ub.edu\/edap\/?p=3494","url_meta":{"origin":3618,"position":2},"title":"La 47.\u00aa promoci\u00f3n de letrados de la Administraci\u00f3n de Justicia reciben formaci\u00f3n en comunicaci\u00f3n clara","date":"16 setembre 2025","format":false,"excerpt":"M-\u00aa \u00c1ngeles Garc\u00eda Asensio ha impartido dos talleres sobre \"Lenguaje claro e inclusivo\" a la 47.\u00aa promoci\u00f3n de letrados de la Administraci\u00f3n de Justicia. Los talleres forman parte de los cursos de formaci\u00f3n inicial que organiza el centro de Estudios Jur\u00eddicos, con sede en Madrid. Los talleres se han impartido\u2026","rel":"","context":"In &quot;Comunicaci\u00f3n clara&quot;","img":{"alt_text":"","src":"https:\/\/i0.wp.com\/www.ub.edu\/edap\/wp-content\/uploads\/2025\/09\/logo-cej.jpg?fit=375%2C250&ssl=1&resize=350%2C200","width":350,"height":200},"classes":[]},{"id":2681,"url":"https:\/\/www.ub.edu\/edap\/?p=2681","url_meta":{"origin":3618,"position":3},"title":"El Ministerio de Justicia publica las nuevas gu\u00edas de comunicaci\u00f3n judicial clara e inclusiva de las que somos autores","date":"6 juliol 2023","format":false,"excerpt":"El Ministerio de Justicia apuesta por el lenguaje claro e inclusivo. El pasado 29 de junio se celebr\u00f3 en el Ministerio de Justicia la sesi\u00f3n constitutiva de la Comisi\u00f3n para la Claridad y Modernizaci\u00f3n del Lenguaje Jur\u00eddico.\u00a0 En este acto, tambi\u00e9n se presentaron la\u00a0Gu\u00eda de redacci\u00f3n judicial clara. El derecho\u2026","rel":"","context":"In &quot;Comunicaci\u00f3n clara&quot;","img":{"alt_text":"","src":"https:\/\/i0.wp.com\/www.ub.edu\/edap\/wp-content\/uploads\/2023\/07\/Constitucion-comision-clarificacion-y-modernizacion-lenguaje-juridico.png?fit=848%2C562&ssl=1&resize=350%2C200","width":350,"height":200},"classes":[]},{"id":3086,"url":"https:\/\/www.ub.edu\/edap\/?p=3086","url_meta":{"origin":3618,"position":4},"title":"EDAP vuelve a coordinar y a impartir formaci\u00f3n en escritura judicial clara y oratoria para la Fiscal\u00eda General del Estado","date":"3 abril 2024","format":false,"excerpt":"La\u00a0Fiscal\u00eda General del Estado\u00a0sigue promoviendo en sus comunicaciones el uso de un lenguaje claro que garantice el derecho ciudadano a entender a las Administraciones. Por segundo a\u00f1o consecutivo, y dentro del Plan de Formaci\u00f3n de la Carrera Fiscal, Estrella Montol\u00edo ha coordinado una formaci\u00f3n en escritura judicial clara y oratoria\u2026","rel":"","context":"In &quot;Comunicaci\u00f3n clara&quot;","img":{"alt_text":"","src":"https:\/\/i0.wp.com\/www.ub.edu\/edap\/wp-content\/uploads\/2024\/04\/Fiscales_2024.jpg?fit=1200%2C900&ssl=1&resize=350%2C200","width":350,"height":200},"classes":[]},{"id":2937,"url":"https:\/\/www.ub.edu\/edap\/?p=2937","url_meta":{"origin":3618,"position":5},"title":"Presentamos las gu\u00edas de redacci\u00f3n judicial clara e inclusiva en el Centre d\u2019Estudis Jur\u00eddics i Formaci\u00f3 Especialitzada","date":"13 desembre 2023","format":false,"excerpt":"M.\u00aa \u00c1ngeles Garc\u00eda e Irene Y\u00fafera cierran el a\u00f1o acudiendo al Centre d\u2019Estudis Jur\u00eddics i Formaci\u00f3 Especialitzada de Barcelona para presentar la Gu\u00eda de redacci\u00f3n judicial clara y la Gu\u00eda para el uso de un lenguaje m\u00e1s inclusivo e igualitario, de las que son, respectivamente, coautora, junto con Estrella Montol\u00edo,\u2026","rel":"","context":"In &quot;Comunicaci\u00f3n clara&quot;","img":{"alt_text":"","src":"https:\/\/i0.wp.com\/www.ub.edu\/edap\/wp-content\/uploads\/2023\/12\/cejfe_v3.jpg?fit=371%2C208&ssl=1&resize=350%2C200","width":350,"height":200},"classes":[]}],"_links":{"self":[{"href":"https:\/\/www.ub.edu\/edap\/index.php?rest_route=\/wp\/v2\/posts\/3618"}],"collection":[{"href":"https:\/\/www.ub.edu\/edap\/index.php?rest_route=\/wp\/v2\/posts"}],"about":[{"href":"https:\/\/www.ub.edu\/edap\/index.php?rest_route=\/wp\/v2\/types\/post"}],"author":[{"embeddable":true,"href":"https:\/\/www.ub.edu\/edap\/index.php?rest_route=\/wp\/v2\/users\/5"}],"replies":[{"embeddable":true,"href":"https:\/\/www.ub.edu\/edap\/index.php?rest_route=%2Fwp%2Fv2%2Fcomments&post=3618"}],"version-history":[{"count":3,"href":"https:\/\/www.ub.edu\/edap\/index.php?rest_route=\/wp\/v2\/posts\/3618\/revisions"}],"predecessor-version":[{"id":3623,"href":"https:\/\/www.ub.edu\/edap\/index.php?rest_route=\/wp\/v2\/posts\/3618\/revisions\/3623"}],"wp:featuredmedia":[{"embeddable":true,"href":"https:\/\/www.ub.edu\/edap\/index.php?rest_route=\/wp\/v2\/media\/3622"}],"wp:attachment":[{"href":"https:\/\/www.ub.edu\/edap\/index.php?rest_route=%2Fwp%2Fv2%2Fmedia&parent=3618"}],"wp:term":[{"taxonomy":"category","embeddable":true,"href":"https:\/\/www.ub.edu\/edap\/index.php?rest_route=%2Fwp%2Fv2%2Fcategories&post=3618"},{"taxonomy":"post_tag","embeddable":true,"href":"https:\/\/www.ub.edu\/edap\/index.php?rest_route=%2Fwp%2Fv2%2Ftags&post=3618"}],"curies":[{"name":"wp","href":"https:\/\/api.w.org\/{rel}","templated":true}]}}