{"id":3624,"date":"2026-04-21T09:52:31","date_gmt":"2026-04-21T09:52:31","guid":{"rendered":"https:\/\/www.ub.edu\/edap\/?p=3624"},"modified":"2026-04-21T10:02:54","modified_gmt":"2026-04-21T10:02:54","slug":"edap-analiza-el-discurso-tributario-en-el-congreso-aesla-2026","status":"publish","type":"post","link":"https:\/\/www.ub.edu\/edap\/?p=3624","title":{"rendered":"EDAP presenta resultados en el congreso AESLA 2026"},"content":{"rendered":"\n<p>Los investigadores del grupo EDAP (Estudios del Discurso Acad\u00e9mico y Profesional) han participado en el 43.\u00ba Congreso Internacional de la Asociaci\u00f3n Espa\u00f1ola de Ling\u00fc\u00edstica Aplicada (AESLA), celebrado entre el 15 y 17 de abril de 2026 en Granada. <\/p>\n\n\n\n<p>En este contexto, Mar Forment, Fernando Polanco y Marc Bay\u00e9s presentaron diversas investigaciones centradas en un reto que afecta directamente a la ciudadan\u00eda: la dificultad para entender los textos de la Administraci\u00f3n tributaria y la necesidad de avanzar hacia una comunicaci\u00f3n tributaria m\u00e1s clara y accesible.<\/p>\n\n\n\n<figure class=\"wp-block-image size-large\"><a href=\"https:\/\/i0.wp.com\/www.ub.edu\/edap\/wp-content\/uploads\/2026\/04\/WhatsApp-Image-2026-04-18-at-10.10.39-2.jpeg?ssl=1\"><img loading=\"lazy\" width=\"1024\" height=\"768\" data-attachment-id=\"3630\" data-permalink=\"https:\/\/www.ub.edu\/edap\/?attachment_id=3630\" data-orig-file=\"https:\/\/i0.wp.com\/www.ub.edu\/edap\/wp-content\/uploads\/2026\/04\/WhatsApp-Image-2026-04-18-at-10.10.39-2.jpeg?fit=1600%2C1200&amp;ssl=1\" data-orig-size=\"1600,1200\" data-comments-opened=\"1\" data-image-meta=\"{&quot;aperture&quot;:&quot;0&quot;,&quot;credit&quot;:&quot;&quot;,&quot;camera&quot;:&quot;&quot;,&quot;caption&quot;:&quot;&quot;,&quot;created_timestamp&quot;:&quot;0&quot;,&quot;copyright&quot;:&quot;&quot;,&quot;focal_length&quot;:&quot;0&quot;,&quot;iso&quot;:&quot;0&quot;,&quot;shutter_speed&quot;:&quot;0&quot;,&quot;title&quot;:&quot;&quot;,&quot;orientation&quot;:&quot;0&quot;}\" data-image-title=\"WhatsApp-Image-2026-04-18-at-10.10.39-2\" data-image-description=\"\" data-image-caption=\"\" data-medium-file=\"https:\/\/i0.wp.com\/www.ub.edu\/edap\/wp-content\/uploads\/2026\/04\/WhatsApp-Image-2026-04-18-at-10.10.39-2.jpeg?fit=300%2C225&amp;ssl=1\" data-large-file=\"https:\/\/i0.wp.com\/www.ub.edu\/edap\/wp-content\/uploads\/2026\/04\/WhatsApp-Image-2026-04-18-at-10.10.39-2.jpeg?fit=1024%2C768&amp;ssl=1\" src=\"https:\/\/i0.wp.com\/www.ub.edu\/edap\/wp-content\/uploads\/2026\/04\/WhatsApp-Image-2026-04-18-at-10.10.39-2.jpeg?resize=1024%2C768&#038;ssl=1\" alt=\"\" class=\"wp-image-3630\" srcset=\"https:\/\/www.ub.edu\/edap\/wp-content\/uploads\/2026\/04\/WhatsApp-Image-2026-04-18-at-10.10.39-2-980x735.jpeg 980w, https:\/\/www.ub.edu\/edap\/wp-content\/uploads\/2026\/04\/WhatsApp-Image-2026-04-18-at-10.10.39-2-480x360.jpeg 480w\" sizes=\"(min-width: 0px) and (max-width: 480px) 480px, (min-width: 481px) and (max-width: 980px) 980px, (min-width: 981px) 1024px, 100vw\" data-recalc-dims=\"1\" \/><\/a><\/figure>\n\n\n\n<p>Las contribuciones de Mar Forment Fern\u00e1ndez abordaron dos aspectos clave del discurso tributario. Por un lado, analiz\u00f3, en un trabajo elaborado junto a Estrella Montol\u00edo Dur\u00e1n, c\u00f3mo perciben los asesores fiscales la comunicaci\u00f3n dirigida a la ciudadan\u00eda, a partir de una encuesta a m\u00e1s de 400 profesionales del sector. Los resultados muestran una percepci\u00f3n ampliamente compartida de que los textos tributarios resultan dif\u00edciles de entender, incluso para personas expertas, debido al uso de lenguaje excesivamente t\u00e9cnico, frases complejas, referencias normativas poco contextualizadas y una organizaci\u00f3n textual que no siempre facilita localizar la informaci\u00f3n relevante. El estudio subraya que mejorar estos aspectos no solo facilitar\u00eda el cumplimiento de las obligaciones fiscales, sino que tambi\u00e9n contribuir\u00eda a reforzar la confianza de la ciudadan\u00eda en la Administraci\u00f3n.<\/p>\n\n\n\n<p>Por otro lado, Mar Forment puso el foco en un elemento menos visible pero fundamental del lenguaje tributario: el papel de los adjetivos en la configuraci\u00f3n de la terminolog\u00eda especializada. Expresiones como <em>periodo ejecutivo<\/em> o <em>actuaci\u00f3n inspectora<\/em> muestran c\u00f3mo palabras aparentemente comunes adquieren significados muy precisos en este \u00e1mbito. La investigaci\u00f3n demuestra que los adjetivos no son accesorios, sino piezas clave que definen y fijan el sentido t\u00e9cnico de muchos t\u00e9rminos, lo que puede dificultar la comprensi\u00f3n si no se explican adecuadamente. Esta l\u00ednea de trabajo destaca la importancia de revisar y hacer m\u00e1s transparente la terminolog\u00eda cuando los textos se dirigen a la ciudadan\u00eda.<\/p>\n\n\n\n<p>La contribuci\u00f3n de Fernando Polanco, que recogi\u00f3 los resultados de un trabajo conjunto con Estrella Montol\u00edo Dur\u00e1n, se centr\u00f3 en analizar c\u00f3mo el tono y la forma del discurso tributario influyen en la relaci\u00f3n entre la Administraci\u00f3n y las personas contribuyentes. Su estudio pone de relieve que determinados usos ling\u00fc\u00edsticos pueden generar sensaci\u00f3n de distancia, presi\u00f3n o desequilibrio comunicativo, debido a la asimetr\u00eda entre quien emite el mensaje y quien lo recibe. Desde esta perspectiva, el trabajo muestra que no basta con que los textos sean jur\u00eddicamente correctos: tambi\u00e9n es necesario cuidar la manera de comunicar para evitar la incomprensi\u00f3n y el malestar, incorporando principios de lenguaje claro y comunicaci\u00f3n respetuosa.<\/p>\n\n\n\n<figure class=\"wp-block-image size-large\"><a href=\"https:\/\/i0.wp.com\/www.ub.edu\/edap\/wp-content\/uploads\/2026\/04\/WhatsApp-Image-2026-04-18-at-11.17.13.jpeg?ssl=1\"><img loading=\"lazy\" width=\"1024\" height=\"768\" data-attachment-id=\"3631\" data-permalink=\"https:\/\/www.ub.edu\/edap\/?attachment_id=3631\" data-orig-file=\"https:\/\/i0.wp.com\/www.ub.edu\/edap\/wp-content\/uploads\/2026\/04\/WhatsApp-Image-2026-04-18-at-11.17.13.jpeg?fit=1600%2C1200&amp;ssl=1\" data-orig-size=\"1600,1200\" data-comments-opened=\"1\" data-image-meta=\"{&quot;aperture&quot;:&quot;0&quot;,&quot;credit&quot;:&quot;&quot;,&quot;camera&quot;:&quot;&quot;,&quot;caption&quot;:&quot;&quot;,&quot;created_timestamp&quot;:&quot;0&quot;,&quot;copyright&quot;:&quot;&quot;,&quot;focal_length&quot;:&quot;0&quot;,&quot;iso&quot;:&quot;0&quot;,&quot;shutter_speed&quot;:&quot;0&quot;,&quot;title&quot;:&quot;&quot;,&quot;orientation&quot;:&quot;0&quot;}\" data-image-title=\"WhatsApp-Image-2026-04-18-at-11.17.13\" data-image-description=\"\" data-image-caption=\"\" data-medium-file=\"https:\/\/i0.wp.com\/www.ub.edu\/edap\/wp-content\/uploads\/2026\/04\/WhatsApp-Image-2026-04-18-at-11.17.13.jpeg?fit=300%2C225&amp;ssl=1\" data-large-file=\"https:\/\/i0.wp.com\/www.ub.edu\/edap\/wp-content\/uploads\/2026\/04\/WhatsApp-Image-2026-04-18-at-11.17.13.jpeg?fit=1024%2C768&amp;ssl=1\" src=\"https:\/\/i0.wp.com\/www.ub.edu\/edap\/wp-content\/uploads\/2026\/04\/WhatsApp-Image-2026-04-18-at-11.17.13.jpeg?resize=1024%2C768&#038;ssl=1\" alt=\"\" class=\"wp-image-3631\" srcset=\"https:\/\/www.ub.edu\/edap\/wp-content\/uploads\/2026\/04\/WhatsApp-Image-2026-04-18-at-11.17.13-980x735.jpeg 980w, https:\/\/www.ub.edu\/edap\/wp-content\/uploads\/2026\/04\/WhatsApp-Image-2026-04-18-at-11.17.13-480x360.jpeg 480w\" sizes=\"(min-width: 0px) and (max-width: 480px) 480px, (min-width: 481px) and (max-width: 980px) 980px, (min-width: 981px) 1024px, 100vw\" data-recalc-dims=\"1\" \/><\/a><\/figure>\n\n\n\n<p>Por su parte, Marc Bay\u00e9s Gil analiz\u00f3 distintos rasgos ling\u00fc\u00edsticos concretos de los documentos tributarios habituales; concretamente, las notificaciones y algunos de sus subg\u00e9neros. En la primera de sus dos comunicaciones, llevada a cabo con Mar\u00eda \u00c1ngeles Garc\u00eda Asensio, examin\u00f3 la estructura de las frases, y demostr\u00f3 a partir del corpus que, aunque en muchos casos las estructuras sint\u00e1cticas no son especialmente largas, contienen partes internas complejas que dificultan la lectura y la comprensi\u00f3n del texto. En la segunda de sus intervenciones, present\u00f3 un estudio exploratorio sobre el uso de listas y enumeraciones, un recurso habitualmente recomendado para mejorar la claridad. El an\u00e1lisis pone de manifiesto que estos mecanismos no siempre facilitan la comprensi\u00f3n y que, si se utilizan sin un dise\u00f1o adecuado, pueden generar confusi\u00f3n en lugar de claridad. Por ello, la investigaci\u00f3n propone aplicar las recomendaciones en relaci\u00f3n con la elaboraci\u00f3n de listas y enumeraciones de forma m\u00e1s reflexiva y adaptada a las necesidades reales de los lectores.<\/p>\n","protected":false},"excerpt":{"rendered":"<p>Los investigadores del grupo EDAP (Estudios del Discurso Acad\u00e9mico y Profesional) han participado en el 43.\u00ba Congreso Internacional de la Asociaci\u00f3n Espa\u00f1ola de Ling\u00fc\u00edstica Aplicada (AESLA), celebrado entre el 15 y 17 de abril de 2026 en Granada. En este contexto, Mar Forment, Fernando Polanco y Marc Bay\u00e9s presentaron diversas investigaciones centradas en un reto [&hellip;]<\/p>\n","protected":false},"author":5,"featured_media":3625,"comment_status":"open","ping_status":"open","sticky":false,"template":"","format":"standard","meta":{"_et_pb_use_builder":"off","_et_pb_old_content":"","_et_gb_content_width":"","spay_email":"","jetpack_publicize_message":"","jetpack_is_tweetstorm":false,"jetpack_publicize_feature_enabled":true},"categories":[115,174,141,175,181,132],"tags":[118,113,102,105,136,185,135],"jetpack_publicize_connections":[],"jetpack_featured_media_url":"https:\/\/i0.wp.com\/www.ub.edu\/edap\/wp-content\/uploads\/2026\/04\/Captura-de-pantalla-2026-04-21-114750.png?fit=800%2C603&ssl=1","jetpack_sharing_enabled":true,"jetpack_shortlink":"https:\/\/wp.me\/p7JAGE-Ws","jetpack-related-posts":[{"id":2728,"url":"https:\/\/www.ub.edu\/edap\/?p=2728","url_meta":{"origin":3624,"position":0},"title":"Ultiman los detalles para la celebraci\u00f3n de las jornadas de Comunicaci\u00f3n Tributaria Clara","date":"8 octubre 2023","format":false,"excerpt":"Miembros del Comit\u00e9 de direcci\u00f3n de la C\u00e1tedra UB DIBA de Comunicaci\u00f3n Clara Aplicada a las Administraciones P\u00fablicas se re\u00fanen con los equipos que colaboran con la organizaci\u00f3n de las Jornadas de comunicaci\u00f3n tributaria clara. La reuni\u00f3n, itinerante, ha transcurrido por las instalaciones del Paraninfo de la Escuela Industrial, un\u2026","rel":"","context":"In &quot;C\u00e1tedra UB-DIBA&quot;","img":{"alt_text":"","src":"https:\/\/i0.wp.com\/www.ub.edu\/edap\/wp-content\/uploads\/2023\/10\/f7bc3a31-694a-4590-ae02-201cbad4d5c3.jpg?fit=1200%2C900&ssl=1&resize=350%2C200","width":350,"height":200},"classes":[]},{"id":2131,"url":"https:\/\/www.ub.edu\/edap\/?p=2131","url_meta":{"origin":3624,"position":1},"title":"EDAP presenta la C\u00e1tedra UB-DIBA de Comunicaci\u00f3n Clara aplicada a las Administraciones P\u00fablicas en Cartagena","date":"28 octubre 2022","format":false,"excerpt":"La Dra. Mar Forment present\u00f3 la C\u00e1tedra UB-DIBA el pasado septiembre en el marco del VII Congreso Internacional de Transparencia y Gobierno Abierto, celebrado en Cartagena (Murcia). Uno de los aspectos que comparti\u00f3 Forment, miembro de EDAP y vicedirectora de esta c\u00e1tedra, fue el plan general de desarrollo, que prev\u00e9\u2026","rel":"","context":"In &quot;Behavioural linguistics-nudging&quot;","img":{"alt_text":"","src":"https:\/\/i0.wp.com\/www.ub.edu\/edap\/wp-content\/uploads\/2022\/10\/Imagen4.jpg?resize=350%2C200&ssl=1","width":350,"height":200},"classes":[]},{"id":2396,"url":"https:\/\/www.ub.edu\/edap\/?p=2396","url_meta":{"origin":3624,"position":2},"title":"Avanzamos en la elaboraci\u00f3n del corpus ComTClar","date":"20 octubre 2022","format":false,"excerpt":"Hoy hemos mantenido una reuni\u00f3n con Iv\u00e1n Mes\u00f3n, subdirector del \u00e1rea de Recaudaci\u00f3n Ejecutiva de la Agencia Tributaria espa\u00f1ola, en relaci\u00f3n con la compilaci\u00f3n del corpus para nuestro proyecto de investigaci\u00f3n ComTClar (Comunicaci\u00f3n Tributaria Clara). Este corpus, pionero en el mundo hispanohablante, constituye uno de los retos capitales del proyecto\u2026","rel":"","context":"In &quot;reuni\u00f3n de trabajo&quot;","img":{"alt_text":"","src":"https:\/\/i0.wp.com\/www.ub.edu\/edap\/wp-content\/uploads\/2023\/02\/comtclar.png?fit=357%2C268&ssl=1&resize=350%2C200","width":350,"height":200},"classes":[]},{"id":3506,"url":"https:\/\/www.ub.edu\/edap\/?p=3506","url_meta":{"origin":3624,"position":3},"title":"Hacia una comunicaci\u00f3n tributaria m\u00e1s clara: presentaci\u00f3n del libro &#8220;Comunicaci\u00f3n tributaria clara Una aproximaci\u00f3n interdisciplinar&#8221;","date":"21 octubre 2025","format":false,"excerpt":"Presentamos en l\u00ednea Comunicaci\u00f3n Tributaria Clara. Una aproximaci\u00f3n interdisciplinar. La presentaci\u00f3n tendr\u00e1 lugar el pr\u00f3ximo 27 de octubre a las 17:00 (Buenos Aires) \/ 22:00 (Espa\u00f1a). Inscripci\u00f3n previa: https:\/\/us02web.zoom.us\/meeting\/register\/SXg1G4stQxmSLHSGmEGf0Q#\/registration Este volumen, que presentamos por primera vez en Hispanoam\u00e9rica, es fruto del proyecto de investigaci\u00f3n El Derecho a Entender la Comunicaci\u00f3n\u2026","rel":"","context":"In &quot;C\u00e1tedra UB-DIBA&quot;","img":{"alt_text":"","src":"https:\/\/i0.wp.com\/www.ub.edu\/edap\/wp-content\/uploads\/2025\/10\/WhatsApp-Image-2025-10-21-at-08.06.30.jpeg?fit=851%2C1200&ssl=1&resize=350%2C200","width":350,"height":200},"classes":[]},{"id":2000,"url":"https:\/\/www.ub.edu\/edap\/?p=2000","url_meta":{"origin":3624,"position":4},"title":"Edap presenta el proyecto sobre el derecho a entender la comunicaci\u00f3n tributaria en 39 Congreso de la Asociaci\u00f3n Espa\u00f1ola de Ling\u00fc\u00edstica Aplicada (AESLA)","date":"30 juny 2022","format":false,"excerpt":"Estrella Montol\u00edo, Mar Forment y Fernando Polanco aprovecharon un receso del 39 Congreso de AESLA, en el que presentaron varias ponencias relacionadas con el proyecto El derecho a entender la Comunicaci\u00f3n Tributaria\u2026, para tomarse una foto en la oficina de recaudaci\u00f3n municipal de Las Palmas de Gran Canaria.","rel":"","context":"In &quot;Congresos&quot;","img":{"alt_text":"","src":"https:\/\/i0.wp.com\/www.ub.edu\/edap\/wp-content\/uploads\/2022\/06\/LA-palma.png?fit=567%2C425&ssl=1&resize=350%2C200","width":350,"height":200},"classes":[]},{"id":2550,"url":"https:\/\/www.ub.edu\/edap\/?p=2550","url_meta":{"origin":3624,"position":5},"title":"Mar Forment en el programa Un tema al d\u00eda","date":"20 abril 2023","format":false,"excerpt":"Juan Luis S\u00e1nchez, periodista de eldiario.es, entrevista a Mar Forment en Un tema al d\u00eda. El programa, dedicado a las dificultades que entra\u00f1a hacer la declaraci\u00f3n de la renta, ha sido el espacio perfecto para abordar los problemas de comprensi\u00f3n que genera este documento. Forment explica que no \"conviene creer\u2026","rel":"","context":"In &quot;Comunicaci\u00f3n clara&quot;","img":{"alt_text":"","src":"https:\/\/i0.wp.com\/www.ub.edu\/edap\/wp-content\/uploads\/2023\/04\/microfono.jpg?fit=1200%2C800&ssl=1&resize=350%2C200","width":350,"height":200},"classes":[]}],"_links":{"self":[{"href":"https:\/\/www.ub.edu\/edap\/index.php?rest_route=\/wp\/v2\/posts\/3624"}],"collection":[{"href":"https:\/\/www.ub.edu\/edap\/index.php?rest_route=\/wp\/v2\/posts"}],"about":[{"href":"https:\/\/www.ub.edu\/edap\/index.php?rest_route=\/wp\/v2\/types\/post"}],"author":[{"embeddable":true,"href":"https:\/\/www.ub.edu\/edap\/index.php?rest_route=\/wp\/v2\/users\/5"}],"replies":[{"embeddable":true,"href":"https:\/\/www.ub.edu\/edap\/index.php?rest_route=%2Fwp%2Fv2%2Fcomments&post=3624"}],"version-history":[{"count":6,"href":"https:\/\/www.ub.edu\/edap\/index.php?rest_route=\/wp\/v2\/posts\/3624\/revisions"}],"predecessor-version":[{"id":3637,"href":"https:\/\/www.ub.edu\/edap\/index.php?rest_route=\/wp\/v2\/posts\/3624\/revisions\/3637"}],"wp:featuredmedia":[{"embeddable":true,"href":"https:\/\/www.ub.edu\/edap\/index.php?rest_route=\/wp\/v2\/media\/3625"}],"wp:attachment":[{"href":"https:\/\/www.ub.edu\/edap\/index.php?rest_route=%2Fwp%2Fv2%2Fmedia&parent=3624"}],"wp:term":[{"taxonomy":"category","embeddable":true,"href":"https:\/\/www.ub.edu\/edap\/index.php?rest_route=%2Fwp%2Fv2%2Fcategories&post=3624"},{"taxonomy":"post_tag","embeddable":true,"href":"https:\/\/www.ub.edu\/edap\/index.php?rest_route=%2Fwp%2Fv2%2Ftags&post=3624"}],"curies":[{"name":"wp","href":"https:\/\/api.w.org\/{rel}","templated":true}]}}