{"id":6104,"date":"2018-09-20T15:40:05","date_gmt":"2018-09-20T13:40:05","guid":{"rendered":"http:\/\/www.ub.edu\/enxarxats\/?p=6104"},"modified":"2025-03-24T14:47:15","modified_gmt":"2025-03-24T13:47:15","slug":"activitats-de-lany-fabra","status":"publish","type":"post","link":"https:\/\/www.ub.edu\/enxarxats\/activitats-de-lany-fabra.html","title":{"rendered":"Activitats de l&#8217;Any Fabra"},"content":{"rendered":"<p>La Universitat de Barcelona commemora l\u2019Any Fabra amb l&#8217;exposici\u00f3 &#8220;<a href=\"http:\/\/filcat.ub.edu\/agenda\/exposicio-pompeu-fabra-i-la-universitat\">Pompeu Fabra i la Universitat<\/a>&#8221; amb l&#8217;\u00e0nim de retre un merescut homenatge al ling\u00fcista i gram\u00e0tic, d&#8217;una banda, i de subratllar-ne la vinculaci\u00f3 amb la instituci\u00f3 universit\u00e0ria com a docent i com a gestor, de l&#8217;altra.<\/p>\n<p><img loading=\"lazy\" decoding=\"async\" class=\"size-full wp-image-6106 alignnone\" src=\"https:\/\/www.ub.edu\/enxarxats\/wp-content\/uploads\/2018\/09\/postal_expo_pompeufabra_ub_p001.jpg\" alt=\"\" width=\"591\" height=\"886\" \/><\/p>\n<p style=\"text-align: justify;\">L&#8217;exposici\u00f3, que es va inaugurar dimarts, 18 de setembre, es pot visitar fins al 22 d\u2019octubre al vest\u00edbul principal de l\u2019Edifici Hist\u00f2ric de la UB.<\/p>\n<p style=\"text-align: justify;\">Completa aquest homenatge a Fabra la jornada\u00a0<a href=\"http:\/\/filcat.ub.edu\/sites\/default\/files\/webfm\/programa_jornada_any_fabra_-_20180724.pdf\">&#8220;Fabra, a la Universitat i de la Universitat&#8221;<\/a>, que tindr\u00e0 lloc el 9 de novembre a l&#8217;aula Capella de la Facultat de Filologia. Per poder participar-hi us hi heu d&#8217;inscriure\u00a0a trav\u00e9s d&#8217;aquest\u00a0formulari.<\/p>\n<p>Us hi esperem!<\/p>\n<p>&nbsp;<\/p>\n<p>&nbsp;<\/p>\n","protected":false},"excerpt":{"rendered":"<p>La Universitat de Barcelona commemora l\u2019Any Fabra amb l&#8217;exposici\u00f3 &#8220;Pompeu Fabra i la Universitat&#8221; amb l&#8217;\u00e0nim de retre un merescut homenatge al ling\u00fcista i gram\u00e0tic, d&#8217;una banda, i de subratllar-ne la vinculaci\u00f3 amb la instituci\u00f3 <a class=\"more-link\" href=\"https:\/\/www.ub.edu\/enxarxats\/activitats-de-lany-fabra.html\">Continua llegint \u2192<\/a><\/p>\n","protected":false},"author":1,"featured_media":6106,"comment_status":"closed","ping_status":"open","sticky":false,"template":"","format":"standard","meta":{"footnotes":""},"categories":[99],"tags":[133,17],"class_list":["post-6104","post","type-post","status-publish","format-standard","has-post-thumbnail","hentry","category-filologia","tag-any-fabra","tag-exposicio"],"_links":{"self":[{"href":"https:\/\/www.ub.edu\/enxarxats\/wp-json\/wp\/v2\/posts\/6104","targetHints":{"allow":["GET"]}}],"collection":[{"href":"https:\/\/www.ub.edu\/enxarxats\/wp-json\/wp\/v2\/posts"}],"about":[{"href":"https:\/\/www.ub.edu\/enxarxats\/wp-json\/wp\/v2\/types\/post"}],"author":[{"embeddable":true,"href":"https:\/\/www.ub.edu\/enxarxats\/wp-json\/wp\/v2\/users\/1"}],"replies":[{"embeddable":true,"href":"https:\/\/www.ub.edu\/enxarxats\/wp-json\/wp\/v2\/comments?post=6104"}],"version-history":[{"count":12,"href":"https:\/\/www.ub.edu\/enxarxats\/wp-json\/wp\/v2\/posts\/6104\/revisions"}],"predecessor-version":[{"id":8856,"href":"https:\/\/www.ub.edu\/enxarxats\/wp-json\/wp\/v2\/posts\/6104\/revisions\/8856"}],"wp:featuredmedia":[{"embeddable":true,"href":"https:\/\/www.ub.edu\/enxarxats\/wp-json\/wp\/v2\/media\/6106"}],"wp:attachment":[{"href":"https:\/\/www.ub.edu\/enxarxats\/wp-json\/wp\/v2\/media?parent=6104"}],"wp:term":[{"taxonomy":"category","embeddable":true,"href":"https:\/\/www.ub.edu\/enxarxats\/wp-json\/wp\/v2\/categories?post=6104"},{"taxonomy":"post_tag","embeddable":true,"href":"https:\/\/www.ub.edu\/enxarxats\/wp-json\/wp\/v2\/tags?post=6104"}],"curies":[{"name":"wp","href":"https:\/\/api.w.org\/{rel}","templated":true}]}}