{"id":6116,"date":"2018-09-26T11:42:44","date_gmt":"2018-09-26T09:42:44","guid":{"rendered":"http:\/\/www.ub.edu\/enxarxats\/?p=6116"},"modified":"2019-02-01T10:19:43","modified_gmt":"2019-02-01T09:19:43","slug":"i-festa-fes-te-de-la-llengua","status":"publish","type":"post","link":"https:\/\/www.ub.edu\/enxarxats\/i-festa-fes-te-de-la-llengua.html","title":{"rendered":"I Festa Fes-te de la Llengua"},"content":{"rendered":"<p style=\"text-align: justify;\">El 19 d\u2019octubre se celebra la\u00a0<a href=\"https:\/\/docs.google.com\/forms\/d\/e\/1FAIpQLScWA9XoaFiz5vzLrILp0KKMgd66uBGz4GVBEYAPcWJBwcgBLQ\/viewform\" target=\"_blank\" rel=\"noopener\" data-saferedirecturl=\"https:\/\/www.google.com\/url?q=http:\/\/www.iec.cat\/activitats\/imatges\/banner_lateral\/festafestedelallengua_logosbe.pdf&amp;source=gmail&amp;ust=1537681859962000&amp;usg=AFQjCNEhNpwNoofALCy2iu0U-ABCG2JSKw\">I Festa Fes-te de la Llengua<\/a>\u00a0als Jardins del Palau Robert de Barcelona, de 20.00 a 00.00, amb la voluntat que la llengua catalana sigui el centre de la celebraci\u00f3 festiva. Aquesta primera edici\u00f3 es vol dedicar al professorat de catal\u00e0 de secund\u00e0ria i batxillerat i als estudiants de Filologia Catalana, que en seran professors en un futur.<\/p>\n<div id=\"attachment_6123\" style=\"width: 760px\" class=\"wp-caption aligncenter\"><img loading=\"lazy\" decoding=\"async\" aria-describedby=\"caption-attachment-6123\" class=\"size-full wp-image-6123\" src=\"https:\/\/www.ub.edu\/enxarxats\/wp-content\/uploads\/2018\/09\/palaurobert.jpg\" alt=\"\" width=\"750\" height=\"500\" srcset=\"https:\/\/www.ub.edu\/enxarxats\/wp-content\/uploads\/2018\/09\/palaurobert.jpg 750w, https:\/\/www.ub.edu\/enxarxats\/wp-content\/uploads\/2018\/09\/palaurobert-300x200.jpg 300w\" sizes=\"auto, (max-width: 750px) 100vw, 750px\" \/><p id=\"caption-attachment-6123\" class=\"wp-caption-text\">Palau Robert. Font: web.gencat.cat<\/p><\/div>\n<p style=\"text-align: justify;\">Podreu gaudir de la paraula en catal\u00e0 (escrits, can\u00e7ons, m\u00fasica en directe, etc.) mentre preneu un refrigeri.\u00a0Si us hi animeu, nom\u00e9s cal que ompliu aquest <a href=\"https:\/\/docs.google.com\/forms\/d\/e\/1FAIpQLScWA9XoaFiz5vzLrILp0KKMgd66uBGz4GVBEYAPcWJBwcgBLQ\/formResponse\">formulari.\u00a0<\/a>Sereu benvinguts!<\/p>\n<p>&nbsp;<\/p>\n","protected":false},"excerpt":{"rendered":"<p>El 19 d\u2019octubre se celebra la\u00a0I Festa Fes-te de la Llengua\u00a0als Jardins del Palau Robert de Barcelona, de 20.00 a 00.00, amb la voluntat que la llengua catalana sigui el centre de la celebraci\u00f3 festiva. <a class=\"more-link\" href=\"https:\/\/www.ub.edu\/enxarxats\/i-festa-fes-te-de-la-llengua.html\">Continua llegint \u2192<\/a><\/p>\n","protected":false},"author":1,"featured_media":0,"comment_status":"closed","ping_status":"open","sticky":false,"template":"","format":"standard","meta":{"footnotes":""},"categories":[99],"tags":[8,80],"class_list":["post-6116","post","type-post","status-publish","format-standard","hentry","category-filologia","tag-concert","tag-recital"],"_links":{"self":[{"href":"https:\/\/www.ub.edu\/enxarxats\/wp-json\/wp\/v2\/posts\/6116","targetHints":{"allow":["GET"]}}],"collection":[{"href":"https:\/\/www.ub.edu\/enxarxats\/wp-json\/wp\/v2\/posts"}],"about":[{"href":"https:\/\/www.ub.edu\/enxarxats\/wp-json\/wp\/v2\/types\/post"}],"author":[{"embeddable":true,"href":"https:\/\/www.ub.edu\/enxarxats\/wp-json\/wp\/v2\/users\/1"}],"replies":[{"embeddable":true,"href":"https:\/\/www.ub.edu\/enxarxats\/wp-json\/wp\/v2\/comments?post=6116"}],"version-history":[{"count":10,"href":"https:\/\/www.ub.edu\/enxarxats\/wp-json\/wp\/v2\/posts\/6116\/revisions"}],"predecessor-version":[{"id":6146,"href":"https:\/\/www.ub.edu\/enxarxats\/wp-json\/wp\/v2\/posts\/6116\/revisions\/6146"}],"wp:attachment":[{"href":"https:\/\/www.ub.edu\/enxarxats\/wp-json\/wp\/v2\/media?parent=6116"}],"wp:term":[{"taxonomy":"category","embeddable":true,"href":"https:\/\/www.ub.edu\/enxarxats\/wp-json\/wp\/v2\/categories?post=6116"},{"taxonomy":"post_tag","embeddable":true,"href":"https:\/\/www.ub.edu\/enxarxats\/wp-json\/wp\/v2\/tags?post=6116"}],"curies":[{"name":"wp","href":"https:\/\/api.w.org\/{rel}","templated":true}]}}