{"id":7839,"date":"2023-01-25T17:19:49","date_gmt":"2023-01-25T16:19:49","guid":{"rendered":"https:\/\/www.ub.edu\/enxarxats\/?p=7839"},"modified":"2023-01-26T16:17:45","modified_gmt":"2023-01-26T15:17:45","slug":"premi-jesus-tuson-a-la-diversitat-linguistica-cinquena-edicio","status":"publish","type":"post","link":"https:\/\/www.ub.edu\/enxarxats\/premi-jesus-tuson-a-la-diversitat-linguistica-cinquena-edicio.html","title":{"rendered":"Premi Jes\u00fas Tuson a la diversitat ling\u00fc\u00edstica (cinquena edici\u00f3)"},"content":{"rendered":"<p>Amb l\u2019objectiu de recordar i recon\u00e8ixer la tasca de Jes\u00fas Tuson per donar a con\u00e8ixer i fer respectar la diversitat ling\u00fc\u00edstica del m\u00f3n, el\u00a0<a href=\"https:\/\/gela.cat\/doku.php?id=GELA\">Grup d\u2019Estudi de Lleng\u00fces Amena\u00e7ades<\/a>\u00a0de la Universitat de Barcelona, la\u00a0<a href=\"https:\/\/www.vives.org\/\">Xarxa Vives d\u2019Universitats<\/a>\u00a0i, enguany tamb\u00e9,\u00a0<a href=\"https:\/\/www.omnium.cat\/ca\">\u00d2mnium Cultural<\/a>\u00a0convoquen el\u00a0<a href=\"https:\/\/www.vives.org\/programes\/premis-ajuts\/premi-jesus-tuson\/#1545822422127-c87e0041-0271031d-d562\">Premi Jes\u00fas Tuson<\/a>\u00a0sobre diversitat ling\u00fc\u00edstica. Aquest premi promou la recerca i la transfer\u00e8ncia del coneixement sobre patrimoni ling\u00fc\u00edstic de la humanitat.<\/p>\n<p><img loading=\"lazy\" decoding=\"async\" class=\"alignright wp-image-7840\" src=\"https:\/\/www.ub.edu\/enxarxats\/wp-content\/uploads\/2023\/01\/jesus-tuson-e1674663312365.jpg\" alt=\"\" width=\"347\" height=\"308\" \/><\/p>\n<p>Jes\u00fas Tuson va ser catedr\u00e0tic de ling\u00fc\u00edstica general a la Universitat de Barcelona i la seva obra assag\u00edstica ha estat fonamental a l\u2019hora de \u00a0recon\u00e8ixer el valor de la diversitat ling\u00fc\u00edstica. En els seus estudis, Tuson va aprofundir en temes com el llenguatge com a capacitat humana universal o els prejudicis ling\u00fc\u00edstics.<\/p>\n<p>La convocat\u00f2ria per a la participaci\u00f3 en el Premi Jes\u00fas Tuson ja est\u00e0 oberta. A continuaci\u00f3, en detallem els requisits:<\/p>\n<ul>\n<li>Hi poden participar tant professors com alumnes de les universitats de la Xarxa Vives.<\/li>\n<li>S\u2019hi poden presentar treballs de fi de grau o de m\u00e0ster, tesis doctorals, llibres, articles, cap\u00edtols de llibre, articles en revistes cient\u00edfiques o articles d\u2019alta divulgaci\u00f3 que tinguin com a tema la diversitat ling\u00fc\u00edstica del m\u00f3n.<\/li>\n<li>La llengua del treball \u00e9s lliure, tot i que s\u2019haur\u00e0 de presentar una versi\u00f3 en catal\u00e0 si la llengua \u00e9s una altra.<\/li>\n<li>El treball s\u2019haur\u00e0 d\u2019enviar a trav\u00e9s d\u2019un formulari web.<\/li>\n<li>La data l\u00edmit per participar-hi \u00e9s el 31 de mar\u00e7 de 2023 i el premi \u00e9s de 1.000 euros.<\/li>\n<\/ul>\n<p>Us animem a presentar-vos-hi per col\u00b7laborar en la promoci\u00f3 de la recerca i la transfer\u00e8ncia del coneixement sobre el patrimoni ling\u00fc\u00edstic de la humanitat.<\/p>\n<p>Us deixem l\u2019<a href=\"https:\/\/www.vives.org\/programes\/premis-ajuts\/premi-jesus-tuson\/#1545822422127-c87e0041-0271031d-d562\">enlla\u00e7 al lloc web<\/a>\u00a0del premi per a m\u00e9s informaci\u00f3.<\/p>\n","protected":false},"excerpt":{"rendered":"<p>Amb l\u2019objectiu de recordar i recon\u00e8ixer la tasca de Jes\u00fas Tuson per donar a con\u00e8ixer i fer respectar la diversitat ling\u00fc\u00edstica del m\u00f3n, el\u00a0Grup d\u2019Estudi de Lleng\u00fces Amena\u00e7ades\u00a0de la Universitat de Barcelona, la\u00a0Xarxa Vives d\u2019Universitats\u00a0i, <a class=\"more-link\" href=\"https:\/\/www.ub.edu\/enxarxats\/premi-jesus-tuson-a-la-diversitat-linguistica-cinquena-edicio.html\">Continua llegint \u2192<\/a><\/p>\n","protected":false},"author":1,"featured_media":0,"comment_status":"closed","ping_status":"open","sticky":false,"template":"","format":"standard","meta":{"footnotes":""},"categories":[3,99,204,202],"tags":[],"class_list":["post-7839","post","type-post","status-publish","format-standard","hentry","category-agenda","category-filologia","category-jesus-tuson","category-xarxa-vives-duniversitats"],"_links":{"self":[{"href":"https:\/\/www.ub.edu\/enxarxats\/wp-json\/wp\/v2\/posts\/7839","targetHints":{"allow":["GET"]}}],"collection":[{"href":"https:\/\/www.ub.edu\/enxarxats\/wp-json\/wp\/v2\/posts"}],"about":[{"href":"https:\/\/www.ub.edu\/enxarxats\/wp-json\/wp\/v2\/types\/post"}],"author":[{"embeddable":true,"href":"https:\/\/www.ub.edu\/enxarxats\/wp-json\/wp\/v2\/users\/1"}],"replies":[{"embeddable":true,"href":"https:\/\/www.ub.edu\/enxarxats\/wp-json\/wp\/v2\/comments?post=7839"}],"version-history":[{"count":7,"href":"https:\/\/www.ub.edu\/enxarxats\/wp-json\/wp\/v2\/posts\/7839\/revisions"}],"predecessor-version":[{"id":7852,"href":"https:\/\/www.ub.edu\/enxarxats\/wp-json\/wp\/v2\/posts\/7839\/revisions\/7852"}],"wp:attachment":[{"href":"https:\/\/www.ub.edu\/enxarxats\/wp-json\/wp\/v2\/media?parent=7839"}],"wp:term":[{"taxonomy":"category","embeddable":true,"href":"https:\/\/www.ub.edu\/enxarxats\/wp-json\/wp\/v2\/categories?post=7839"},{"taxonomy":"post_tag","embeddable":true,"href":"https:\/\/www.ub.edu\/enxarxats\/wp-json\/wp\/v2\/tags?post=7839"}],"curies":[{"name":"wp","href":"https:\/\/api.w.org\/{rel}","templated":true}]}}