{"id":8895,"date":"2025-04-25T12:08:32","date_gmt":"2025-04-25T10:08:32","guid":{"rendered":"https:\/\/www.ub.edu\/enxarxats\/?p=8895"},"modified":"2025-05-05T09:36:36","modified_gmt":"2025-05-05T07:36:36","slug":"tast-scrabble-ub","status":"publish","type":"post","link":"https:\/\/www.ub.edu\/enxarxats\/tast-scrabble-ub.html","title":{"rendered":"Us convidem al Tast de Scrabble a Universitat de Barcelona!"},"content":{"rendered":"<p><span data-contrast=\"auto\">En el marc de les activitats de la <strong>Primavera de la la llengua<\/strong>, els Serveis Ling\u00fc\u00edstics i l\u2019Associaci\u00f3 de Jugadors de Scrabble en Catal\u00e0 (AJUSC), amb la col\u00b7laboraci\u00f3 de la Xarxa de Dinamitzaci\u00f3 Ling\u00fc\u00edstica, convoquem el primer <strong>Tast de Scrabble a la UB<\/strong>.<\/span><span data-ccp-props=\"{}\">\u00a0<\/span><\/p>\n<p><span data-contrast=\"auto\">L\u2019Scrabble \u00e9s un joc de taula en qu\u00e8 la llengua \u00e9s protagonista, ja que l\u2019objectiu \u00e9s crear paraules per aconseguir la m\u00e0xima puntuaci\u00f3 possible. Els punts els donen les lletres (unes m\u00e9s que altres) i les caselles del tauler. Per tant, un bon coneixement de llengua \u00e9s important per fer bones tirades, per\u00f2 tamb\u00e9 entra en joc l\u2019enginy, l\u2019estrat\u00e8gia i l\u2019atzar.<\/span><span data-ccp-props=\"{}\">\u00a0<\/span><\/p>\n<p><span data-contrast=\"auto\">Aquest 2025 es commemoren els 25 anys de la mort de T\u00edsner <\/span><span data-contrast=\"none\">\u2014<\/span><span data-contrast=\"auto\">Avel\u00b7l\u00ed Art\u00eds-Gener<\/span><span data-contrast=\"none\">\u2014,<\/span><span data-contrast=\"auto\"> un dels impulsors de l\u2019Scrabble en catal\u00e0. A la Universitat de Barcelona, els Serveis Ling\u00fc\u00edstics i l\u2019AJUSC li volem retre homenatge i, per aix\u00f2, convidem tota la comunitat universit\u00e0ria a tastar el joc ling\u00fc\u00edstic per excel\u00b7l\u00e8ncia.<\/span><span data-ccp-props=\"{&quot;134233117&quot;:false,&quot;134233118&quot;:false,&quot;335559738&quot;:240,&quot;335559739&quot;:240}\"> <img loading=\"lazy\" decoding=\"async\" class=\"size-large wp-image-8896 aligncenter\" src=\"https:\/\/www.ub.edu\/enxarxats\/wp-content\/uploads\/2025\/04\/Tast-de-Scrabble-Definitiu-3-tast-scrabble-frase-apaisat-1024x537.png\" alt=\"Tast de Scrabble\" width=\"678\" height=\"356\" srcset=\"https:\/\/www.ub.edu\/enxarxats\/wp-content\/uploads\/2025\/04\/Tast-de-Scrabble-Definitiu-3-tast-scrabble-frase-apaisat-1024x537.png 1024w, https:\/\/www.ub.edu\/enxarxats\/wp-content\/uploads\/2025\/04\/Tast-de-Scrabble-Definitiu-3-tast-scrabble-frase-apaisat-300x157.png 300w, https:\/\/www.ub.edu\/enxarxats\/wp-content\/uploads\/2025\/04\/Tast-de-Scrabble-Definitiu-3-tast-scrabble-frase-apaisat-768x402.png 768w, https:\/\/www.ub.edu\/enxarxats\/wp-content\/uploads\/2025\/04\/Tast-de-Scrabble-Definitiu-3-tast-scrabble-frase-apaisat.png 1080w\" sizes=\"auto, (max-width: 678px) 100vw, 678px\" \/><\/span><\/p>\n<p><strong>Qu\u00e8 vol dir un <i>tast<\/i>?<\/strong><\/p>\n<p><span data-contrast=\"auto\">A l\u2019Scrabble s\u2019hi pot jugar en diferents modalitats i en m\u00e9s de trenta lleng\u00fces, per\u00f2 al Tast de Scrabble de la UB us proposem una partida preparada i, per descomptat, en catal\u00e0. Aix\u00f2 vol dir que les lletres amb les quals haureu de crear un mot no les decidir\u00e0 l\u2019atzar, sin\u00f3 que els organitzadors haurem preparat una partida i, a cada tirada, tothom alhora ha d\u2019intentar aconseguir el m\u00e0xim nombre de punts amb les mateixes peces. \u00c9s el format ideal per a aquells que s\u2019inicien en el joc. A m\u00e9s, permet jugar-hi una estona sense haver-se de quedar necess\u00e0riament fins al final de la partida. En altres paraules, es tracta de provar-ho a peu dret, de fer-ne un <\/span><i><span data-contrast=\"auto\">tastet<\/span><\/i><span data-contrast=\"auto\">.<\/span> <span data-ccp-props=\"{}\">\u00a0<\/span><\/p>\n<p><span data-contrast=\"auto\">L&#8217;aperitiu, per\u00f2, tamb\u00e9 \u00e9s literal: l\u2019activitat es far\u00e0 a l\u2019hora del vermut i entre paraula i paraula us convidarem a rosegar alguna cosa. I aix\u00f2 no \u00e9s tot: la partida tractar\u00e0 precisament del l\u00e8xic del vermut. Ara s\u00ed, doncs, un <\/span><i><span data-contrast=\"auto\">tast <\/span><\/i><span data-contrast=\"auto\">en tota regla!\u00a0<\/span><span data-ccp-props=\"{&quot;134233117&quot;:false,&quot;134233118&quot;:false,&quot;201341983&quot;:0,&quot;335551550&quot;:1,&quot;335551620&quot;:1,&quot;335559685&quot;:0,&quot;335559737&quot;:0,&quot;335559738&quot;:0,&quot;335559739&quot;:160,&quot;335559740&quot;:279}\">\u00a0<\/span><\/p>\n<p><strong>Qui hi est\u00e0 convidat?\u00a0<\/strong><\/p>\n<p><span data-contrast=\"auto\">Tothom! Si estudieu o treballeu a la UB, l\u2019activitat \u00e9s per a vosaltres! No cal que us hi apunteu abans i teniu tres convocat\u00f2ries diferents per venir a jugar:<\/span><span data-ccp-props=\"{&quot;134233117&quot;:false,&quot;134233118&quot;:false,&quot;201341983&quot;:0,&quot;335551550&quot;:1,&quot;335551620&quot;:1,&quot;335559685&quot;:0,&quot;335559737&quot;:0,&quot;335559738&quot;:0,&quot;335559739&quot;:160,&quot;335559740&quot;:279}\">\u00a0<\/span><\/p>\n<ul>\n<li><span data-contrast=\"auto\">El 7 de maig, al <strong>Campus Mundet<\/strong>, amb la col\u00b7laboraci\u00f3 de la Comissi\u00f3 de Dinamitzaci\u00f3 Ling\u00fc\u00edstica de Psicologia i la d\u2019Educaci\u00f3. A les 12:30 serem a la cafeteria del Campus.<\/span><span data-ccp-props=\"{&quot;134233117&quot;:false,&quot;134233118&quot;:false,&quot;201341983&quot;:0,&quot;335551550&quot;:1,&quot;335551620&quot;:1,&quot;335559737&quot;:0,&quot;335559738&quot;:0,&quot;335559739&quot;:160,&quot;335559740&quot;:279}\">\u00a0<\/span><\/li>\n<li><span data-contrast=\"auto\">El 8 de maig, a la <strong>Facultat d\u2019Economia i Empresa<\/strong>, amb la col\u00b7laboraci\u00f3 de la Comissi\u00f3 de Dinamitzaci\u00f3 Ling\u00fc\u00edstica d\u2019Economia i Empresa. A les 13:30 s<\/span><span data-contrast=\"auto\">erem al carrer d&#8217;Alfambra, entre els dos edificis de la Facultat.<\/span><span data-ccp-props=\"{&quot;134233117&quot;:false,&quot;134233118&quot;:false,&quot;201341983&quot;:0,&quot;335551550&quot;:1,&quot;335551620&quot;:1,&quot;335559737&quot;:0,&quot;335559738&quot;:0,&quot;335559739&quot;:160,&quot;335559740&quot;:279}\">\u00a0<\/span><\/li>\n<li><span data-contrast=\"auto\">El 14 de maig, a l\u2019<strong>Edifici Hist\u00f2ric<\/strong>, amb la col\u00b7laboraci\u00f3 de la Comissi\u00f3 de Dinamitzaci\u00f3 Ling\u00fc\u00edstica de Matem\u00e0tiques i Inform\u00e0tica. A les 12:00 serem al Pati de Ci\u00e8ncies.<\/span><span data-ccp-props=\"{&quot;134233117&quot;:false,&quot;134233118&quot;:false,&quot;201341983&quot;:0,&quot;335551550&quot;:1,&quot;335551620&quot;:1,&quot;335559737&quot;:0,&quot;335559738&quot;:0,&quot;335559739&quot;:160,&quot;335559740&quot;:279}\"><br \/>\n<\/span><\/li>\n<\/ul>\n<p><strong>Cal portar res?<\/strong><span data-ccp-props=\"{&quot;134233117&quot;:false,&quot;134233118&quot;:false,&quot;201341983&quot;:0,&quot;335551550&quot;:1,&quot;335551620&quot;:1,&quot;335559737&quot;:0,&quot;335559738&quot;:0,&quot;335559739&quot;:160,&quot;335559740&quot;:279}\">\u00a0<\/span><\/p>\n<p><span data-contrast=\"auto\">Ni parlar-ne, no \u00e9s una convocat\u00f2ria de pa i porta. Nom\u00e9s cal que vingueu amb ganes de jugar amb la llengua i de passar-vos-ho b\u00e9. I no cal saber-ne abans ni preparar-se de cap manera! Nosaltres us explicarem com s\u2019hi juga i, si cal, us donarem pistes.<\/span><span data-ccp-props=\"{&quot;134233117&quot;:false,&quot;134233118&quot;:false,&quot;201341983&quot;:0,&quot;335551550&quot;:1,&quot;335551620&quot;:1,&quot;335559737&quot;:0,&quot;335559738&quot;:0,&quot;335559739&quot;:160,&quot;335559740&quot;:279}\">\u00a0<\/span><\/p>\n<p><span data-contrast=\"auto\">Pel que fa al vermut, al literal, us convidarem a picar alguna cosa mentre us trenqueu les banyes per trobar la paraula que us far\u00e0 guanyar m\u00e9s punts.<\/span><\/p>\n<p><span data-contrast=\"auto\"><img loading=\"lazy\" decoding=\"async\" class=\"size-large wp-image-8897 aligncenter\" src=\"https:\/\/www.ub.edu\/enxarxats\/wp-content\/uploads\/2025\/04\/Tast-de-Scrabble-Definitiu-2-tast-scrabble-dates-apaisat-1024x537.png\" alt=\"Tast de Scrabble-dates\" width=\"678\" height=\"356\" srcset=\"https:\/\/www.ub.edu\/enxarxats\/wp-content\/uploads\/2025\/04\/Tast-de-Scrabble-Definitiu-2-tast-scrabble-dates-apaisat-1024x537.png 1024w, https:\/\/www.ub.edu\/enxarxats\/wp-content\/uploads\/2025\/04\/Tast-de-Scrabble-Definitiu-2-tast-scrabble-dates-apaisat-300x157.png 300w, https:\/\/www.ub.edu\/enxarxats\/wp-content\/uploads\/2025\/04\/Tast-de-Scrabble-Definitiu-2-tast-scrabble-dates-apaisat-768x402.png 768w, https:\/\/www.ub.edu\/enxarxats\/wp-content\/uploads\/2025\/04\/Tast-de-Scrabble-Definitiu-2-tast-scrabble-dates-apaisat.png 1080w\" sizes=\"auto, (max-width: 678px) 100vw, 678px\" \/>\u00a0<\/span><span data-ccp-props=\"{&quot;134233117&quot;:false,&quot;134233118&quot;:false,&quot;201341983&quot;:0,&quot;335551550&quot;:1,&quot;335551620&quot;:1,&quot;335559737&quot;:0,&quot;335559738&quot;:0,&quot;335559739&quot;:160,&quot;335559740&quot;:279}\">\u00a0<\/span><\/p>\n","protected":false},"excerpt":{"rendered":"<p>En el marc de les activitats de la Primavera de la la llengua, els Serveis Ling\u00fc\u00edstics i l\u2019Associaci\u00f3 de Jugadors de Scrabble en Catal\u00e0 (AJUSC), amb la col\u00b7laboraci\u00f3 de la Xarxa de Dinamitzaci\u00f3 Ling\u00fc\u00edstica, convoquem <a class=\"more-link\" href=\"https:\/\/www.ub.edu\/enxarxats\/tast-scrabble-ub.html\">Continua llegint \u2192<\/a><\/p>\n","protected":false},"author":1,"featured_media":8898,"comment_status":"closed","ping_status":"open","sticky":false,"template":"","format":"standard","meta":{"footnotes":""},"categories":[3,87,117,1,157,229,116],"tags":[],"class_list":["post-8895","post","type-post","status-publish","format-standard","has-post-thumbnail","hentry","category-agenda","category-economia-i-empresa","category-educacio","category-facultats","category-matematiques-i-informatica","category-primavera-2025","category-psicologia"],"_links":{"self":[{"href":"https:\/\/www.ub.edu\/enxarxats\/wp-json\/wp\/v2\/posts\/8895","targetHints":{"allow":["GET"]}}],"collection":[{"href":"https:\/\/www.ub.edu\/enxarxats\/wp-json\/wp\/v2\/posts"}],"about":[{"href":"https:\/\/www.ub.edu\/enxarxats\/wp-json\/wp\/v2\/types\/post"}],"author":[{"embeddable":true,"href":"https:\/\/www.ub.edu\/enxarxats\/wp-json\/wp\/v2\/users\/1"}],"replies":[{"embeddable":true,"href":"https:\/\/www.ub.edu\/enxarxats\/wp-json\/wp\/v2\/comments?post=8895"}],"version-history":[{"count":5,"href":"https:\/\/www.ub.edu\/enxarxats\/wp-json\/wp\/v2\/posts\/8895\/revisions"}],"predecessor-version":[{"id":8958,"href":"https:\/\/www.ub.edu\/enxarxats\/wp-json\/wp\/v2\/posts\/8895\/revisions\/8958"}],"wp:featuredmedia":[{"embeddable":true,"href":"https:\/\/www.ub.edu\/enxarxats\/wp-json\/wp\/v2\/media\/8898"}],"wp:attachment":[{"href":"https:\/\/www.ub.edu\/enxarxats\/wp-json\/wp\/v2\/media?parent=8895"}],"wp:term":[{"taxonomy":"category","embeddable":true,"href":"https:\/\/www.ub.edu\/enxarxats\/wp-json\/wp\/v2\/categories?post=8895"},{"taxonomy":"post_tag","embeddable":true,"href":"https:\/\/www.ub.edu\/enxarxats\/wp-json\/wp\/v2\/tags?post=8895"}],"curies":[{"name":"wp","href":"https:\/\/api.w.org\/{rel}","templated":true}]}}