{"id":4214,"date":"2023-11-06T10:34:43","date_gmt":"2023-11-06T09:34:43","guid":{"rendered":"https:\/\/www.ub.edu\/ger\/?p=4214"},"modified":"2024-04-12T10:52:06","modified_gmt":"2024-04-12T09:52:06","slug":"interview-doris-buu-sao","status":"publish","type":"post","link":"https:\/\/www.ub.edu\/ger\/en\/interview-doris-buu-sao\/","title":{"rendered":"Interview with Doris Buu-Sao"},"content":{"rendered":"<p>[et_pb_section fb_built=&#8221;1&#8243; admin_label=&#8221;section&#8221; _builder_version=&#8221;4.16&#8243; global_colors_info=&#8221;{}&#8221;][et_pb_row admin_label=&#8221;row&#8221; _builder_version=&#8221;4.16&#8243; background_size=&#8221;initial&#8221; background_position=&#8221;top_left&#8221; background_repeat=&#8221;repeat&#8221; global_colors_info=&#8221;{}&#8221;][et_pb_column type=&#8221;4_4&#8243; _builder_version=&#8221;4.16&#8243; custom_padding=&#8221;|||&#8221; global_colors_info=&#8221;{}&#8221; custom_padding__hover=&#8221;|||&#8221;][et_pb_text admin_label=&#8221;Interview with Doris Buu-Sao&#8221; _builder_version=&#8221;4.24.3&#8243; text_font=&#8221;Actor||||||||&#8221; text_letter_spacing=&#8221;1px&#8221; text_line_height=&#8221;2.5em&#8221; header_font=&#8221;Actor||||||||&#8221; header_text_align=&#8221;justify&#8221; header_2_font=&#8221;Actor||||||||&#8221; background_size=&#8221;initial&#8221; background_position=&#8221;top_left&#8221; background_repeat=&#8221;repeat&#8221; text_orientation=&#8221;justified&#8221; custom_padding=&#8221;1px||||false|false&#8221; link_option_url_new_window=&#8221;on&#8221; hover_enabled=&#8221;0&#8243; global_colors_info=&#8221;{}&#8221; text_text_color__hover_enabled=&#8221;off|desktop&#8221; text_text_color__hover=&#8221;#E09900&#8243; sticky_enabled=&#8221;0&#8243;]<\/p>\n<h2>Interview with Doris Buu-Sao<\/h2>\n<p>The French magazine <strong>Mediapart<\/strong> conducted an interview with GER member researcher <span style=\"color: #fa7302;\"><a style=\"color: #fa7302;\" href=\"https:\/\/www.ub.edu\/ger\/en\/members\/\"><strong>Doris Buu-Sao<\/strong><\/a><\/span>, professor at the University of Lille, about her most recent book.<\/p>\n<p>With <span style=\"color: #fa7302;\"><a style=\"color: #fa7302;\" href=\"https:\/\/www.ub.edu\/ger\/en\/publications\/books\/\"><strong><em>Le capitalisme au village. P\u00e9trole, \u00c9tat et luttes environnementales en Amazonie<\/em><\/strong><\/a><\/span> (&#8220;Capitalism in the village: oil, state and environmental struggles in the Amazon&#8221;), published by CNRS \u00c9ditions, researcher Doris Buu-Sao, professor in Lille, offers a detailed ethnography of the &#8220;extractivist meeting&#8221; in a remote region of Peru. She examines the various ways in which predatory and polluting industries can connect with the indigenous communities on whose lands they operate.<\/p>\n<p><span style=\"color: #fa7302;\"><a style=\"color: #fa7302;\" href=\"https:\/\/www.mediapart.fr\/journal\/culture-et-idees\/051123\/capitalisme-fossile-un-nouveau-regard-sur-les-luttes-des-peuples-autochtones?utm_source=article_offert&amp;utm_medium=email&amp;utm_campaign=TRANSAC&amp;utm_content=&amp;utm_term=&amp;xtor=EPR-1013-%5Barticle-offert%5D%20%20&amp;M_BT=8929590825366\"><strong>Interview.<\/strong><\/a><\/span><\/p>\n<p>&nbsp;<\/p>\n<p>&nbsp;<\/p>\n<p>[\/et_pb_text][\/et_pb_column][\/et_pb_row][\/et_pb_section]<\/p>\n","protected":false},"excerpt":{"rendered":"<p>[et_pb_section fb_built=&#8221;1&#8243; admin_label=&#8221;section&#8221; _builder_version=&#8221;4.16&#8243; global_colors_info=&#8221;{}&#8221;][et_pb_row admin_label=&#8221;row&#8221; _builder_version=&#8221;4.16&#8243; background_size=&#8221;initial&#8221; background_position=&#8221;top_left&#8221; background_repeat=&#8221;repeat&#8221; global_colors_info=&#8221;{}&#8221;][et_pb_column type=&#8221;4_4&#8243; _builder_version=&#8221;4.16&#8243; custom_padding=&#8221;|||&#8221; global_colors_info=&#8221;{}&#8221; custom_padding__hover=&#8221;|||&#8221;][et_pb_text admin_label=&#8221;Interview with Doris Buu-Sao&#8221; _builder_version=&#8221;4.24.3&#8243; text_font=&#8221;Actor||||||||&#8221; text_letter_spacing=&#8221;1px&#8221; text_line_height=&#8221;2.5em&#8221; header_font=&#8221;Actor||||||||&#8221; header_text_align=&#8221;justify&#8221; header_2_font=&#8221;Actor||||||||&#8221; background_size=&#8221;initial&#8221; background_position=&#8221;top_left&#8221; background_repeat=&#8221;repeat&#8221; text_orientation=&#8221;justified&#8221; custom_padding=&#8221;1px||||false|false&#8221; link_option_url_new_window=&#8221;on&#8221; hover_enabled=&#8221;0&#8243; global_colors_info=&#8221;{}&#8221; text_text_color__hover_enabled=&#8221;off|desktop&#8221; text_text_color__hover=&#8221;#E09900&#8243; sticky_enabled=&#8221;0&#8243;] Interview with Doris Buu-Sao The French magazine Mediapart conducted an interview with GER member researcher Doris Buu-Sao, [&hellip;]<\/p>\n","protected":false},"author":1,"featured_media":4222,"comment_status":"closed","ping_status":"closed","sticky":false,"template":"","format":"standard","meta":{"_et_pb_use_builder":"off","_et_pb_old_content":"<p>[et_pb_section fb_built=\"1\" admin_label=\"section\" _builder_version=\"4.16\" global_colors_info=\"{}\"][et_pb_row admin_label=\"row\" _builder_version=\"4.16\" background_size=\"initial\" background_position=\"top_left\" background_repeat=\"repeat\" global_colors_info=\"{}\"][et_pb_column type=\"4_4\" _builder_version=\"4.16\" custom_padding=\"|||\" global_colors_info=\"{}\" custom_padding__hover=\"|||\"][et_pb_text admin_label=\"Raquel Alqu\u00e9zar recibe el II Premi ICA\" _builder_version=\"4.24.3\" text_font=\"Actor||||||||\" text_letter_spacing=\"1px\" text_line_height=\"2.5em\" header_font=\"Actor||||||||\" header_text_align=\"justify\" header_2_font=\"Actor||||||||\" background_size=\"initial\" background_position=\"top_left\" background_repeat=\"repeat\" text_orientation=\"justified\" custom_padding=\"1px||||false|false\" link_option_url_new_window=\"on\" hover_enabled=\"0\" global_colors_info=\"{}\" text_text_color__hover_enabled=\"off|desktop\" text_text_color__hover=\"#E09900\" sticky_enabled=\"0\"]<\/p><pre>Raquel Alqu\u00e9zar recibe II Premi ICA\r\n<\/pre><h2>Des del GER felicitamos a Raquel Alqu\u00e9zar, una de las miembros principales del Grup d'Estudis sobre Reciprocitat.<\/h2><p>\u00a0<\/p><p>El pasado diciembre de 2023 recibi\u00f3 el II Premio de investigaci\u00f3n ICA (Edici\u00f3n 2023) al trabajo <strong>\u201cL'economia Social i Solid\u00e0ria i les Finances \u00c8tiques: Entre el Valor Social i el Valor de Mercat\u201d<\/strong> de <span style=\"color: #fa7202;\"><strong><a style=\"color: #fa7202;\" href=\"https:\/\/www.ub.edu\/ger\/es\/miembros\/\">Raquel Alqu\u00e9zar Crusellas<\/a>.<\/strong><\/span><\/p><p>Est\u00e1 ahora en preparaci\u00f3n el proceso de edici\u00f3n del libro a ser publicado.<\/p><p>El Jurado integrado por <strong>Josefina Roma Riu<\/strong>, Profesora em\u00e9rita del Departamento de Antropolog\u00eda de la Universidad de Barcelona, <strong>Josep M. Comelles<\/strong>, Catedr\u00e1tico em\u00e9rito de Antropolog\u00eda Social de la Universidad Rovira i Virgili y <strong>Joan Llu\u00eds Alegret<\/strong>, Profesor em\u00e9rito de la Universidad de Girona escribi\u00f3 unas pocas palabras que compartimos aqu\u00ed:<\/p><p>\u201cLa problem\u00e1tica descrita desde una perspectiva etnogr\u00e1fica hace referencia a nuevas formas de actividad econ\u00f3mica que pueden considerarse alternativas a la econom\u00eda cl\u00e1sica basada en sociedades de capital. La evaluaci\u00f3n de estas experiencias a partir de la observaci\u00f3n participante no s\u00f3lo contribuye a su conocimiento, sino que abre las puertas a procedimientos de evaluaci\u00f3n poco representados en las empresas actuales. El trabajo demuestra un buen conocimiento te\u00f3rico con una destacada capacidad narrativa.\u201d<\/p><p>Se puede ver el anuncio de la resoluci\u00f3n en <a href=\"https:\/\/www.antropologia.cat\/2023\/12\/29\/publicada-la-resolucio-del-premi-de-recerca-ica-mirades-des-de-lantropologia-2a-edicio-2023\/\" target=\"_blank\" rel=\"noopener\"><span style=\"color: #fa7202;\"><strong>este enlace de l'Institut Catal\u00e0 d'Antropologia<\/strong><\/span><\/a><span style=\"color: #fa7202;\"><strong>.\u200b<\/strong><\/span><\/p><p>\u00a0<\/p><p>\u00a0<\/p><p>[\/et_pb_text][\/et_pb_column][\/et_pb_row][\/et_pb_section]<\/p>","_et_gb_content_width":"","footnotes":""},"categories":[35],"tags":[],"class_list":["post-4214","post","type-post","status-publish","format-standard","has-post-thumbnail","hentry","category-events"],"_links":{"self":[{"href":"https:\/\/www.ub.edu\/ger\/en\/wp-json\/wp\/v2\/posts\/4214","targetHints":{"allow":["GET"]}}],"collection":[{"href":"https:\/\/www.ub.edu\/ger\/en\/wp-json\/wp\/v2\/posts"}],"about":[{"href":"https:\/\/www.ub.edu\/ger\/en\/wp-json\/wp\/v2\/types\/post"}],"author":[{"embeddable":true,"href":"https:\/\/www.ub.edu\/ger\/en\/wp-json\/wp\/v2\/users\/1"}],"replies":[{"embeddable":true,"href":"https:\/\/www.ub.edu\/ger\/en\/wp-json\/wp\/v2\/comments?post=4214"}],"version-history":[{"count":3,"href":"https:\/\/www.ub.edu\/ger\/en\/wp-json\/wp\/v2\/posts\/4214\/revisions"}],"predecessor-version":[{"id":4233,"href":"https:\/\/www.ub.edu\/ger\/en\/wp-json\/wp\/v2\/posts\/4214\/revisions\/4233"}],"wp:featuredmedia":[{"embeddable":true,"href":"https:\/\/www.ub.edu\/ger\/en\/wp-json\/wp\/v2\/media\/4222"}],"wp:attachment":[{"href":"https:\/\/www.ub.edu\/ger\/en\/wp-json\/wp\/v2\/media?parent=4214"}],"wp:term":[{"taxonomy":"category","embeddable":true,"href":"https:\/\/www.ub.edu\/ger\/en\/wp-json\/wp\/v2\/categories?post=4214"},{"taxonomy":"post_tag","embeddable":true,"href":"https:\/\/www.ub.edu\/ger\/en\/wp-json\/wp\/v2\/tags?post=4214"}],"curies":[{"name":"wp","href":"https:\/\/api.w.org\/{rel}","templated":true}]}}