{"id":3551,"date":"2024-02-26T12:18:31","date_gmt":"2024-02-26T11:18:31","guid":{"rendered":"https:\/\/www.ub.edu\/ger\/?p=3551"},"modified":"2024-02-26T12:23:43","modified_gmt":"2024-02-26T11:23:43","slug":"cartografia-sonora-ecos-de-donana","status":"publish","type":"post","link":"https:\/\/www.ub.edu\/ger\/es\/cartografia-sonora-ecos-de-donana\/","title":{"rendered":"Mapa sonoro interactivo: Ecos de Do\u00f1ana"},"content":{"rendered":"<p>El mapa sonoro interactivo <span style=\"color: #ff6600;\"><a style=\"color: #ff6600;\" href=\"https:\/\/originsofscarcity.com\/\" target=\"_blank\" rel=\"noopener\">\u201cEcos de Do\u00f1ana: cartograf\u00eda sonora de un conflicto socioecol\u00f3gico\u201d<\/a> <\/span>fue realizado como fruto del proyecto de investigaci\u00f3n \u201cOrigins of Scarcity\u201d por Natalia Buier, post doctoranda Marie Curie (2021-2023) del GER y miembro del proyecto (2021-2024) \u201cAlimentos valiosos, trabajadores esenciales, personas vulnerables y respuestas sociales ante la crisis: sistemas de aprovisionamiento alimentario en la pandemia de covid-19\u201d (FOOD-Pan), Ministerio de Ciencia e Innovaci\u00f3n, PID2020-114317GB-I00.<\/p>\n<p><span style=\"color: #ff6600;\"><a style=\"color: #ff6600;\" href=\"https:\/\/originsofscarcity.com\/\" target=\"_blank\" rel=\"noopener\">\u201cEcos de Do\u00f1ana\u201d<\/a><\/span> es un subproyecto de ORIGINSOFSCARCITY y consiste en una cartograf\u00eda multimedia interactiva que explora el paisaje sonoro del sistema socioecol\u00f3gico de Do\u00f1ana. El mapa combina elementos visuales y ac\u00fasticos con el objetivo de ofrecer una representaci\u00f3n hol\u00edstica de la regi\u00f3n de Do\u00f1ana. Considerar Do\u00f1ana como un espacio sonoro tiene una funci\u00f3n heur\u00edstica; El objetivo final no es describir el entorno ac\u00fastico sino resistir representaciones unilaterales m\u00e1s amplias del espacio mediante el recurso al sonido. El sonido proporciona un modo de identificar procesos y actores m\u00e1s all\u00e1 de las representaciones hegem\u00f3nicas.<\/p>\n<p><a href=\"https:\/\/originsofscarcity.com\/\">https:\/\/originsofscarcity.com\/<\/a><\/p>\n<p>Idea original: Natalia Buier &amp; Lucas Barrero.<\/p>\n<p>Ilustraci\u00f3n del mapa: Luc\u00eda Vald\u00e9s Arbol\u00ed.<\/p>\n<p>Audio: Lucas Barrero, La Mar de Onuba, Pepa Su\u00e1rez.<\/p>\n<p>Fotograf\u00edas: Lucas Barrero, Pepa Su\u00e1rez.<\/p>\n<p>Programaci\u00f3n del mapa: Diego Horrillo.<\/p>\n<p>&nbsp;<\/p>\n<p>&nbsp;<\/p>\n<p>&nbsp;<\/p>\n<p>\u201cEcos de Do\u00f1ana: cartograf\u00eda sonora de un conflicto socioecol\u00f3gico\u201d ha sido posible gracias a la financiaci\u00f3n recibida a trav\u00e9s del proyecto individual Marie Sklodowska-Curie \u201cOrigins of Scarcity: Labour and the Metabolism of Groundwater in the Do\u00f1ana Socio-Ecological Region\u201d (proyecto n\u00ba 890611, convocatoria H2020-MSCA-IF-2019).<\/p>\n","protected":false},"excerpt":{"rendered":"<p>El mapa sonoro interactivo \u201cEcos de Do\u00f1ana: cartograf\u00eda sonora de un conflicto socioecol\u00f3gico\u201d fue realizado como fruto del proyecto de investigaci\u00f3n \u201cOrigins of Scarcity\u201d por Natalia Buier, post doctoranda Marie Curie del GER y miembro&#8230;<\/p>\n","protected":false},"author":1,"featured_media":3554,"comment_status":"closed","ping_status":"open","sticky":false,"template":"","format":"standard","meta":{"_et_pb_use_builder":"","_et_pb_old_content":"","_et_gb_content_width":"","footnotes":""},"categories":[34],"tags":[],"class_list":["post-3551","post","type-post","status-publish","format-standard","has-post-thumbnail","hentry","category-eventos-2"],"_links":{"self":[{"href":"https:\/\/www.ub.edu\/ger\/es\/wp-json\/wp\/v2\/posts\/3551","targetHints":{"allow":["GET"]}}],"collection":[{"href":"https:\/\/www.ub.edu\/ger\/es\/wp-json\/wp\/v2\/posts"}],"about":[{"href":"https:\/\/www.ub.edu\/ger\/es\/wp-json\/wp\/v2\/types\/post"}],"author":[{"embeddable":true,"href":"https:\/\/www.ub.edu\/ger\/es\/wp-json\/wp\/v2\/users\/1"}],"replies":[{"embeddable":true,"href":"https:\/\/www.ub.edu\/ger\/es\/wp-json\/wp\/v2\/comments?post=3551"}],"version-history":[{"count":1,"href":"https:\/\/www.ub.edu\/ger\/es\/wp-json\/wp\/v2\/posts\/3551\/revisions"}],"predecessor-version":[{"id":3557,"href":"https:\/\/www.ub.edu\/ger\/es\/wp-json\/wp\/v2\/posts\/3551\/revisions\/3557"}],"wp:featuredmedia":[{"embeddable":true,"href":"https:\/\/www.ub.edu\/ger\/es\/wp-json\/wp\/v2\/media\/3554"}],"wp:attachment":[{"href":"https:\/\/www.ub.edu\/ger\/es\/wp-json\/wp\/v2\/media?parent=3551"}],"wp:term":[{"taxonomy":"category","embeddable":true,"href":"https:\/\/www.ub.edu\/ger\/es\/wp-json\/wp\/v2\/categories?post=3551"},{"taxonomy":"post_tag","embeddable":true,"href":"https:\/\/www.ub.edu\/ger\/es\/wp-json\/wp\/v2\/tags?post=3551"}],"curies":[{"name":"wp","href":"https:\/\/api.w.org\/{rel}","templated":true}]}}